{"id":1419,"date":"2019-11-26T18:45:34","date_gmt":"2019-11-26T17:45:34","guid":{"rendered":"https:\/\/www.groupestarservice.com\/blog\/\/?p=1419"},"modified":"2022-08-18T16:04:00","modified_gmt":"2022-08-18T14:04:00","slug":"solutrans-et-transports-logistics-meetings-le-bilan-de-ces-2-evenements","status":"publish","type":"post","link":"https:\/\/www.groupestarservice.com\/blog\/solutrans-et-transports-logistics-meetings-le-bilan-de-ces-2-evenements\/","title":{"rendered":"Solutrans et Transports Logistics Meetings : le bilan !"},"content":{"rendered":"\n<p>Le mois de novembre est riche en \u00e9v\u00e9nements autour du <strong><a href=\"https:\/\/www.groupestarservice.com\/\">dernier kilom\u00e8tre<\/a><\/strong>. A Lyon, le salon <strong>Solutrans<\/strong> (19 au 23 novembre) pr\u00e9sentait les <strong>derni\u00e8res innovations de v\u00e9hicules de livraison<\/strong>. Au m\u00eame moment, \u00e0 Cannes, Transports et Logistics Meetings r\u00e9unissait les principales solutions de services et cr\u00e9ait l\u2019\u00e9v\u00e9nement sur la Croisette. <\/p>\n\n\n\n<blockquote class=\"wp-block-quote is-layout-flow wp-block-quote-is-layout-flow\"><p><strong>Livrer plus propre devient une n\u00e9cessit\u00e9 dans les grandes villes, mais aussi sur les territoires urbains de taille interm\u00e9diaire.&nbsp;<\/strong><\/p><\/blockquote>\n\n\n\n<p>Solutrans est un rendez-vous incontournable pr\u00e9sentant les derni\u00e8res innovations en termes de <strong>v\u00e9hicules de livraison<\/strong> et d\u2019<strong>\u00e9nergies<\/strong>. <\/p>\n\n\n\n<p>La soci\u00e9t\u00e9 <strong>Ze Combi<\/strong>, constructeur bas\u00e9 pr\u00e8s de Toulouse, y pr\u00e9sentait un mod\u00e8le de v\u00e9hicule \u00e9lectrique de livraison dans lequel un conteneur amovible vient se loger. Le principe est de pr\u00e9parer des tourn\u00e9es en amont dans des petits conteneurs et d\u2019optimiser alors l\u2019utilisation du v\u00e9hicule.&nbsp; Deux v\u00e9hicules Ze Combi vont \u00eatre prochainement test\u00e9s \u00e0 Grenoble. <\/p>\n\n\n<div class=\"wp-block-image\">\n<figure class=\"aligncenter is-resized\"><img decoding=\"async\" src=\"https:\/\/www.groupestarservice.com\/blog\/\/wp-content\/uploads\/2019\/11\/Solutrans-1024x576.jpg\" alt=\"Solutrans\" class=\"wp-image-1433\" width=\"450\" height=\"253\" srcset=\"https:\/\/www.groupestarservice.com\/blog\/wp-content\/uploads\/2019\/11\/Solutrans-1024x576.jpg 1024w, https:\/\/www.groupestarservice.com\/blog\/wp-content\/uploads\/2019\/11\/Solutrans-300x169.jpg 300w, https:\/\/www.groupestarservice.com\/blog\/wp-content\/uploads\/2019\/11\/Solutrans-768x432.jpg 768w, https:\/\/www.groupestarservice.com\/blog\/wp-content\/uploads\/2019\/11\/Solutrans.jpg 1280w\" sizes=\"(max-width: 450px) 100vw, 450px\" \/><\/figure>\n<\/div>\n\n\n<p>Avec un mod\u00e8le \u00e9galement fond\u00e9 sur la <strong>multimodalit\u00e9<\/strong>, <strong>Cityprogress<\/strong> pr\u00e9sentait une solution originale de <strong>v\u00e9hicule \u00e9lectrique de livraison<\/strong> qui s\u2019accroche \u00e0 l\u2019arri\u00e8re d\u2019un poids-lourd. Le poids-lourd joue alors un r\u00f4le d\u2019entrep\u00f4t local positionn\u00e9 pr\u00e8s de la zone de livraison et le petit v\u00e9hicule peut effectuer des rotations pour le dernier kilom\u00e8tre. Cette solution \u00e9vite de devoir \u00e0 utiliser un espace logistique de proximit\u00e9.<\/p>\n\n\n\n<p>Le constructeur <strong>Goupil<\/strong> pr\u00e9sentait son tout nouveau mod\u00e8le G6 \u00e9lectrique, qui aura une capacit\u00e9 de 9m3 et une charge utile de 1,2t. Ce sera le plus gros v\u00e9hicule de la gamme, avec des configurations polyvalentes pour la gestion urbaine, le BTP ou la livraison.<\/p>\n\n\n\n<p>Parmi les innovations pr\u00e9sent\u00e9es \u00e0 Solutrans, nous avons\nrelev\u00e9 les nouveaux mod\u00e8les de groupes frigorifiques 100% \u00e9lectriques de\nCarrier et Thermoking, adapt\u00e9s \u00e0 des VUL, y compris des petits VUL de 3 m3\nseulement.<\/p>\n\n\n<div class=\"wp-block-image\">\n<figure class=\"aligncenter is-resized\"><img decoding=\"async\" src=\"https:\/\/www.groupestarservice.com\/blog\/\/wp-content\/uploads\/2019\/11\/Solutrans-2-1024x576.jpg\" alt=\"Solutrans\" class=\"wp-image-1432\" width=\"590\" height=\"331\" srcset=\"https:\/\/www.groupestarservice.com\/blog\/wp-content\/uploads\/2019\/11\/Solutrans-2-1024x576.jpg 1024w, https:\/\/www.groupestarservice.com\/blog\/wp-content\/uploads\/2019\/11\/Solutrans-2-300x169.jpg 300w, https:\/\/www.groupestarservice.com\/blog\/wp-content\/uploads\/2019\/11\/Solutrans-2-768x432.jpg 768w, https:\/\/www.groupestarservice.com\/blog\/wp-content\/uploads\/2019\/11\/Solutrans-2.jpg 1280w\" sizes=\"(max-width: 590px) 100vw, 590px\" \/><\/figure>\n<\/div>\n\n\n<p>Solutrans \u00e9tait l\u2019occasion de nombreux d\u00e9bats autour de l\u2019<strong>\u00e9nergie<\/strong> et de la <strong>logistique urbaine<\/strong>. <\/p>\n\n\n\n<p>Une conf\u00e9rence sur les alternatives au diesel a r\u00e9uni RVI, MAN et Iveco. RVI a d\u00e9voil\u00e9 la construction prochaine de porteurs \u00e9lectriques 16t et 26t. Le constructeur MAN a pris une certaine avance en livrant d\u00e8s maintenant son premier porteur 19t \u00e9lectrique, qui sera utilis\u00e9 pour la livraison de Franprix. Iveco, qui a depuis longtemps d\u00e9velopp\u00e9 une offre de v\u00e9hicules fonctionnant au GNV, commence aussi la <strong>construction de v\u00e9hicules \u00e9lectriques<\/strong>. <\/p>\n\n\n\n<p>Les v\u00e9hicules de livraison pr\u00e9sent\u00e9s \u00e0 Solutrans int\u00e8grent de plus en plus l\u2019<strong>intelligence artificielle<\/strong>. Par exemple, les GPS anticipent les dangers sur la route en analysant les images provenant de cam\u00e9ras.<\/p>\n\n\n\n<p>Une seconde conf\u00e9rence organis\u00e9e par Certibruit sur la <strong>livraison de nuit<\/strong> a permis de faire un retour d\u2019exp\u00e9rience sur les tests r\u00e9alis\u00e9s \u00e0 Strasbourg. <\/p>\n\n\n\n<p>De nombreux d\u00e9bats sur Solutrans ont port\u00e9 sur le\nrecrutement des conducteurs et la promotion des m\u00e9tiers du transport. <\/p>\n\n\n\n<p>La convention Transport Logistics Meetings, \u00e9tait centr\u00e9e sur les <strong>solutions de logistique et de transport<\/strong>, notamment du dernier kilom\u00e8tre. <\/p>\n\n\n\n<p>La conf\u00e9rence inaugurale a port\u00e9 sur l\u2019automatisation et la\nrobotisation dans la logistique e-commerce, avec notamment les t\u00e9moignages de\nBricopriv\u00e9 et d\u2019Exotec. Un atelier sp\u00e9cialis\u00e9 a port\u00e9 sur l\u2019optimisation de\ntourn\u00e9es et les TMS. <\/p>\n\n\n\n<p>Une conf\u00e9rence sur la logistique urbaine a pr\u00e9sent\u00e9 les solutions mises en \u0153uvre sur le territoire urbain de Cannes, notamment la <strong>mise en place de capteurs<\/strong> sur les places de livraison. Ces capteurs permettent une rotation plus importante de ces espaces et r\u00e9duisent ainsi le stationnement en double-file lors des livraisons. A terme, une application mobile apportera aux transporteurs une information sur la disponibilit\u00e9 des places. Des chargeurs, comme Yves Rocher, se sont exprim\u00e9s sur leur politique environnementale et leurs attentes en termes de <strong>livraison d\u00e9carbon\u00e9e<\/strong> dans les centres urbains.<\/p>\n\n\n\n<p>Parmi les stands, outre les nombreux prestataires pr\u00e9sents, nous avons relev\u00e9 la pr\u00e9sence de la plupart des acteurs de l\u2019<strong>immobilier logistique<\/strong>. Ainsi, le tout nouveau site logistique <strong>e-Valley<\/strong>, situ\u00e9 \u00e0 Cambrai, pr\u00e9sentait ses exp\u00e9riences de <strong>livraison en drone<\/strong>, r\u00e9alis\u00e9es en partenariat avec Airbus. Ce site logistique vient d\u2019\u00eatre inaugur\u00e9 en pr\u00e9sence du Pr\u00e9sident de la r\u00e9gion Hauts-de-France.<\/p>\n\n\n\n<p>Sur la convention Transports &amp; Logistics Meetings,\nl\u2019e-commerce \u00e9tait pr\u00e9sent au c\u0153ur des d\u00e9bats, avec ses effets positifs pour\nles territoires, mais aussi les inqui\u00e9tudes qu\u2019il suscite pour le commerce\nphysique et les centres villes.<\/p>\n","protected":false},"excerpt":{"rendered":"<p>Le mois de novembre est riche en \u00e9v\u00e9nements autour du dernier kilom\u00e8tre. A Lyon, le salon Solutrans (19 au 23 novembre) pr\u00e9sentait les derni\u00e8res innovations de v\u00e9hicules de livraison. Au m\u00eame moment, \u00e0 Cannes, Transports et Logistics Meetings r\u00e9unissait les&#8230;<\/p>\n","protected":false},"author":2,"featured_media":1516,"comment_status":"open","ping_status":"open","sticky":false,"template":"","format":"standard","meta":{"_acf_changed":false,"twitterCardType":"","cardImageID":0,"cardImage":"","cardTitle":"","cardDesc":"","cardImageAlt":"","cardPlayer":"","cardPlayerWidth":0,"cardPlayerHeight":0,"cardPlayerStream":"","cardPlayerCodec":"","footnotes":""},"categories":[26],"tags":[],"class_list":["post-1419","post","type-post","status-publish","format-standard","has-post-thumbnail","hentry","category-informations-marche"],"acf":[],"yoast_head":"<!-- This site is optimized with the Yoast SEO plugin v27.0 - https:\/\/yoast.com\/product\/yoast-seo-wordpress\/ -->\n<title>Solutrans et Transports Logistics Meetings : le bilan ! | Star Service<\/title>\n<meta name=\"description\" content=\"A Lyon, le salon Solutrans (19 au 23 novembre) pr\u00e9sentait les derni\u00e8res innovations de v\u00e9hicules de livraison, autour du dernier kilom\u00e8tre.\" \/>\n<meta name=\"robots\" content=\"index, follow, max-snippet:-1, max-image-preview:large, max-video-preview:-1\" \/>\n<link rel=\"canonical\" href=\"https:\/\/www.groupestarservice.com\/blog\/solutrans-et-transports-logistics-meetings-le-bilan-de-ces-2-evenements\/\" \/>\n<meta property=\"og:locale\" content=\"fr_FR\" \/>\n<meta property=\"og:type\" content=\"article\" \/>\n<meta property=\"og:title\" content=\"Solutrans et Transports Logistics Meetings : le bilan ! | Star Service\" \/>\n<meta property=\"og:description\" content=\"A Lyon, le salon Solutrans (19 au 23 novembre) pr\u00e9sentait les derni\u00e8res innovations de v\u00e9hicules de livraison, autour du dernier kilom\u00e8tre.\" \/>\n<meta property=\"og:url\" content=\"https:\/\/www.groupestarservice.com\/blog\/solutrans-et-transports-logistics-meetings-le-bilan-de-ces-2-evenements\/\" \/>\n<meta property=\"og:site_name\" content=\"Star Service - Le rendez-vous du dernier km\" \/>\n<meta property=\"article:published_time\" content=\"2019-11-26T17:45:34+00:00\" \/>\n<meta property=\"article:modified_time\" content=\"2022-08-18T14:04:00+00:00\" \/>\n<meta property=\"og:image\" content=\"https:\/\/www.groupestarservice.com\/blog\/wp-content\/uploads\/2019\/11\/x_Vignette_Slider-3.jpg\" \/>\n\t<meta property=\"og:image:width\" content=\"1140\" \/>\n\t<meta property=\"og:image:height\" content=\"530\" \/>\n\t<meta property=\"og:image:type\" content=\"image\/jpeg\" \/>\n<meta name=\"author\" content=\"cyma\" \/>\n<meta name=\"twitter:card\" content=\"summary_large_image\" \/>\n<meta name=\"twitter:creator\" content=\"@Starsservice\" \/>\n<meta name=\"twitter:site\" content=\"@Starsservice\" \/>\n<meta name=\"twitter:label1\" content=\"\u00c9crit par\" \/>\n\t<meta name=\"twitter:data1\" content=\"cyma\" \/>\n\t<meta name=\"twitter:label2\" content=\"Dur\u00e9e de lecture estim\u00e9e\" \/>\n\t<meta name=\"twitter:data2\" content=\"4 minutes\" \/>\n<script type=\"application\/ld+json\" class=\"yoast-schema-graph\">{\"@context\":\"https:\/\/schema.org\",\"@graph\":[{\"@type\":\"Article\",\"@id\":\"https:\/\/www.groupestarservice.com\/blog\/solutrans-et-transports-logistics-meetings-le-bilan-de-ces-2-evenements\/#article\",\"isPartOf\":{\"@id\":\"https:\/\/www.groupestarservice.com\/blog\/solutrans-et-transports-logistics-meetings-le-bilan-de-ces-2-evenements\/\"},\"author\":{\"name\":\"cyma\",\"@id\":\"https:\/\/www.groupestarservice.com\/blog\/#\/schema\/person\/2cd9c82e5121ab8f6aa61975d746e0d1\"},\"headline\":\"Solutrans et Transports Logistics Meetings : le bilan !\",\"datePublished\":\"2019-11-26T17:45:34+00:00\",\"dateModified\":\"2022-08-18T14:04:00+00:00\",\"mainEntityOfPage\":{\"@id\":\"https:\/\/www.groupestarservice.com\/blog\/solutrans-et-transports-logistics-meetings-le-bilan-de-ces-2-evenements\/\"},\"wordCount\":775,\"commentCount\":0,\"image\":{\"@id\":\"https:\/\/www.groupestarservice.com\/blog\/solutrans-et-transports-logistics-meetings-le-bilan-de-ces-2-evenements\/#primaryimage\"},\"thumbnailUrl\":\"https:\/\/www.groupestarservice.com\/blog\/wp-content\/uploads\/2019\/11\/x_Vignette_Slider-3.jpg\",\"articleSection\":[\"Informations march\u00e9\"],\"inLanguage\":\"fr-FR\"},{\"@type\":\"WebPage\",\"@id\":\"https:\/\/www.groupestarservice.com\/blog\/solutrans-et-transports-logistics-meetings-le-bilan-de-ces-2-evenements\/\",\"url\":\"https:\/\/www.groupestarservice.com\/blog\/solutrans-et-transports-logistics-meetings-le-bilan-de-ces-2-evenements\/\",\"name\":\"Solutrans et Transports Logistics Meetings : le bilan ! | Star Service\",\"isPartOf\":{\"@id\":\"https:\/\/www.groupestarservice.com\/blog\/#website\"},\"primaryImageOfPage\":{\"@id\":\"https:\/\/www.groupestarservice.com\/blog\/solutrans-et-transports-logistics-meetings-le-bilan-de-ces-2-evenements\/#primaryimage\"},\"image\":{\"@id\":\"https:\/\/www.groupestarservice.com\/blog\/solutrans-et-transports-logistics-meetings-le-bilan-de-ces-2-evenements\/#primaryimage\"},\"thumbnailUrl\":\"https:\/\/www.groupestarservice.com\/blog\/wp-content\/uploads\/2019\/11\/x_Vignette_Slider-3.jpg\",\"datePublished\":\"2019-11-26T17:45:34+00:00\",\"dateModified\":\"2022-08-18T14:04:00+00:00\",\"author\":{\"@id\":\"https:\/\/www.groupestarservice.com\/blog\/#\/schema\/person\/2cd9c82e5121ab8f6aa61975d746e0d1\"},\"description\":\"A Lyon, le salon Solutrans (19 au 23 novembre) pr\u00e9sentait les derni\u00e8res innovations de v\u00e9hicules de livraison, autour du dernier kilom\u00e8tre.\",\"breadcrumb\":{\"@id\":\"https:\/\/www.groupestarservice.com\/blog\/solutrans-et-transports-logistics-meetings-le-bilan-de-ces-2-evenements\/#breadcrumb\"},\"inLanguage\":\"fr-FR\",\"potentialAction\":[{\"@type\":\"ReadAction\",\"target\":[\"https:\/\/www.groupestarservice.com\/blog\/solutrans-et-transports-logistics-meetings-le-bilan-de-ces-2-evenements\/\"]}]},{\"@type\":\"ImageObject\",\"inLanguage\":\"fr-FR\",\"@id\":\"https:\/\/www.groupestarservice.com\/blog\/solutrans-et-transports-logistics-meetings-le-bilan-de-ces-2-evenements\/#primaryimage\",\"url\":\"https:\/\/www.groupestarservice.com\/blog\/wp-content\/uploads\/2019\/11\/x_Vignette_Slider-3.jpg\",\"contentUrl\":\"https:\/\/www.groupestarservice.com\/blog\/wp-content\/uploads\/2019\/11\/x_Vignette_Slider-3.jpg\",\"width\":1140,\"height\":530,\"caption\":\"logistique\"},{\"@type\":\"BreadcrumbList\",\"@id\":\"https:\/\/www.groupestarservice.com\/blog\/solutrans-et-transports-logistics-meetings-le-bilan-de-ces-2-evenements\/#breadcrumb\",\"itemListElement\":[{\"@type\":\"ListItem\",\"position\":1,\"name\":\"Accueil\",\"item\":\"https:\/\/www.groupestarservice.com\/blog\/\"},{\"@type\":\"ListItem\",\"position\":2,\"name\":\"Solutrans et Transports Logistics Meetings : le bilan !\"}]},{\"@type\":\"WebSite\",\"@id\":\"https:\/\/www.groupestarservice.com\/blog\/#website\",\"url\":\"https:\/\/www.groupestarservice.com\/blog\/\",\"name\":\"Star Service - Le rendez-vous du dernier km\",\"description\":\"\",\"potentialAction\":[{\"@type\":\"SearchAction\",\"target\":{\"@type\":\"EntryPoint\",\"urlTemplate\":\"https:\/\/www.groupestarservice.com\/blog\/?s={search_term_string}\"},\"query-input\":{\"@type\":\"PropertyValueSpecification\",\"valueRequired\":true,\"valueName\":\"search_term_string\"}}],\"inLanguage\":\"fr-FR\"},{\"@type\":\"Person\",\"@id\":\"https:\/\/www.groupestarservice.com\/blog\/#\/schema\/person\/2cd9c82e5121ab8f6aa61975d746e0d1\",\"name\":\"cyma\",\"image\":{\"@type\":\"ImageObject\",\"inLanguage\":\"fr-FR\",\"@id\":\"https:\/\/www.groupestarservice.com\/blog\/#\/schema\/person\/image\/\",\"url\":\"https:\/\/secure.gravatar.com\/avatar\/9b11ec004641ddc4ab2c2fcae2953aecd4f734fd8a0c354c98224ade6086999e?s=96&d=mm&r=g\",\"contentUrl\":\"https:\/\/secure.gravatar.com\/avatar\/9b11ec004641ddc4ab2c2fcae2953aecd4f734fd8a0c354c98224ade6086999e?s=96&d=mm&r=g\",\"caption\":\"cyma\"},\"url\":\"https:\/\/www.groupestarservice.com\/blog\/author\/claire\/\"}]}<\/script>\n<!-- \/ Yoast SEO plugin. -->","yoast_head_json":{"title":"Solutrans et Transports Logistics Meetings : le bilan ! | Star Service","description":"A Lyon, le salon Solutrans (19 au 23 novembre) pr\u00e9sentait les derni\u00e8res innovations de v\u00e9hicules de livraison, autour du dernier kilom\u00e8tre.","robots":{"index":"index","follow":"follow","max-snippet":"max-snippet:-1","max-image-preview":"max-image-preview:large","max-video-preview":"max-video-preview:-1"},"canonical":"https:\/\/www.groupestarservice.com\/blog\/solutrans-et-transports-logistics-meetings-le-bilan-de-ces-2-evenements\/","og_locale":"fr_FR","og_type":"article","og_title":"Solutrans et Transports Logistics Meetings : le bilan ! | Star Service","og_description":"A Lyon, le salon Solutrans (19 au 23 novembre) pr\u00e9sentait les derni\u00e8res innovations de v\u00e9hicules de livraison, autour du dernier kilom\u00e8tre.","og_url":"https:\/\/www.groupestarservice.com\/blog\/solutrans-et-transports-logistics-meetings-le-bilan-de-ces-2-evenements\/","og_site_name":"Star Service - Le rendez-vous du dernier km","article_published_time":"2019-11-26T17:45:34+00:00","article_modified_time":"2022-08-18T14:04:00+00:00","og_image":[{"width":1140,"height":530,"url":"https:\/\/www.groupestarservice.com\/blog\/wp-content\/uploads\/2019\/11\/x_Vignette_Slider-3.jpg","type":"image\/jpeg"}],"author":"cyma","twitter_card":"summary_large_image","twitter_creator":"@Starsservice","twitter_site":"@Starsservice","twitter_misc":{"\u00c9crit par":"cyma","Dur\u00e9e de lecture estim\u00e9e":"4 minutes"},"schema":{"@context":"https:\/\/schema.org","@graph":[{"@type":"Article","@id":"https:\/\/www.groupestarservice.com\/blog\/solutrans-et-transports-logistics-meetings-le-bilan-de-ces-2-evenements\/#article","isPartOf":{"@id":"https:\/\/www.groupestarservice.com\/blog\/solutrans-et-transports-logistics-meetings-le-bilan-de-ces-2-evenements\/"},"author":{"name":"cyma","@id":"https:\/\/www.groupestarservice.com\/blog\/#\/schema\/person\/2cd9c82e5121ab8f6aa61975d746e0d1"},"headline":"Solutrans et Transports Logistics Meetings : le bilan !","datePublished":"2019-11-26T17:45:34+00:00","dateModified":"2022-08-18T14:04:00+00:00","mainEntityOfPage":{"@id":"https:\/\/www.groupestarservice.com\/blog\/solutrans-et-transports-logistics-meetings-le-bilan-de-ces-2-evenements\/"},"wordCount":775,"commentCount":0,"image":{"@id":"https:\/\/www.groupestarservice.com\/blog\/solutrans-et-transports-logistics-meetings-le-bilan-de-ces-2-evenements\/#primaryimage"},"thumbnailUrl":"https:\/\/www.groupestarservice.com\/blog\/wp-content\/uploads\/2019\/11\/x_Vignette_Slider-3.jpg","articleSection":["Informations march\u00e9"],"inLanguage":"fr-FR"},{"@type":"WebPage","@id":"https:\/\/www.groupestarservice.com\/blog\/solutrans-et-transports-logistics-meetings-le-bilan-de-ces-2-evenements\/","url":"https:\/\/www.groupestarservice.com\/blog\/solutrans-et-transports-logistics-meetings-le-bilan-de-ces-2-evenements\/","name":"Solutrans et Transports Logistics Meetings : le bilan ! | Star Service","isPartOf":{"@id":"https:\/\/www.groupestarservice.com\/blog\/#website"},"primaryImageOfPage":{"@id":"https:\/\/www.groupestarservice.com\/blog\/solutrans-et-transports-logistics-meetings-le-bilan-de-ces-2-evenements\/#primaryimage"},"image":{"@id":"https:\/\/www.groupestarservice.com\/blog\/solutrans-et-transports-logistics-meetings-le-bilan-de-ces-2-evenements\/#primaryimage"},"thumbnailUrl":"https:\/\/www.groupestarservice.com\/blog\/wp-content\/uploads\/2019\/11\/x_Vignette_Slider-3.jpg","datePublished":"2019-11-26T17:45:34+00:00","dateModified":"2022-08-18T14:04:00+00:00","author":{"@id":"https:\/\/www.groupestarservice.com\/blog\/#\/schema\/person\/2cd9c82e5121ab8f6aa61975d746e0d1"},"description":"A Lyon, le salon Solutrans (19 au 23 novembre) pr\u00e9sentait les derni\u00e8res innovations de v\u00e9hicules de livraison, autour du dernier kilom\u00e8tre.","breadcrumb":{"@id":"https:\/\/www.groupestarservice.com\/blog\/solutrans-et-transports-logistics-meetings-le-bilan-de-ces-2-evenements\/#breadcrumb"},"inLanguage":"fr-FR","potentialAction":[{"@type":"ReadAction","target":["https:\/\/www.groupestarservice.com\/blog\/solutrans-et-transports-logistics-meetings-le-bilan-de-ces-2-evenements\/"]}]},{"@type":"ImageObject","inLanguage":"fr-FR","@id":"https:\/\/www.groupestarservice.com\/blog\/solutrans-et-transports-logistics-meetings-le-bilan-de-ces-2-evenements\/#primaryimage","url":"https:\/\/www.groupestarservice.com\/blog\/wp-content\/uploads\/2019\/11\/x_Vignette_Slider-3.jpg","contentUrl":"https:\/\/www.groupestarservice.com\/blog\/wp-content\/uploads\/2019\/11\/x_Vignette_Slider-3.jpg","width":1140,"height":530,"caption":"logistique"},{"@type":"BreadcrumbList","@id":"https:\/\/www.groupestarservice.com\/blog\/solutrans-et-transports-logistics-meetings-le-bilan-de-ces-2-evenements\/#breadcrumb","itemListElement":[{"@type":"ListItem","position":1,"name":"Accueil","item":"https:\/\/www.groupestarservice.com\/blog\/"},{"@type":"ListItem","position":2,"name":"Solutrans et Transports Logistics Meetings : le bilan !"}]},{"@type":"WebSite","@id":"https:\/\/www.groupestarservice.com\/blog\/#website","url":"https:\/\/www.groupestarservice.com\/blog\/","name":"Star Service - Le rendez-vous du dernier km","description":"","potentialAction":[{"@type":"SearchAction","target":{"@type":"EntryPoint","urlTemplate":"https:\/\/www.groupestarservice.com\/blog\/?s={search_term_string}"},"query-input":{"@type":"PropertyValueSpecification","valueRequired":true,"valueName":"search_term_string"}}],"inLanguage":"fr-FR"},{"@type":"Person","@id":"https:\/\/www.groupestarservice.com\/blog\/#\/schema\/person\/2cd9c82e5121ab8f6aa61975d746e0d1","name":"cyma","image":{"@type":"ImageObject","inLanguage":"fr-FR","@id":"https:\/\/www.groupestarservice.com\/blog\/#\/schema\/person\/image\/","url":"https:\/\/secure.gravatar.com\/avatar\/9b11ec004641ddc4ab2c2fcae2953aecd4f734fd8a0c354c98224ade6086999e?s=96&d=mm&r=g","contentUrl":"https:\/\/secure.gravatar.com\/avatar\/9b11ec004641ddc4ab2c2fcae2953aecd4f734fd8a0c354c98224ade6086999e?s=96&d=mm&r=g","caption":"cyma"},"url":"https:\/\/www.groupestarservice.com\/blog\/author\/claire\/"}]}},"_links":{"self":[{"href":"https:\/\/www.groupestarservice.com\/blog\/wp-json\/wp\/v2\/posts\/1419","targetHints":{"allow":["GET"]}}],"collection":[{"href":"https:\/\/www.groupestarservice.com\/blog\/wp-json\/wp\/v2\/posts"}],"about":[{"href":"https:\/\/www.groupestarservice.com\/blog\/wp-json\/wp\/v2\/types\/post"}],"author":[{"embeddable":true,"href":"https:\/\/www.groupestarservice.com\/blog\/wp-json\/wp\/v2\/users\/2"}],"replies":[{"embeddable":true,"href":"https:\/\/www.groupestarservice.com\/blog\/wp-json\/wp\/v2\/comments?post=1419"}],"version-history":[{"count":18,"href":"https:\/\/www.groupestarservice.com\/blog\/wp-json\/wp\/v2\/posts\/1419\/revisions"}],"predecessor-version":[{"id":3792,"href":"https:\/\/www.groupestarservice.com\/blog\/wp-json\/wp\/v2\/posts\/1419\/revisions\/3792"}],"wp:featuredmedia":[{"embeddable":true,"href":"https:\/\/www.groupestarservice.com\/blog\/wp-json\/wp\/v2\/media\/1516"}],"wp:attachment":[{"href":"https:\/\/www.groupestarservice.com\/blog\/wp-json\/wp\/v2\/media?parent=1419"}],"wp:term":[{"taxonomy":"category","embeddable":true,"href":"https:\/\/www.groupestarservice.com\/blog\/wp-json\/wp\/v2\/categories?post=1419"},{"taxonomy":"post_tag","embeddable":true,"href":"https:\/\/www.groupestarservice.com\/blog\/wp-json\/wp\/v2\/tags?post=1419"}],"curies":[{"name":"wp","href":"https:\/\/api.w.org\/{rel}","templated":true}]}}