{"id":1485,"date":"2019-04-17T11:54:00","date_gmt":"2019-04-17T09:54:00","guid":{"rendered":"https:\/\/www.groupestarservice.com\/blog\/\/?p=1485"},"modified":"2020-01-08T08:49:58","modified_gmt":"2020-01-08T07:49:58","slug":"la-restauration-collective-une-exception-francaise","status":"publish","type":"post","link":"https:\/\/www.groupestarservice.com\/blog\/la-restauration-collective-une-exception-francaise\/","title":{"rendered":"La restauration collective, une exception fran\u00e7aise"},"content":{"rendered":"\n<p>Le mercredi 17 avril 2019, \u00e0 Paris-Expo Porte de Versailles, se tiendra la\nprochaine \u00e9dition du Salon de la restauration collective. Cette ann\u00e9e, la\nth\u00e9matique met \u00e0 l\u2019honneur la restauration collective comme exception\nfran\u00e7aise.&nbsp; Cette \u00e9dition reprend les ingr\u00e9dients qui ont fait le succ\u00e8s\ndes pr\u00e9c\u00e9dentes : l\u2019all\u00e9e centrale, rebaptis\u00e9e \u00ab All\u00e9e de l\u2019Exception \u00bb, est\nconsacr\u00e9e aux d\u00e9monstrations culinaires des grands secteurs de la restauration\ncollective, les Flash Conf s\u2019enrichissent d\u2019un espace de d\u00e9monstration\nculinaire, l\u2019Espace R\u00e9seau reste le lieu de convivialit\u00e9 des adh\u00e9rents. 4 500\nvisiteurs et 213 exposants sont attendus cette ann\u00e9e&nbsp;!<\/p>\n\n\n\n<p><strong>Salon Restauration collective<\/strong><\/p>\n\n\n\n<p>Paris Porte de Versailles, Hall 5.1<\/p>\n\n\n\n<p>1 Place de la Porte de Versailles 75015 Paris<\/p>\n\n\n\n<p><a href=\"http:\/\/www.salonrestauco.com\/\">http:\/\/www.salonrestauco.com\/<\/a><\/p>\n","protected":false},"excerpt":{"rendered":"<p>Le mercredi 17 avril 2019, \u00e0 Paris-Expo Porte de Versailles, se tiendra la prochaine \u00e9dition du Salon de la restauration collective. Cette ann\u00e9e, la th\u00e9matique met \u00e0 l\u2019honneur la restauration collective comme exception fran\u00e7aise.&nbsp; Cette \u00e9dition reprend les ingr\u00e9dients qui&#8230;<\/p>\n","protected":false},"author":2,"featured_media":602,"comment_status":"open","ping_status":"open","sticky":false,"template":"","format":"standard","meta":{"_acf_changed":false,"twitterCardType":"","cardImageID":0,"cardImage":"","cardTitle":"","cardDesc":"","cardImageAlt":"","cardPlayer":"","cardPlayerWidth":0,"cardPlayerHeight":0,"cardPlayerStream":"","cardPlayerCodec":"","footnotes":""},"categories":[24],"tags":[],"class_list":["post-1485","post","type-post","status-publish","format-standard","has-post-thumbnail","hentry","category-agenda"],"acf":[],"yoast_head":"<!-- This site is optimized with the Yoast SEO plugin v27.0 - https:\/\/yoast.com\/product\/yoast-seo-wordpress\/ -->\n<title>La restauration collective, une exception fran\u00e7aise<\/title>\n<meta name=\"robots\" content=\"index, follow, max-snippet:-1, max-image-preview:large, max-video-preview:-1\" \/>\n<link rel=\"canonical\" href=\"https:\/\/blog.groupestarservice.com\/blog\/la-restauration-collective-une-exception-francaise\/\" \/>\n<meta property=\"og:locale\" content=\"fr_FR\" \/>\n<meta property=\"og:type\" content=\"article\" \/>\n<meta property=\"og:title\" content=\"La restauration collective, une exception fran\u00e7aise\" \/>\n<meta property=\"og:description\" content=\"Le mercredi 17 avril 2019, \u00e0 Paris-Expo Porte de Versailles, se tiendra la prochaine \u00e9dition du Salon de la restauration collective. Cette ann\u00e9e, la th\u00e9matique met \u00e0 l\u2019honneur la restauration collective comme exception fran\u00e7aise.&nbsp; Cette \u00e9dition reprend les ingr\u00e9dients qui...\" \/>\n<meta property=\"og:url\" content=\"https:\/\/blog.groupestarservice.com\/blog\/la-restauration-collective-une-exception-francaise\/\" \/>\n<meta property=\"og:site_name\" content=\"Star Service - Le rendez-vous du dernier km\" \/>\n<meta property=\"article:published_time\" content=\"2019-04-17T09:54:00+00:00\" \/>\n<meta property=\"article:modified_time\" content=\"2020-01-08T07:49:58+00:00\" \/>\n<meta property=\"og:image\" content=\"https:\/\/blog.groupestarservice.com\/blog\/wp-content\/uploads\/2019\/01\/x_Header-janvier.jpg\" \/>\n\t<meta property=\"og:image:width\" content=\"1920\" \/>\n\t<meta property=\"og:image:height\" content=\"890\" \/>\n\t<meta property=\"og:image:type\" content=\"image\/jpeg\" \/>\n<meta name=\"author\" content=\"cyma\" \/>\n<meta name=\"twitter:card\" content=\"summary_large_image\" \/>\n<meta name=\"twitter:creator\" content=\"@Starsservice\" \/>\n<meta name=\"twitter:site\" content=\"@Starsservice\" \/>\n<meta name=\"twitter:label1\" content=\"\u00c9crit par\" \/>\n\t<meta name=\"twitter:data1\" content=\"cyma\" \/>\n\t<meta name=\"twitter:label2\" content=\"Dur\u00e9e de lecture estim\u00e9e\" \/>\n\t<meta name=\"twitter:data2\" content=\"1 minute\" \/>\n<script type=\"application\/ld+json\" class=\"yoast-schema-graph\">{\"@context\":\"https:\/\/schema.org\",\"@graph\":[{\"@type\":\"Article\",\"@id\":\"https:\/\/blog.groupestarservice.com\/blog\/la-restauration-collective-une-exception-francaise\/#article\",\"isPartOf\":{\"@id\":\"https:\/\/blog.groupestarservice.com\/blog\/la-restauration-collective-une-exception-francaise\/\"},\"author\":{\"name\":\"cyma\",\"@id\":\"https:\/\/www.groupestarservice.com\/blog\/#\/schema\/person\/2cd9c82e5121ab8f6aa61975d746e0d1\"},\"headline\":\"La restauration collective, une exception fran\u00e7aise\",\"datePublished\":\"2019-04-17T09:54:00+00:00\",\"dateModified\":\"2020-01-08T07:49:58+00:00\",\"mainEntityOfPage\":{\"@id\":\"https:\/\/blog.groupestarservice.com\/blog\/la-restauration-collective-une-exception-francaise\/\"},\"wordCount\":135,\"commentCount\":0,\"image\":{\"@id\":\"https:\/\/blog.groupestarservice.com\/blog\/la-restauration-collective-une-exception-francaise\/#primaryimage\"},\"thumbnailUrl\":\"https:\/\/www.groupestarservice.com\/blog\/wp-content\/uploads\/2019\/01\/x_Header-janvier.jpg\",\"articleSection\":[\"Agenda\"],\"inLanguage\":\"fr-FR\"},{\"@type\":\"WebPage\",\"@id\":\"https:\/\/blog.groupestarservice.com\/blog\/la-restauration-collective-une-exception-francaise\/\",\"url\":\"https:\/\/blog.groupestarservice.com\/blog\/la-restauration-collective-une-exception-francaise\/\",\"name\":\"La restauration collective, une exception fran\u00e7aise\",\"isPartOf\":{\"@id\":\"https:\/\/www.groupestarservice.com\/blog\/#website\"},\"primaryImageOfPage\":{\"@id\":\"https:\/\/blog.groupestarservice.com\/blog\/la-restauration-collective-une-exception-francaise\/#primaryimage\"},\"image\":{\"@id\":\"https:\/\/blog.groupestarservice.com\/blog\/la-restauration-collective-une-exception-francaise\/#primaryimage\"},\"thumbnailUrl\":\"https:\/\/www.groupestarservice.com\/blog\/wp-content\/uploads\/2019\/01\/x_Header-janvier.jpg\",\"datePublished\":\"2019-04-17T09:54:00+00:00\",\"dateModified\":\"2020-01-08T07:49:58+00:00\",\"author\":{\"@id\":\"https:\/\/www.groupestarservice.com\/blog\/#\/schema\/person\/2cd9c82e5121ab8f6aa61975d746e0d1\"},\"breadcrumb\":{\"@id\":\"https:\/\/blog.groupestarservice.com\/blog\/la-restauration-collective-une-exception-francaise\/#breadcrumb\"},\"inLanguage\":\"fr-FR\",\"potentialAction\":[{\"@type\":\"ReadAction\",\"target\":[\"https:\/\/blog.groupestarservice.com\/blog\/la-restauration-collective-une-exception-francaise\/\"]}]},{\"@type\":\"ImageObject\",\"inLanguage\":\"fr-FR\",\"@id\":\"https:\/\/blog.groupestarservice.com\/blog\/la-restauration-collective-une-exception-francaise\/#primaryimage\",\"url\":\"https:\/\/www.groupestarservice.com\/blog\/wp-content\/uploads\/2019\/01\/x_Header-janvier.jpg\",\"contentUrl\":\"https:\/\/www.groupestarservice.com\/blog\/wp-content\/uploads\/2019\/01\/x_Header-janvier.jpg\",\"width\":1920,\"height\":890,\"caption\":\"livraison alimentaire\"},{\"@type\":\"BreadcrumbList\",\"@id\":\"https:\/\/blog.groupestarservice.com\/blog\/la-restauration-collective-une-exception-francaise\/#breadcrumb\",\"itemListElement\":[{\"@type\":\"ListItem\",\"position\":1,\"name\":\"Accueil\",\"item\":\"https:\/\/www.groupestarservice.com\/blog\/\"},{\"@type\":\"ListItem\",\"position\":2,\"name\":\"La restauration collective, une exception fran\u00e7aise\"}]},{\"@type\":\"WebSite\",\"@id\":\"https:\/\/www.groupestarservice.com\/blog\/#website\",\"url\":\"https:\/\/www.groupestarservice.com\/blog\/\",\"name\":\"Star Service - Le rendez-vous du dernier km\",\"description\":\"\",\"potentialAction\":[{\"@type\":\"SearchAction\",\"target\":{\"@type\":\"EntryPoint\",\"urlTemplate\":\"https:\/\/www.groupestarservice.com\/blog\/?s={search_term_string}\"},\"query-input\":{\"@type\":\"PropertyValueSpecification\",\"valueRequired\":true,\"valueName\":\"search_term_string\"}}],\"inLanguage\":\"fr-FR\"},{\"@type\":\"Person\",\"@id\":\"https:\/\/www.groupestarservice.com\/blog\/#\/schema\/person\/2cd9c82e5121ab8f6aa61975d746e0d1\",\"name\":\"cyma\",\"image\":{\"@type\":\"ImageObject\",\"inLanguage\":\"fr-FR\",\"@id\":\"https:\/\/www.groupestarservice.com\/blog\/#\/schema\/person\/image\/\",\"url\":\"https:\/\/secure.gravatar.com\/avatar\/9b11ec004641ddc4ab2c2fcae2953aecd4f734fd8a0c354c98224ade6086999e?s=96&d=mm&r=g\",\"contentUrl\":\"https:\/\/secure.gravatar.com\/avatar\/9b11ec004641ddc4ab2c2fcae2953aecd4f734fd8a0c354c98224ade6086999e?s=96&d=mm&r=g\",\"caption\":\"cyma\"},\"url\":\"https:\/\/www.groupestarservice.com\/blog\/author\/claire\/\"}]}<\/script>\n<!-- \/ Yoast SEO plugin. -->","yoast_head_json":{"title":"La restauration collective, une exception fran\u00e7aise","robots":{"index":"index","follow":"follow","max-snippet":"max-snippet:-1","max-image-preview":"max-image-preview:large","max-video-preview":"max-video-preview:-1"},"canonical":"https:\/\/blog.groupestarservice.com\/blog\/la-restauration-collective-une-exception-francaise\/","og_locale":"fr_FR","og_type":"article","og_title":"La restauration collective, une exception fran\u00e7aise","og_description":"Le mercredi 17 avril 2019, \u00e0 Paris-Expo Porte de Versailles, se tiendra la prochaine \u00e9dition du Salon de la restauration collective. Cette ann\u00e9e, la th\u00e9matique met \u00e0 l\u2019honneur la restauration collective comme exception fran\u00e7aise.&nbsp; Cette \u00e9dition reprend les ingr\u00e9dients qui...","og_url":"https:\/\/blog.groupestarservice.com\/blog\/la-restauration-collective-une-exception-francaise\/","og_site_name":"Star Service - Le rendez-vous du dernier km","article_published_time":"2019-04-17T09:54:00+00:00","article_modified_time":"2020-01-08T07:49:58+00:00","og_image":[{"width":1920,"height":890,"url":"https:\/\/blog.groupestarservice.com\/blog\/wp-content\/uploads\/2019\/01\/x_Header-janvier.jpg","type":"image\/jpeg"}],"author":"cyma","twitter_card":"summary_large_image","twitter_creator":"@Starsservice","twitter_site":"@Starsservice","twitter_misc":{"\u00c9crit par":"cyma","Dur\u00e9e de lecture estim\u00e9e":"1 minute"},"schema":{"@context":"https:\/\/schema.org","@graph":[{"@type":"Article","@id":"https:\/\/blog.groupestarservice.com\/blog\/la-restauration-collective-une-exception-francaise\/#article","isPartOf":{"@id":"https:\/\/blog.groupestarservice.com\/blog\/la-restauration-collective-une-exception-francaise\/"},"author":{"name":"cyma","@id":"https:\/\/www.groupestarservice.com\/blog\/#\/schema\/person\/2cd9c82e5121ab8f6aa61975d746e0d1"},"headline":"La restauration collective, une exception fran\u00e7aise","datePublished":"2019-04-17T09:54:00+00:00","dateModified":"2020-01-08T07:49:58+00:00","mainEntityOfPage":{"@id":"https:\/\/blog.groupestarservice.com\/blog\/la-restauration-collective-une-exception-francaise\/"},"wordCount":135,"commentCount":0,"image":{"@id":"https:\/\/blog.groupestarservice.com\/blog\/la-restauration-collective-une-exception-francaise\/#primaryimage"},"thumbnailUrl":"https:\/\/www.groupestarservice.com\/blog\/wp-content\/uploads\/2019\/01\/x_Header-janvier.jpg","articleSection":["Agenda"],"inLanguage":"fr-FR"},{"@type":"WebPage","@id":"https:\/\/blog.groupestarservice.com\/blog\/la-restauration-collective-une-exception-francaise\/","url":"https:\/\/blog.groupestarservice.com\/blog\/la-restauration-collective-une-exception-francaise\/","name":"La restauration collective, une exception fran\u00e7aise","isPartOf":{"@id":"https:\/\/www.groupestarservice.com\/blog\/#website"},"primaryImageOfPage":{"@id":"https:\/\/blog.groupestarservice.com\/blog\/la-restauration-collective-une-exception-francaise\/#primaryimage"},"image":{"@id":"https:\/\/blog.groupestarservice.com\/blog\/la-restauration-collective-une-exception-francaise\/#primaryimage"},"thumbnailUrl":"https:\/\/www.groupestarservice.com\/blog\/wp-content\/uploads\/2019\/01\/x_Header-janvier.jpg","datePublished":"2019-04-17T09:54:00+00:00","dateModified":"2020-01-08T07:49:58+00:00","author":{"@id":"https:\/\/www.groupestarservice.com\/blog\/#\/schema\/person\/2cd9c82e5121ab8f6aa61975d746e0d1"},"breadcrumb":{"@id":"https:\/\/blog.groupestarservice.com\/blog\/la-restauration-collective-une-exception-francaise\/#breadcrumb"},"inLanguage":"fr-FR","potentialAction":[{"@type":"ReadAction","target":["https:\/\/blog.groupestarservice.com\/blog\/la-restauration-collective-une-exception-francaise\/"]}]},{"@type":"ImageObject","inLanguage":"fr-FR","@id":"https:\/\/blog.groupestarservice.com\/blog\/la-restauration-collective-une-exception-francaise\/#primaryimage","url":"https:\/\/www.groupestarservice.com\/blog\/wp-content\/uploads\/2019\/01\/x_Header-janvier.jpg","contentUrl":"https:\/\/www.groupestarservice.com\/blog\/wp-content\/uploads\/2019\/01\/x_Header-janvier.jpg","width":1920,"height":890,"caption":"livraison alimentaire"},{"@type":"BreadcrumbList","@id":"https:\/\/blog.groupestarservice.com\/blog\/la-restauration-collective-une-exception-francaise\/#breadcrumb","itemListElement":[{"@type":"ListItem","position":1,"name":"Accueil","item":"https:\/\/www.groupestarservice.com\/blog\/"},{"@type":"ListItem","position":2,"name":"La restauration collective, une exception fran\u00e7aise"}]},{"@type":"WebSite","@id":"https:\/\/www.groupestarservice.com\/blog\/#website","url":"https:\/\/www.groupestarservice.com\/blog\/","name":"Star Service - Le rendez-vous du dernier km","description":"","potentialAction":[{"@type":"SearchAction","target":{"@type":"EntryPoint","urlTemplate":"https:\/\/www.groupestarservice.com\/blog\/?s={search_term_string}"},"query-input":{"@type":"PropertyValueSpecification","valueRequired":true,"valueName":"search_term_string"}}],"inLanguage":"fr-FR"},{"@type":"Person","@id":"https:\/\/www.groupestarservice.com\/blog\/#\/schema\/person\/2cd9c82e5121ab8f6aa61975d746e0d1","name":"cyma","image":{"@type":"ImageObject","inLanguage":"fr-FR","@id":"https:\/\/www.groupestarservice.com\/blog\/#\/schema\/person\/image\/","url":"https:\/\/secure.gravatar.com\/avatar\/9b11ec004641ddc4ab2c2fcae2953aecd4f734fd8a0c354c98224ade6086999e?s=96&d=mm&r=g","contentUrl":"https:\/\/secure.gravatar.com\/avatar\/9b11ec004641ddc4ab2c2fcae2953aecd4f734fd8a0c354c98224ade6086999e?s=96&d=mm&r=g","caption":"cyma"},"url":"https:\/\/www.groupestarservice.com\/blog\/author\/claire\/"}]}},"_links":{"self":[{"href":"https:\/\/www.groupestarservice.com\/blog\/wp-json\/wp\/v2\/posts\/1485","targetHints":{"allow":["GET"]}}],"collection":[{"href":"https:\/\/www.groupestarservice.com\/blog\/wp-json\/wp\/v2\/posts"}],"about":[{"href":"https:\/\/www.groupestarservice.com\/blog\/wp-json\/wp\/v2\/types\/post"}],"author":[{"embeddable":true,"href":"https:\/\/www.groupestarservice.com\/blog\/wp-json\/wp\/v2\/users\/2"}],"replies":[{"embeddable":true,"href":"https:\/\/www.groupestarservice.com\/blog\/wp-json\/wp\/v2\/comments?post=1485"}],"version-history":[{"count":2,"href":"https:\/\/www.groupestarservice.com\/blog\/wp-json\/wp\/v2\/posts\/1485\/revisions"}],"predecessor-version":[{"id":1506,"href":"https:\/\/www.groupestarservice.com\/blog\/wp-json\/wp\/v2\/posts\/1485\/revisions\/1506"}],"wp:featuredmedia":[{"embeddable":true,"href":"https:\/\/www.groupestarservice.com\/blog\/wp-json\/wp\/v2\/media\/602"}],"wp:attachment":[{"href":"https:\/\/www.groupestarservice.com\/blog\/wp-json\/wp\/v2\/media?parent=1485"}],"wp:term":[{"taxonomy":"category","embeddable":true,"href":"https:\/\/www.groupestarservice.com\/blog\/wp-json\/wp\/v2\/categories?post=1485"},{"taxonomy":"post_tag","embeddable":true,"href":"https:\/\/www.groupestarservice.com\/blog\/wp-json\/wp\/v2\/tags?post=1485"}],"curies":[{"name":"wp","href":"https:\/\/api.w.org\/{rel}","templated":true}]}}