{"id":2072,"date":"2020-10-01T11:06:00","date_gmt":"2020-10-01T09:06:00","guid":{"rendered":"https:\/\/www.groupestarservice.com\/blog\/\/?p=2072"},"modified":"2020-12-22T14:16:47","modified_gmt":"2020-12-22T13:16:47","slug":"retail-chain-2020","status":"publish","type":"post","link":"https:\/\/www.groupestarservice.com\/blog\/retail-chain-2020\/","title":{"rendered":"Retail Chain 2020"},"content":{"rendered":"\n<p>Rendez-vous le jeudi 1er octobre 2020 \u00e0 Paris &#8211; La d\u00e9fense pour le salon Retail Chain 2020.<\/p>\n\n\n\n<p><\/p>\n\n\n\n<p><\/p>\n\n\n\n<p>Digitalisation, <a href=\"https:\/\/www.groupestarservice.com\/logistique-du-dernier-kilometre\/\">dernier kilom\u00e8tre<\/a>, externalisation, multicanal, automatisation : pour r\u00e9pondre \u00e0 tous ces enjeux de transformation Supply Chain, il est n\u00e9cessaire de s\u2019entourer des bons partenaires techniques et piloter au mieux l\u2019innovation. <\/p>\n\n\n\n<p>Dans un cadre propice \u00e0 l\u2019\u00e9change d\u2019information, 100 Directions SCM viennent d\u00e9couvrir l\u2019offre des fournisseurs et prestataires de la e-logistique pour r\u00e9pondre \u00e0 leurs besoins de d\u00e9ployer une Supply Chain performante, innovante et s\u00e9curis\u00e9e. <\/p>\n\n\n\n<p>Un parcours personnalis\u00e9 compos\u00e9 de speed meetings avec des experts et de conf\u00e9rences vous permet d\u2019optimiser votre journ\u00e9e pour obtenir des r\u00e9ponses pr\u00e9cises en rapport avec vos enjeux.<\/p>\n\n\n\n<p>Adresse : 110 Esplanade du G\u00e9n\u00e9ral de Gaulle 92000 La D\u00e9fense &#8211; FRANCE<\/p>\n\n\n\n<p><\/p>\n\n\n\n<p>Pour en savoir plus, cliquez ici : <a href=\"https:\/\/retail-chain.fr\/PARIS\" target=\"_blank\" rel=\"noreferrer noopener\" aria-label=\"Retail Chain (s\u2019ouvre dans un nouvel onglet)\">Retail Chain<\/a><\/p>\n\n\n\n<p>Retrouvez les informations cl\u00e9s de l&rsquo;\u00e9v\u00e9nement gr\u00e2ce \u00e0 notre article : <a href=\"https:\/\/www.groupestarservice.com\/blog\/\/retail-chain-2020-les-evolutions-de-la-logistique-urbaine\/\" target=\"_blank\" rel=\"noreferrer noopener\">Retail Chain 2020 : les \u00e9volutions de la logistique urbaine<\/a><\/p>\n\n\n\n<p><\/p>\n\n\n\n<p><\/p>\n\n\n\n<p><\/p>\n\n\n\n<p><\/p>\n","protected":false},"excerpt":{"rendered":"<p>Rendez-vous le jeudi 1er octobre 2020 \u00e0 Paris &#8211; La d\u00e9fense pour le salon Retail Chain 2020. Digitalisation, dernier kilom\u00e8tre, externalisation, multicanal, automatisation : pour r\u00e9pondre \u00e0 tous ces enjeux de transformation Supply Chain, il est n\u00e9cessaire de s\u2019entourer des&#8230;<\/p>\n","protected":false},"author":2,"featured_media":456,"comment_status":"open","ping_status":"open","sticky":false,"template":"","format":"standard","meta":{"_acf_changed":false,"twitterCardType":"","cardImageID":0,"cardImage":"","cardTitle":"","cardDesc":"","cardImageAlt":"","cardPlayer":"","cardPlayerWidth":0,"cardPlayerHeight":0,"cardPlayerStream":"","cardPlayerCodec":"","footnotes":""},"categories":[24],"tags":[],"class_list":["post-2072","post","type-post","status-publish","format-standard","has-post-thumbnail","hentry","category-agenda"],"acf":[],"yoast_head":"<!-- This site is optimized with the Yoast SEO plugin v27.0 - https:\/\/yoast.com\/product\/yoast-seo-wordpress\/ -->\n<title>Retail Chain 2020<\/title>\n<meta name=\"description\" content=\"Digitalisation, dernier kilom\u00e8tre, externalisation, multicanal, automatisation : Rendez-vous le jeudi 1er octobre \u00e0 Paris pour le salon Retail Chain 2020.\" \/>\n<meta name=\"robots\" content=\"index, follow, max-snippet:-1, max-image-preview:large, max-video-preview:-1\" \/>\n<link rel=\"canonical\" href=\"https:\/\/www.groupestarservice.com\/blog\/retail-chain-2020\/\" \/>\n<meta property=\"og:locale\" content=\"fr_FR\" \/>\n<meta property=\"og:type\" content=\"article\" \/>\n<meta property=\"og:title\" content=\"Retail Chain 2020\" \/>\n<meta property=\"og:description\" content=\"Digitalisation, dernier kilom\u00e8tre, externalisation, multicanal, automatisation : Rendez-vous le jeudi 1er octobre \u00e0 Paris pour le salon Retail Chain 2020.\" \/>\n<meta property=\"og:url\" content=\"https:\/\/www.groupestarservice.com\/blog\/retail-chain-2020\/\" \/>\n<meta property=\"og:site_name\" content=\"Star Service - Le rendez-vous du dernier km\" \/>\n<meta property=\"article:published_time\" content=\"2020-10-01T09:06:00+00:00\" \/>\n<meta property=\"article:modified_time\" content=\"2020-12-22T13:16:47+00:00\" \/>\n<meta property=\"og:image\" content=\"https:\/\/www.groupestarservice.com\/blog\/wp-content\/uploads\/2018\/10\/ALaUne_Techno.jpg\" \/>\n\t<meta property=\"og:image:width\" content=\"1920\" \/>\n\t<meta property=\"og:image:height\" content=\"890\" \/>\n\t<meta property=\"og:image:type\" content=\"image\/jpeg\" \/>\n<meta name=\"author\" content=\"cyma\" \/>\n<meta name=\"twitter:card\" content=\"summary_large_image\" \/>\n<meta name=\"twitter:creator\" content=\"@Starsservice\" \/>\n<meta name=\"twitter:site\" content=\"@Starsservice\" \/>\n<meta name=\"twitter:label1\" content=\"\u00c9crit par\" \/>\n\t<meta name=\"twitter:data1\" content=\"cyma\" \/>\n\t<meta name=\"twitter:label2\" content=\"Dur\u00e9e de lecture estim\u00e9e\" \/>\n\t<meta name=\"twitter:data2\" content=\"1 minute\" \/>\n<script type=\"application\/ld+json\" class=\"yoast-schema-graph\">{\"@context\":\"https:\/\/schema.org\",\"@graph\":[{\"@type\":\"Article\",\"@id\":\"https:\/\/www.groupestarservice.com\/blog\/retail-chain-2020\/#article\",\"isPartOf\":{\"@id\":\"https:\/\/www.groupestarservice.com\/blog\/retail-chain-2020\/\"},\"author\":{\"name\":\"cyma\",\"@id\":\"https:\/\/www.groupestarservice.com\/blog\/#\/schema\/person\/2cd9c82e5121ab8f6aa61975d746e0d1\"},\"headline\":\"Retail Chain 2020\",\"datePublished\":\"2020-10-01T09:06:00+00:00\",\"dateModified\":\"2020-12-22T13:16:47+00:00\",\"mainEntityOfPage\":{\"@id\":\"https:\/\/www.groupestarservice.com\/blog\/retail-chain-2020\/\"},\"wordCount\":165,\"commentCount\":0,\"image\":{\"@id\":\"https:\/\/www.groupestarservice.com\/blog\/retail-chain-2020\/#primaryimage\"},\"thumbnailUrl\":\"https:\/\/www.groupestarservice.com\/blog\/wp-content\/uploads\/2018\/10\/ALaUne_Techno.jpg\",\"articleSection\":[\"Agenda\"],\"inLanguage\":\"fr-FR\"},{\"@type\":\"WebPage\",\"@id\":\"https:\/\/www.groupestarservice.com\/blog\/retail-chain-2020\/\",\"url\":\"https:\/\/www.groupestarservice.com\/blog\/retail-chain-2020\/\",\"name\":\"Retail Chain 2020\",\"isPartOf\":{\"@id\":\"https:\/\/www.groupestarservice.com\/blog\/#website\"},\"primaryImageOfPage\":{\"@id\":\"https:\/\/www.groupestarservice.com\/blog\/retail-chain-2020\/#primaryimage\"},\"image\":{\"@id\":\"https:\/\/www.groupestarservice.com\/blog\/retail-chain-2020\/#primaryimage\"},\"thumbnailUrl\":\"https:\/\/www.groupestarservice.com\/blog\/wp-content\/uploads\/2018\/10\/ALaUne_Techno.jpg\",\"datePublished\":\"2020-10-01T09:06:00+00:00\",\"dateModified\":\"2020-12-22T13:16:47+00:00\",\"author\":{\"@id\":\"https:\/\/www.groupestarservice.com\/blog\/#\/schema\/person\/2cd9c82e5121ab8f6aa61975d746e0d1\"},\"description\":\"Digitalisation, dernier kilom\u00e8tre, externalisation, multicanal, automatisation : Rendez-vous le jeudi 1er octobre \u00e0 Paris pour le salon Retail Chain 2020.\",\"breadcrumb\":{\"@id\":\"https:\/\/www.groupestarservice.com\/blog\/retail-chain-2020\/#breadcrumb\"},\"inLanguage\":\"fr-FR\",\"potentialAction\":[{\"@type\":\"ReadAction\",\"target\":[\"https:\/\/www.groupestarservice.com\/blog\/retail-chain-2020\/\"]}]},{\"@type\":\"ImageObject\",\"inLanguage\":\"fr-FR\",\"@id\":\"https:\/\/www.groupestarservice.com\/blog\/retail-chain-2020\/#primaryimage\",\"url\":\"https:\/\/www.groupestarservice.com\/blog\/wp-content\/uploads\/2018\/10\/ALaUne_Techno.jpg\",\"contentUrl\":\"https:\/\/www.groupestarservice.com\/blog\/wp-content\/uploads\/2018\/10\/ALaUne_Techno.jpg\",\"width\":1920,\"height\":890,\"caption\":\"star service\"},{\"@type\":\"BreadcrumbList\",\"@id\":\"https:\/\/www.groupestarservice.com\/blog\/retail-chain-2020\/#breadcrumb\",\"itemListElement\":[{\"@type\":\"ListItem\",\"position\":1,\"name\":\"Accueil\",\"item\":\"https:\/\/www.groupestarservice.com\/blog\/\"},{\"@type\":\"ListItem\",\"position\":2,\"name\":\"Retail Chain 2020\"}]},{\"@type\":\"WebSite\",\"@id\":\"https:\/\/www.groupestarservice.com\/blog\/#website\",\"url\":\"https:\/\/www.groupestarservice.com\/blog\/\",\"name\":\"Star Service - Le rendez-vous du dernier km\",\"description\":\"\",\"potentialAction\":[{\"@type\":\"SearchAction\",\"target\":{\"@type\":\"EntryPoint\",\"urlTemplate\":\"https:\/\/www.groupestarservice.com\/blog\/?s={search_term_string}\"},\"query-input\":{\"@type\":\"PropertyValueSpecification\",\"valueRequired\":true,\"valueName\":\"search_term_string\"}}],\"inLanguage\":\"fr-FR\"},{\"@type\":\"Person\",\"@id\":\"https:\/\/www.groupestarservice.com\/blog\/#\/schema\/person\/2cd9c82e5121ab8f6aa61975d746e0d1\",\"name\":\"cyma\",\"image\":{\"@type\":\"ImageObject\",\"inLanguage\":\"fr-FR\",\"@id\":\"https:\/\/www.groupestarservice.com\/blog\/#\/schema\/person\/image\/\",\"url\":\"https:\/\/secure.gravatar.com\/avatar\/9b11ec004641ddc4ab2c2fcae2953aecd4f734fd8a0c354c98224ade6086999e?s=96&d=mm&r=g\",\"contentUrl\":\"https:\/\/secure.gravatar.com\/avatar\/9b11ec004641ddc4ab2c2fcae2953aecd4f734fd8a0c354c98224ade6086999e?s=96&d=mm&r=g\",\"caption\":\"cyma\"},\"url\":\"https:\/\/www.groupestarservice.com\/blog\/author\/claire\/\"}]}<\/script>\n<!-- \/ Yoast SEO plugin. -->","yoast_head_json":{"title":"Retail Chain 2020","description":"Digitalisation, dernier kilom\u00e8tre, externalisation, multicanal, automatisation : Rendez-vous le jeudi 1er octobre \u00e0 Paris pour le salon Retail Chain 2020.","robots":{"index":"index","follow":"follow","max-snippet":"max-snippet:-1","max-image-preview":"max-image-preview:large","max-video-preview":"max-video-preview:-1"},"canonical":"https:\/\/www.groupestarservice.com\/blog\/retail-chain-2020\/","og_locale":"fr_FR","og_type":"article","og_title":"Retail Chain 2020","og_description":"Digitalisation, dernier kilom\u00e8tre, externalisation, multicanal, automatisation : Rendez-vous le jeudi 1er octobre \u00e0 Paris pour le salon Retail Chain 2020.","og_url":"https:\/\/www.groupestarservice.com\/blog\/retail-chain-2020\/","og_site_name":"Star Service - Le rendez-vous du dernier km","article_published_time":"2020-10-01T09:06:00+00:00","article_modified_time":"2020-12-22T13:16:47+00:00","og_image":[{"width":1920,"height":890,"url":"https:\/\/www.groupestarservice.com\/blog\/wp-content\/uploads\/2018\/10\/ALaUne_Techno.jpg","type":"image\/jpeg"}],"author":"cyma","twitter_card":"summary_large_image","twitter_creator":"@Starsservice","twitter_site":"@Starsservice","twitter_misc":{"\u00c9crit par":"cyma","Dur\u00e9e de lecture estim\u00e9e":"1 minute"},"schema":{"@context":"https:\/\/schema.org","@graph":[{"@type":"Article","@id":"https:\/\/www.groupestarservice.com\/blog\/retail-chain-2020\/#article","isPartOf":{"@id":"https:\/\/www.groupestarservice.com\/blog\/retail-chain-2020\/"},"author":{"name":"cyma","@id":"https:\/\/www.groupestarservice.com\/blog\/#\/schema\/person\/2cd9c82e5121ab8f6aa61975d746e0d1"},"headline":"Retail Chain 2020","datePublished":"2020-10-01T09:06:00+00:00","dateModified":"2020-12-22T13:16:47+00:00","mainEntityOfPage":{"@id":"https:\/\/www.groupestarservice.com\/blog\/retail-chain-2020\/"},"wordCount":165,"commentCount":0,"image":{"@id":"https:\/\/www.groupestarservice.com\/blog\/retail-chain-2020\/#primaryimage"},"thumbnailUrl":"https:\/\/www.groupestarservice.com\/blog\/wp-content\/uploads\/2018\/10\/ALaUne_Techno.jpg","articleSection":["Agenda"],"inLanguage":"fr-FR"},{"@type":"WebPage","@id":"https:\/\/www.groupestarservice.com\/blog\/retail-chain-2020\/","url":"https:\/\/www.groupestarservice.com\/blog\/retail-chain-2020\/","name":"Retail Chain 2020","isPartOf":{"@id":"https:\/\/www.groupestarservice.com\/blog\/#website"},"primaryImageOfPage":{"@id":"https:\/\/www.groupestarservice.com\/blog\/retail-chain-2020\/#primaryimage"},"image":{"@id":"https:\/\/www.groupestarservice.com\/blog\/retail-chain-2020\/#primaryimage"},"thumbnailUrl":"https:\/\/www.groupestarservice.com\/blog\/wp-content\/uploads\/2018\/10\/ALaUne_Techno.jpg","datePublished":"2020-10-01T09:06:00+00:00","dateModified":"2020-12-22T13:16:47+00:00","author":{"@id":"https:\/\/www.groupestarservice.com\/blog\/#\/schema\/person\/2cd9c82e5121ab8f6aa61975d746e0d1"},"description":"Digitalisation, dernier kilom\u00e8tre, externalisation, multicanal, automatisation : Rendez-vous le jeudi 1er octobre \u00e0 Paris pour le salon Retail Chain 2020.","breadcrumb":{"@id":"https:\/\/www.groupestarservice.com\/blog\/retail-chain-2020\/#breadcrumb"},"inLanguage":"fr-FR","potentialAction":[{"@type":"ReadAction","target":["https:\/\/www.groupestarservice.com\/blog\/retail-chain-2020\/"]}]},{"@type":"ImageObject","inLanguage":"fr-FR","@id":"https:\/\/www.groupestarservice.com\/blog\/retail-chain-2020\/#primaryimage","url":"https:\/\/www.groupestarservice.com\/blog\/wp-content\/uploads\/2018\/10\/ALaUne_Techno.jpg","contentUrl":"https:\/\/www.groupestarservice.com\/blog\/wp-content\/uploads\/2018\/10\/ALaUne_Techno.jpg","width":1920,"height":890,"caption":"star service"},{"@type":"BreadcrumbList","@id":"https:\/\/www.groupestarservice.com\/blog\/retail-chain-2020\/#breadcrumb","itemListElement":[{"@type":"ListItem","position":1,"name":"Accueil","item":"https:\/\/www.groupestarservice.com\/blog\/"},{"@type":"ListItem","position":2,"name":"Retail Chain 2020"}]},{"@type":"WebSite","@id":"https:\/\/www.groupestarservice.com\/blog\/#website","url":"https:\/\/www.groupestarservice.com\/blog\/","name":"Star Service - Le rendez-vous du dernier km","description":"","potentialAction":[{"@type":"SearchAction","target":{"@type":"EntryPoint","urlTemplate":"https:\/\/www.groupestarservice.com\/blog\/?s={search_term_string}"},"query-input":{"@type":"PropertyValueSpecification","valueRequired":true,"valueName":"search_term_string"}}],"inLanguage":"fr-FR"},{"@type":"Person","@id":"https:\/\/www.groupestarservice.com\/blog\/#\/schema\/person\/2cd9c82e5121ab8f6aa61975d746e0d1","name":"cyma","image":{"@type":"ImageObject","inLanguage":"fr-FR","@id":"https:\/\/www.groupestarservice.com\/blog\/#\/schema\/person\/image\/","url":"https:\/\/secure.gravatar.com\/avatar\/9b11ec004641ddc4ab2c2fcae2953aecd4f734fd8a0c354c98224ade6086999e?s=96&d=mm&r=g","contentUrl":"https:\/\/secure.gravatar.com\/avatar\/9b11ec004641ddc4ab2c2fcae2953aecd4f734fd8a0c354c98224ade6086999e?s=96&d=mm&r=g","caption":"cyma"},"url":"https:\/\/www.groupestarservice.com\/blog\/author\/claire\/"}]}},"_links":{"self":[{"href":"https:\/\/www.groupestarservice.com\/blog\/wp-json\/wp\/v2\/posts\/2072","targetHints":{"allow":["GET"]}}],"collection":[{"href":"https:\/\/www.groupestarservice.com\/blog\/wp-json\/wp\/v2\/posts"}],"about":[{"href":"https:\/\/www.groupestarservice.com\/blog\/wp-json\/wp\/v2\/types\/post"}],"author":[{"embeddable":true,"href":"https:\/\/www.groupestarservice.com\/blog\/wp-json\/wp\/v2\/users\/2"}],"replies":[{"embeddable":true,"href":"https:\/\/www.groupestarservice.com\/blog\/wp-json\/wp\/v2\/comments?post=2072"}],"version-history":[{"count":17,"href":"https:\/\/www.groupestarservice.com\/blog\/wp-json\/wp\/v2\/posts\/2072\/revisions"}],"predecessor-version":[{"id":2747,"href":"https:\/\/www.groupestarservice.com\/blog\/wp-json\/wp\/v2\/posts\/2072\/revisions\/2747"}],"wp:featuredmedia":[{"embeddable":true,"href":"https:\/\/www.groupestarservice.com\/blog\/wp-json\/wp\/v2\/media\/456"}],"wp:attachment":[{"href":"https:\/\/www.groupestarservice.com\/blog\/wp-json\/wp\/v2\/media?parent=2072"}],"wp:term":[{"taxonomy":"category","embeddable":true,"href":"https:\/\/www.groupestarservice.com\/blog\/wp-json\/wp\/v2\/categories?post=2072"},{"taxonomy":"post_tag","embeddable":true,"href":"https:\/\/www.groupestarservice.com\/blog\/wp-json\/wp\/v2\/tags?post=2072"}],"curies":[{"name":"wp","href":"https:\/\/api.w.org\/{rel}","templated":true}]}}