{"id":2162,"date":"2020-04-28T10:57:54","date_gmt":"2020-04-28T08:57:54","guid":{"rendered":"https:\/\/www.groupestarservice.com\/blog\/\/?p=2162"},"modified":"2024-05-02T08:13:43","modified_gmt":"2024-05-02T06:13:43","slug":"livraison-du-dernier-kilometre-preparer-le-monde-dapres","status":"publish","type":"post","link":"https:\/\/www.groupestarservice.com\/blog\/livraison-du-dernier-kilometre-preparer-le-monde-dapres\/","title":{"rendered":"Livraison du dernier kilom\u00e8tre : pr\u00e9parer le monde d\u2019apr\u00e8s"},"content":{"rendered":"\n<p><em>Le contexte de pand\u00e9mie nous apprend \u00e0 mieux cibler les faiblesses de nos cha\u00eenes logistiques. Il convient de mettre en place des actions de s\u00e9curisation d\u00e8s \u00e0 pr\u00e9sent puis de construire les solutions de livraison de demain.<\/em><\/p>\n\n\n\n<blockquote class=\"wp-block-quote is-layout-flow wp-block-quote-is-layout-flow\">\n<p><strong><em>Plus que jamais, la livraison du dernier kilom\u00e8tre doit pr\u00e9parer l\u2019avenir en int\u00e9grant la gestion des risques sanitaires.&nbsp;<\/em><\/strong><\/p>\n<\/blockquote>\n\n\n\n<p>Dans l\u2019\u00e9mission La Terre au carr\u00e9 du 20 avril dernier, Val\u00e9rie Masson-Delmotte, co-pr\u00e9sidente du groupe d\u2019experts du GIEC, nous donne sa vision de \u00ab\u00a0l\u2019apr\u00e8s\u00a0\u00bb. Val\u00e9rie Masson-Delmotte caract\u00e9rise la situation actuelle avec le mot \u00ab fragilit\u00e9\u00a0\u00bb qu\u2019elle consid\u00e8re comme le contraire de la r\u00e9silience. Selon la scientifique, la fragilit\u00e9 n\u2019a pas pour autant de connotation n\u00e9gative, car l\u2019identification des vuln\u00e9rabilit\u00e9s et des expositions est essentielle dans la gestion des risques, afin de les r\u00e9duire. \u00ab\u00a0Voir ses fragilit\u00e9s est aussi une force, cela permet de savoir o\u00f9 agir et comment agir\u00a0\u00bb.<\/p>\n\n\n\n<p>Comment les fragilit\u00e9s de la livraison, mises en \u00e9vidence dans cette crise, peuvent-elles devenir une force&nbsp;pour mieux pr\u00e9parer le \u00ab&nbsp;monde d\u2019apr\u00e8s&nbsp;\u00bb&nbsp;?<\/p>\n\n\n\n<h2 class=\"wp-block-heading\"><strong>Des fragilit\u00e9s li\u00e9es \u00e0 l\u2019\u00e9quilibre des flux et aux approvisionnements<\/strong><\/h2>\n\n\n\n<p>Au-del\u00e0 du co\u00fbt des \u00e9quipements, les acteurs doivent r\u00e9organiser continuellement leurs activit\u00e9s, ils adaptent quotidiennement la planification de leurs ressources pour r\u00e9pondre \u00e0 la fluctuation des activit\u00e9s de leurs clients, ils r\u00e9am\u00e9nagent les plages horaires de travail notamment pour favoriser la distanciation sociale ; tous ces \u00e9l\u00e9ments repr\u00e9sentent des co\u00fbts compl\u00e9mentaires qui affaiblissent les marges d\u00e9j\u00e0 \u00e9troites. Certains segments de la<a href=\"https:\/\/www.groupestarservice.com\/logistique-du-dernier-kilometre\/\" target=\"_blank\" rel=\"noreferrer noopener\"> livraison du dernier kilom\u00e8tre<\/a> sont en croissance (l\u2019alimentaire) alors que d\u2019autres sont totalement arr\u00eat\u00e9s ou ralentis comme l\u2019e-commerce non alimentaire. Mais les v\u00e9hicules ne sont pas toujours les m\u00eames\u2026<\/p>\n\n\n\n<p>La mondialisation, qui se traduit par des cha\u00eenes d\u2019approvisionnement en flux tendus et une d\u00e9pendance des importations sur des composants ou du mat\u00e9riel strat\u00e9gique, constitue en situation de pand\u00e9mie une fragilit\u00e9. Nous retrouvons cette d\u00e9pendance sur l\u2019origine de principes pharmaceutiques actifs, import\u00e9s d\u2019Inde ou de Chine, mais aussi sur les \u00e9quipements de protection et sur de tr\u00e8s nombreux autres secteurs.<\/p>\n\n\n\n<p>Enfin, un circuit logistique court et efficace est n\u00e9cessaire pour r\u00e9pondre \u00e0 l\u2019urgence. En r\u00e9ponse \u00e0 la fragilit\u00e9 des stocks de masques, le projet R\u00e9silience, constitu\u00e9 d\u2019un groupement national de PME du textile, d\u2019entreprises d\u2019insertion et d\u2019entreprises adapt\u00e9es vise \u00e0 fabriquer des masques et \u00e9quiper en distribution de proximit\u00e9 les services publics, les entreprises des secteurs prioritaires ainsi que les associations d\u2019aide aux plus d\u00e9munis. Au triptyque \u00ab&nbsp;Qualit\u00e9-Co\u00fbt-D\u00e9lai&nbsp;\u00bb qui caract\u00e9rise la logistique s\u2019ajoutent les caract\u00e8res durable et soci\u00e9tal de la d\u00e9marche caract\u00e9ris\u00e9e par des solutions de livraison de proximit\u00e9.<\/p>\n\n\n\n<h2 class=\"wp-block-heading\"><strong>Des actions \u00e0 mener d\u00e8s \u00e0 pr\u00e9sent<\/strong><\/h2>\n\n\n\n<p>La sant\u00e9 des acteurs de la livraison&nbsp;est devenue un enjeu majeur pour continuer \u00e0 assurer l\u2019approvisionnement des biens de premi\u00e8re n\u00e9cessit\u00e9. Plusieurs leviers ont \u00e9t\u00e9 activ\u00e9s par les transporteurs. Tout d\u2019abord, les livreurs ont \u00e9t\u00e9 form\u00e9s au respect des r\u00e8gles sanitaires.<\/p>\n\n\n\n<p>La livraison sans contact est devenue la norme pendant le confinement. Une palette de solutions a \u00e9t\u00e9 d\u00e9velopp\u00e9e pour r\u00e9pondre \u00e0 l\u2019urgence, dont une partie est expos\u00e9e dans <a href=\"https:\/\/www.groupestarservice.com\/blog\/\/la-livraison-sans-contact-une-evolution-en-profondeur-des-pratiques\/\">notre article du 14 Avril<\/a>. Au-del\u00e0 du port de mat\u00e9riel de protection, le sp\u00e9cialiste de l\u2019am\u00e9nagement d\u2019utilitaires Gruau a con\u00e7u un syst\u00e8me de cloisonnement sanitaire pour habitacle. Ce syst\u00e8me simple et amovible permet d\u2019isoler chaque occupant du v\u00e9hicule, notamment lorsqu\u2019il y a deux livreurs dans le v\u00e9hicule.<\/p>\n\n\n\n<p>La pr\u00e9paration de l\u2019apr\u00e8s COVID-19 est diff\u00e9rente selon la situation des entreprises. Pour les acteurs de la livraison qui sont en pleine activit\u00e9, il s\u2019agit de se s\u00e9curiser voire d\u2019augmenter les capacit\u00e9s de transport. A l\u2019issue de la crise, les r\u00e9seaux de transport seront certainement perturb\u00e9s et les ports satur\u00e9s. Pour les logisticiens qui sont \u00e0 l&rsquo;arr\u00eat aujourd\u2019hui, il faut donc anticiper la reprise, par exemple en pr\u00e9r\u00e9servant des capacit\u00e9s de transport.<\/p>\n\n\n\n<h2 class=\"wp-block-heading\"><strong>La livraison sera-t-elle plus verte&nbsp;?<\/strong><\/h2>\n\n\n\n<p>Il est probable que cette p\u00e9riode renforce les synergies entre les diff\u00e9rents acteurs de la Supply Chain avec plus de transparence. La digitalisation de la Supply Chain et la Blockchain pourraient alors conna\u00eetre une croissance plus rapide. Une partie de la production pourrait \u00eatre relocalis\u00e9e en Europe, transformant ainsi les flux. Il est \u00e9galement probable que les niveaux de stock augmentent, agissant ainsi sur l\u2019immobilier logistique.<\/p>\n\n\n\n<p>Les comportements des consommateurs \u00e0 l\u2019issue du confinement influenceront beaucoup les flux de transport du dernier kilom\u00e8tre. La livraison \u00e0 domicile, qui conna\u00eet une forte croissance,&nbsp;perdurera-t-elle ? Si tel est le cas il faudra adapter les moyens, les capacit\u00e9s de livraisons et s\u2019organiser pour r\u00e9pondre \u00e0 la demande sur le long terme.<\/p>\n\n\n\n<p>Selon <a href=\"http:\/\/www.simaonlus.it\/wpsima\/wp-content\/uploads\/2020\/03\/COVID19_Position-Paper_Relazione-circa-l%E2%80%99effetto-dell%E2%80%99inquinamento-da-particolato-atmosferico-e-la-diffusione-di-virus-nella-popolazione.pdf\">une \u00e9tude de la soci\u00e9t\u00e9 italienne de m\u00e9decine environnementale (SIMA)<\/a>, il est probable que la concentration de particules fines aide le virus \u00e0 stagner et \u00e0 circuler dans l\u2019air ambiant. Une corr\u00e9lation entre la qualit\u00e9 de l\u2019air et le nombre de cas atteints de coronavirus a \u00e9t\u00e9 constat\u00e9e dans le Nord de l\u2019Italie, notamment dans la plaine du P\u00f4. <a href=\"https:\/\/www.nejm.org\/doi\/10.1056\/NEJMc2004973\">Une autre \u00e9tude publi\u00e9e le 17 mars<\/a> dans The New England Journal of Medecine \u00e9tablit que le COVID-19 peut rester accroch\u00e9 3h sur des particules fines en suspension. Bien que la survie du virus pendant sa phase active sur des particules en suspension reste encore \u00e0 prouver, il est plus que jamais n\u00e9cessaire de s\u2019orienter vers des solutions de livraison \u00e9cologiques. Les villes pourraient donc jouer cette carte, en adaptant leurs r\u00e9glementations et en accompagnant les investissements engag\u00e9s.<\/p>\n\n\n\n<p>Nous parlons souvent de \u00ab&nbsp;crise&nbsp;\u00bb du COVID-19. Ce terme d\u00e9signe un ph\u00e9nom\u00e8ne ponctuel et sous-entend que la situation se r\u00e9tablira \u00ab&nbsp;comme avant&nbsp;\u00bb, ce qui semble toutefois illusoire dans le cas pr\u00e9sent. Les acteurs de la livraison du dernier kilom\u00e8tre ont alors un r\u00f4le strat\u00e9gique \u00e0 jouer pour accompagner la transformation de la demande.<\/p>\n\n\n\n<hr class=\"wp-block-separator has-css-opacity\"\/>\n","protected":false},"excerpt":{"rendered":"<p>Le contexte de pand\u00e9mie nous apprend \u00e0 mieux cibler les faiblesses de nos cha\u00eenes logistiques. Il convient de mettre en place des actions de s\u00e9curisation d\u00e8s \u00e0 pr\u00e9sent puis de construire les solutions de livraison de demain. Plus que jamais,&#8230;<\/p>\n","protected":false},"author":2,"featured_media":2169,"comment_status":"open","ping_status":"open","sticky":false,"template":"","format":"standard","meta":{"_acf_changed":false,"twitterCardType":"","cardImageID":0,"cardImage":"","cardTitle":"","cardDesc":"","cardImageAlt":"","cardPlayer":"","cardPlayerWidth":0,"cardPlayerHeight":0,"cardPlayerStream":"","cardPlayerCodec":"","footnotes":""},"categories":[26],"tags":[],"class_list":["post-2162","post","type-post","status-publish","format-standard","has-post-thumbnail","hentry","category-informations-marche"],"acf":[],"yoast_head":"<!-- This site is optimized with the Yoast SEO plugin v27.0 - https:\/\/yoast.com\/product\/yoast-seo-wordpress\/ -->\n<title>Livraison du dernier kilom\u00e8tre : pr\u00e9parer le monde d\u2019apr\u00e8s | Star Service<\/title>\n<meta name=\"description\" content=\"Le contexte de pand\u00e9mie nous apprend qu&#039;il faut mettre en place des actions de s\u00e9curisation construire les solutions de livraison de demain.\" \/>\n<meta name=\"robots\" content=\"index, follow, max-snippet:-1, max-image-preview:large, max-video-preview:-1\" \/>\n<link rel=\"canonical\" href=\"https:\/\/www.groupestarservice.com\/blog\/livraison-du-dernier-kilometre-preparer-le-monde-dapres\/\" \/>\n<meta property=\"og:locale\" content=\"fr_FR\" \/>\n<meta property=\"og:type\" content=\"article\" \/>\n<meta property=\"og:title\" content=\"Livraison du dernier kilom\u00e8tre : pr\u00e9parer le monde d\u2019apr\u00e8s | Star Service\" \/>\n<meta property=\"og:description\" content=\"Le contexte de pand\u00e9mie nous apprend qu&#039;il faut mettre en place des actions de s\u00e9curisation construire les solutions de livraison de demain.\" \/>\n<meta property=\"og:url\" content=\"https:\/\/www.groupestarservice.com\/blog\/livraison-du-dernier-kilometre-preparer-le-monde-dapres\/\" \/>\n<meta property=\"og:site_name\" content=\"Star Service - Le rendez-vous du dernier km\" \/>\n<meta property=\"article:published_time\" content=\"2020-04-28T08:57:54+00:00\" \/>\n<meta property=\"article:modified_time\" content=\"2024-05-02T06:13:43+00:00\" \/>\n<meta property=\"og:image\" content=\"https:\/\/www.groupestarservice.com\/blog\/wp-content\/uploads\/2020\/04\/Visuel-Blog-1140-min.png\" \/>\n\t<meta property=\"og:image:width\" content=\"1140\" \/>\n\t<meta property=\"og:image:height\" content=\"530\" \/>\n\t<meta property=\"og:image:type\" content=\"image\/png\" \/>\n<meta name=\"author\" content=\"cyma\" \/>\n<meta name=\"twitter:card\" content=\"summary_large_image\" \/>\n<meta name=\"twitter:creator\" content=\"@Starsservice\" \/>\n<meta name=\"twitter:site\" content=\"@Starsservice\" \/>\n<meta name=\"twitter:label1\" content=\"\u00c9crit par\" \/>\n\t<meta name=\"twitter:data1\" content=\"cyma\" \/>\n\t<meta name=\"twitter:label2\" content=\"Dur\u00e9e de lecture estim\u00e9e\" \/>\n\t<meta name=\"twitter:data2\" content=\"5 minutes\" \/>\n<script type=\"application\/ld+json\" class=\"yoast-schema-graph\">{\"@context\":\"https:\/\/schema.org\",\"@graph\":[{\"@type\":\"Article\",\"@id\":\"https:\/\/www.groupestarservice.com\/blog\/livraison-du-dernier-kilometre-preparer-le-monde-dapres\/#article\",\"isPartOf\":{\"@id\":\"https:\/\/www.groupestarservice.com\/blog\/livraison-du-dernier-kilometre-preparer-le-monde-dapres\/\"},\"author\":{\"name\":\"cyma\",\"@id\":\"https:\/\/www.groupestarservice.com\/blog\/#\/schema\/person\/2cd9c82e5121ab8f6aa61975d746e0d1\"},\"headline\":\"Livraison du dernier kilom\u00e8tre : pr\u00e9parer le monde d\u2019apr\u00e8s\",\"datePublished\":\"2020-04-28T08:57:54+00:00\",\"dateModified\":\"2024-05-02T06:13:43+00:00\",\"mainEntityOfPage\":{\"@id\":\"https:\/\/www.groupestarservice.com\/blog\/livraison-du-dernier-kilometre-preparer-le-monde-dapres\/\"},\"wordCount\":1089,\"commentCount\":0,\"image\":{\"@id\":\"https:\/\/www.groupestarservice.com\/blog\/livraison-du-dernier-kilometre-preparer-le-monde-dapres\/#primaryimage\"},\"thumbnailUrl\":\"https:\/\/www.groupestarservice.com\/blog\/wp-content\/uploads\/2020\/04\/Visuel-Blog-1140-min.png\",\"articleSection\":[\"Informations march\u00e9\"],\"inLanguage\":\"fr-FR\"},{\"@type\":\"WebPage\",\"@id\":\"https:\/\/www.groupestarservice.com\/blog\/livraison-du-dernier-kilometre-preparer-le-monde-dapres\/\",\"url\":\"https:\/\/www.groupestarservice.com\/blog\/livraison-du-dernier-kilometre-preparer-le-monde-dapres\/\",\"name\":\"Livraison du dernier kilom\u00e8tre : pr\u00e9parer le monde d\u2019apr\u00e8s | Star Service\",\"isPartOf\":{\"@id\":\"https:\/\/www.groupestarservice.com\/blog\/#website\"},\"primaryImageOfPage\":{\"@id\":\"https:\/\/www.groupestarservice.com\/blog\/livraison-du-dernier-kilometre-preparer-le-monde-dapres\/#primaryimage\"},\"image\":{\"@id\":\"https:\/\/www.groupestarservice.com\/blog\/livraison-du-dernier-kilometre-preparer-le-monde-dapres\/#primaryimage\"},\"thumbnailUrl\":\"https:\/\/www.groupestarservice.com\/blog\/wp-content\/uploads\/2020\/04\/Visuel-Blog-1140-min.png\",\"datePublished\":\"2020-04-28T08:57:54+00:00\",\"dateModified\":\"2024-05-02T06:13:43+00:00\",\"author\":{\"@id\":\"https:\/\/www.groupestarservice.com\/blog\/#\/schema\/person\/2cd9c82e5121ab8f6aa61975d746e0d1\"},\"description\":\"Le contexte de pand\u00e9mie nous apprend qu'il faut mettre en place des actions de s\u00e9curisation construire les solutions de livraison de demain.\",\"breadcrumb\":{\"@id\":\"https:\/\/www.groupestarservice.com\/blog\/livraison-du-dernier-kilometre-preparer-le-monde-dapres\/#breadcrumb\"},\"inLanguage\":\"fr-FR\",\"potentialAction\":[{\"@type\":\"ReadAction\",\"target\":[\"https:\/\/www.groupestarservice.com\/blog\/livraison-du-dernier-kilometre-preparer-le-monde-dapres\/\"]}]},{\"@type\":\"ImageObject\",\"inLanguage\":\"fr-FR\",\"@id\":\"https:\/\/www.groupestarservice.com\/blog\/livraison-du-dernier-kilometre-preparer-le-monde-dapres\/#primaryimage\",\"url\":\"https:\/\/www.groupestarservice.com\/blog\/wp-content\/uploads\/2020\/04\/Visuel-Blog-1140-min.png\",\"contentUrl\":\"https:\/\/www.groupestarservice.com\/blog\/wp-content\/uploads\/2020\/04\/Visuel-Blog-1140-min.png\",\"width\":1140,\"height\":530,\"caption\":\"logistique covid\"},{\"@type\":\"BreadcrumbList\",\"@id\":\"https:\/\/www.groupestarservice.com\/blog\/livraison-du-dernier-kilometre-preparer-le-monde-dapres\/#breadcrumb\",\"itemListElement\":[{\"@type\":\"ListItem\",\"position\":1,\"name\":\"Accueil\",\"item\":\"https:\/\/www.groupestarservice.com\/blog\/\"},{\"@type\":\"ListItem\",\"position\":2,\"name\":\"Livraison du dernier kilom\u00e8tre : pr\u00e9parer le monde d\u2019apr\u00e8s\"}]},{\"@type\":\"WebSite\",\"@id\":\"https:\/\/www.groupestarservice.com\/blog\/#website\",\"url\":\"https:\/\/www.groupestarservice.com\/blog\/\",\"name\":\"Star Service - Le rendez-vous du dernier km\",\"description\":\"\",\"potentialAction\":[{\"@type\":\"SearchAction\",\"target\":{\"@type\":\"EntryPoint\",\"urlTemplate\":\"https:\/\/www.groupestarservice.com\/blog\/?s={search_term_string}\"},\"query-input\":{\"@type\":\"PropertyValueSpecification\",\"valueRequired\":true,\"valueName\":\"search_term_string\"}}],\"inLanguage\":\"fr-FR\"},{\"@type\":\"Person\",\"@id\":\"https:\/\/www.groupestarservice.com\/blog\/#\/schema\/person\/2cd9c82e5121ab8f6aa61975d746e0d1\",\"name\":\"cyma\",\"image\":{\"@type\":\"ImageObject\",\"inLanguage\":\"fr-FR\",\"@id\":\"https:\/\/www.groupestarservice.com\/blog\/#\/schema\/person\/image\/\",\"url\":\"https:\/\/secure.gravatar.com\/avatar\/9b11ec004641ddc4ab2c2fcae2953aecd4f734fd8a0c354c98224ade6086999e?s=96&d=mm&r=g\",\"contentUrl\":\"https:\/\/secure.gravatar.com\/avatar\/9b11ec004641ddc4ab2c2fcae2953aecd4f734fd8a0c354c98224ade6086999e?s=96&d=mm&r=g\",\"caption\":\"cyma\"},\"url\":\"https:\/\/www.groupestarservice.com\/blog\/author\/claire\/\"}]}<\/script>\n<!-- \/ Yoast SEO plugin. -->","yoast_head_json":{"title":"Livraison du dernier kilom\u00e8tre : pr\u00e9parer le monde d\u2019apr\u00e8s | Star Service","description":"Le contexte de pand\u00e9mie nous apprend qu'il faut mettre en place des actions de s\u00e9curisation construire les solutions de livraison de demain.","robots":{"index":"index","follow":"follow","max-snippet":"max-snippet:-1","max-image-preview":"max-image-preview:large","max-video-preview":"max-video-preview:-1"},"canonical":"https:\/\/www.groupestarservice.com\/blog\/livraison-du-dernier-kilometre-preparer-le-monde-dapres\/","og_locale":"fr_FR","og_type":"article","og_title":"Livraison du dernier kilom\u00e8tre : pr\u00e9parer le monde d\u2019apr\u00e8s | Star Service","og_description":"Le contexte de pand\u00e9mie nous apprend qu'il faut mettre en place des actions de s\u00e9curisation construire les solutions de livraison de demain.","og_url":"https:\/\/www.groupestarservice.com\/blog\/livraison-du-dernier-kilometre-preparer-le-monde-dapres\/","og_site_name":"Star Service - Le rendez-vous du dernier km","article_published_time":"2020-04-28T08:57:54+00:00","article_modified_time":"2024-05-02T06:13:43+00:00","og_image":[{"width":1140,"height":530,"url":"https:\/\/www.groupestarservice.com\/blog\/wp-content\/uploads\/2020\/04\/Visuel-Blog-1140-min.png","type":"image\/png"}],"author":"cyma","twitter_card":"summary_large_image","twitter_creator":"@Starsservice","twitter_site":"@Starsservice","twitter_misc":{"\u00c9crit par":"cyma","Dur\u00e9e de lecture estim\u00e9e":"5 minutes"},"schema":{"@context":"https:\/\/schema.org","@graph":[{"@type":"Article","@id":"https:\/\/www.groupestarservice.com\/blog\/livraison-du-dernier-kilometre-preparer-le-monde-dapres\/#article","isPartOf":{"@id":"https:\/\/www.groupestarservice.com\/blog\/livraison-du-dernier-kilometre-preparer-le-monde-dapres\/"},"author":{"name":"cyma","@id":"https:\/\/www.groupestarservice.com\/blog\/#\/schema\/person\/2cd9c82e5121ab8f6aa61975d746e0d1"},"headline":"Livraison du dernier kilom\u00e8tre : pr\u00e9parer le monde d\u2019apr\u00e8s","datePublished":"2020-04-28T08:57:54+00:00","dateModified":"2024-05-02T06:13:43+00:00","mainEntityOfPage":{"@id":"https:\/\/www.groupestarservice.com\/blog\/livraison-du-dernier-kilometre-preparer-le-monde-dapres\/"},"wordCount":1089,"commentCount":0,"image":{"@id":"https:\/\/www.groupestarservice.com\/blog\/livraison-du-dernier-kilometre-preparer-le-monde-dapres\/#primaryimage"},"thumbnailUrl":"https:\/\/www.groupestarservice.com\/blog\/wp-content\/uploads\/2020\/04\/Visuel-Blog-1140-min.png","articleSection":["Informations march\u00e9"],"inLanguage":"fr-FR"},{"@type":"WebPage","@id":"https:\/\/www.groupestarservice.com\/blog\/livraison-du-dernier-kilometre-preparer-le-monde-dapres\/","url":"https:\/\/www.groupestarservice.com\/blog\/livraison-du-dernier-kilometre-preparer-le-monde-dapres\/","name":"Livraison du dernier kilom\u00e8tre : pr\u00e9parer le monde d\u2019apr\u00e8s | Star Service","isPartOf":{"@id":"https:\/\/www.groupestarservice.com\/blog\/#website"},"primaryImageOfPage":{"@id":"https:\/\/www.groupestarservice.com\/blog\/livraison-du-dernier-kilometre-preparer-le-monde-dapres\/#primaryimage"},"image":{"@id":"https:\/\/www.groupestarservice.com\/blog\/livraison-du-dernier-kilometre-preparer-le-monde-dapres\/#primaryimage"},"thumbnailUrl":"https:\/\/www.groupestarservice.com\/blog\/wp-content\/uploads\/2020\/04\/Visuel-Blog-1140-min.png","datePublished":"2020-04-28T08:57:54+00:00","dateModified":"2024-05-02T06:13:43+00:00","author":{"@id":"https:\/\/www.groupestarservice.com\/blog\/#\/schema\/person\/2cd9c82e5121ab8f6aa61975d746e0d1"},"description":"Le contexte de pand\u00e9mie nous apprend qu'il faut mettre en place des actions de s\u00e9curisation construire les solutions de livraison de demain.","breadcrumb":{"@id":"https:\/\/www.groupestarservice.com\/blog\/livraison-du-dernier-kilometre-preparer-le-monde-dapres\/#breadcrumb"},"inLanguage":"fr-FR","potentialAction":[{"@type":"ReadAction","target":["https:\/\/www.groupestarservice.com\/blog\/livraison-du-dernier-kilometre-preparer-le-monde-dapres\/"]}]},{"@type":"ImageObject","inLanguage":"fr-FR","@id":"https:\/\/www.groupestarservice.com\/blog\/livraison-du-dernier-kilometre-preparer-le-monde-dapres\/#primaryimage","url":"https:\/\/www.groupestarservice.com\/blog\/wp-content\/uploads\/2020\/04\/Visuel-Blog-1140-min.png","contentUrl":"https:\/\/www.groupestarservice.com\/blog\/wp-content\/uploads\/2020\/04\/Visuel-Blog-1140-min.png","width":1140,"height":530,"caption":"logistique covid"},{"@type":"BreadcrumbList","@id":"https:\/\/www.groupestarservice.com\/blog\/livraison-du-dernier-kilometre-preparer-le-monde-dapres\/#breadcrumb","itemListElement":[{"@type":"ListItem","position":1,"name":"Accueil","item":"https:\/\/www.groupestarservice.com\/blog\/"},{"@type":"ListItem","position":2,"name":"Livraison du dernier kilom\u00e8tre : pr\u00e9parer le monde d\u2019apr\u00e8s"}]},{"@type":"WebSite","@id":"https:\/\/www.groupestarservice.com\/blog\/#website","url":"https:\/\/www.groupestarservice.com\/blog\/","name":"Star Service - Le rendez-vous du dernier km","description":"","potentialAction":[{"@type":"SearchAction","target":{"@type":"EntryPoint","urlTemplate":"https:\/\/www.groupestarservice.com\/blog\/?s={search_term_string}"},"query-input":{"@type":"PropertyValueSpecification","valueRequired":true,"valueName":"search_term_string"}}],"inLanguage":"fr-FR"},{"@type":"Person","@id":"https:\/\/www.groupestarservice.com\/blog\/#\/schema\/person\/2cd9c82e5121ab8f6aa61975d746e0d1","name":"cyma","image":{"@type":"ImageObject","inLanguage":"fr-FR","@id":"https:\/\/www.groupestarservice.com\/blog\/#\/schema\/person\/image\/","url":"https:\/\/secure.gravatar.com\/avatar\/9b11ec004641ddc4ab2c2fcae2953aecd4f734fd8a0c354c98224ade6086999e?s=96&d=mm&r=g","contentUrl":"https:\/\/secure.gravatar.com\/avatar\/9b11ec004641ddc4ab2c2fcae2953aecd4f734fd8a0c354c98224ade6086999e?s=96&d=mm&r=g","caption":"cyma"},"url":"https:\/\/www.groupestarservice.com\/blog\/author\/claire\/"}]}},"_links":{"self":[{"href":"https:\/\/www.groupestarservice.com\/blog\/wp-json\/wp\/v2\/posts\/2162","targetHints":{"allow":["GET"]}}],"collection":[{"href":"https:\/\/www.groupestarservice.com\/blog\/wp-json\/wp\/v2\/posts"}],"about":[{"href":"https:\/\/www.groupestarservice.com\/blog\/wp-json\/wp\/v2\/types\/post"}],"author":[{"embeddable":true,"href":"https:\/\/www.groupestarservice.com\/blog\/wp-json\/wp\/v2\/users\/2"}],"replies":[{"embeddable":true,"href":"https:\/\/www.groupestarservice.com\/blog\/wp-json\/wp\/v2\/comments?post=2162"}],"version-history":[{"count":7,"href":"https:\/\/www.groupestarservice.com\/blog\/wp-json\/wp\/v2\/posts\/2162\/revisions"}],"predecessor-version":[{"id":5056,"href":"https:\/\/www.groupestarservice.com\/blog\/wp-json\/wp\/v2\/posts\/2162\/revisions\/5056"}],"wp:featuredmedia":[{"embeddable":true,"href":"https:\/\/www.groupestarservice.com\/blog\/wp-json\/wp\/v2\/media\/2169"}],"wp:attachment":[{"href":"https:\/\/www.groupestarservice.com\/blog\/wp-json\/wp\/v2\/media?parent=2162"}],"wp:term":[{"taxonomy":"category","embeddable":true,"href":"https:\/\/www.groupestarservice.com\/blog\/wp-json\/wp\/v2\/categories?post=2162"},{"taxonomy":"post_tag","embeddable":true,"href":"https:\/\/www.groupestarservice.com\/blog\/wp-json\/wp\/v2\/tags?post=2162"}],"curies":[{"name":"wp","href":"https:\/\/api.w.org\/{rel}","templated":true}]}}