{"id":2357,"date":"2020-07-23T17:29:34","date_gmt":"2020-07-23T15:29:34","guid":{"rendered":"https:\/\/www.groupestarservice.com\/blog\/\/?p=2357"},"modified":"2022-08-18T16:04:31","modified_gmt":"2022-08-18T14:04:31","slug":"vehicules-de-livraison-electrique-une-offre-en-mutation","status":"publish","type":"post","link":"https:\/\/www.groupestarservice.com\/blog\/vehicules-de-livraison-electrique-une-offre-en-mutation\/","title":{"rendered":"V\u00e9hicules de livraison \u00e9lectrique : une offre en mutation"},"content":{"rendered":"\n<p><em>Pour r\u00e9pondre aux exigences r\u00e9glementaires dans les villes, les constructeurs d\u00e9ploient une gamme plus \u00e9tendue de v\u00e9hicules \u00e9lectrique de <strong>livraison<\/strong> du dernier kilom\u00e8tre. C\u2019est l\u00e0 une bonne nouvelle pour accompagner la reprise du march\u00e9.<\/em><\/p>\n\n\n\n<p>En parall\u00e8le avec la croissance des <strong>livraisons<\/strong> de colis en ville, notamment du fait de l\u2019e-commerce, les r\u00e8glementations de circulation dans les centres villes s\u2019av\u00e8rent \u00eatre de plus en plus exigeantes. Pr\u00e9sent\u00e9 le 2 Juillet par le Minist\u00e8re de la Transition \u00e9cologique aux membres du Conseil National de l\u2019Air, le <a href=\"https:\/\/www.ecologique-solidaire.gouv.fr\/conseil-national-lair-elisabeth-borne-confirme-creation-dune-dizaine-nouvelles-zones-faibles\" target=\"_blank\" aria-label=\"undefined (s\u2019ouvre dans un nouvel onglet)\" rel=\"noreferrer noopener\">projet de d\u00e9cret<\/a> sur les zones \u00e0 faibles \u00e9missions (ZFE) annonce la cr\u00e9ation d\u2019une dizaine de ZFE d\u00e8s 2021. L\u2019objectif est de respecter les obligations europ\u00e9ennes en termes de qualit\u00e9 de l\u2019air, notamment sur les territoires qui d\u00e9passent r\u00e9guli\u00e8rement les normes autoris\u00e9es, d\u2019ici fin 2023. La Commission Europ\u00e9enne a en effet adress\u00e9 \u00e0 la France un rappel concernant ses engagements nationaux de r\u00e9duction de GES, et notamment d\u2019Oxydes d\u2019azote (Nox) et de particules fines, explicit\u00e9s dans la directive (UE) 2016\/2284 adopt\u00e9e en D\u00e9cembre 2016.<a href=\"#_ftn1\" target=\"_blank\" aria-label=\"undefined (s\u2019ouvre dans un nouvel onglet)\" rel=\"noreferrer noopener\">[1]<\/a><\/p>\n\n\n\n<p>Les <strong>transporteurs<\/strong> doivent donc adapter leur flotte de v\u00e9hicules afin de respecter les niveaux progressivement impos\u00e9s dans les ZFE. Dans un communiqu\u00e9, le Minist\u00e8re de la Transition \u00e9cologique les soutient dans cette \u00e9volution. Il indique notamment que \u00ab&nbsp;pour accompagner le renouvellement des v\u00e9hicules les plus anciens dans ces territoires, la prime \u00e0 la conversion dans les zones \u00e0 faible \u00e9mission peut, depuis le 1er juin 2020, \u00eatre augment\u00e9e de 2000 euros abond\u00e9s \u00e0 50 % par l\u2019Etat&nbsp;\u00bb.<\/p>\n\n\n\n<h2 class=\"wp-block-heading\"><strong>Les constructeurs automobiles mettent les bouch\u00e9es doubles<\/strong><\/h2>\n\n\n\n<p>Une offre de plus en plus \u00e9tendue de v\u00e9hicules utilitaires \u00e9lectriques, pouvant r\u00e9pondre aux exigences r\u00e9glementaires \u00e0 venir des ZFE, est disponible sur le march\u00e9. C\u2019est l\u00e0 une bonne nouvelle qui laisse augurer une part de march\u00e9 plus importante pour la motorisation \u00e9lectrique que ce qu\u2019elle a \u00e9t\u00e9 les derni\u00e8res ann\u00e9es. En juin 2020, certes dans un contexte encore difficile, la part de march\u00e9 du VUL \u00e9lectrique est de 3,1% alors qu\u2019elle \u00e9tait de 1,3% en 2019.<\/p>\n\n\n\n<p>L\u2019autonomie de ces v\u00e9hicules est compatible avec les kilom\u00e9trages moyens des <strong>livraisons urbaines,<\/strong> notamment si les op\u00e9rateurs de <strong>livraison du dernier kilom\u00e8tre<\/strong> disposent d\u2019espaces logistiques en proximit\u00e9 des zones de <strong>livraison<\/strong>.<\/p>\n\n\n\n<p>Sans \u00eatre exhaustif, voici quelques-uns des principaux mod\u00e8les des grands constructeurs automobiles&nbsp;:<\/p>\n\n\n\n<p>Le <a href=\"https:\/\/www.van.man\/de\/en\/models\/man-etge\/etge.html\" target=\"_blank\" aria-label=\"undefined (s\u2019ouvre dans un nouvel onglet)\" rel=\"noreferrer noopener\">MAN eTGE<\/a> de 10,7 m<sup>3<\/sup> offre une autonomie de 176km. Il est compatible avec un mode de recharge rapide. La batterie peut ainsi \u00eatre recharg\u00e9e \u00e0 hauteur de 80% en 45 minutes, et int\u00e9gralement en environ 1h. <a href=\"https:\/\/www.volkswagen.dk\/da\/modeller\/e-crafter.html\" target=\"_blank\" aria-label=\"undefined (s\u2019ouvre dans un nouvel onglet)\" rel=\"noreferrer noopener\">Le eCrafter de Volkswagen<\/a> est construit sur la m\u00eame plateforme.<\/p>\n\n\n\n<figure class=\"wp-block-image size-large\"><img decoding=\"async\" width=\"1024\" height=\"371\" src=\"https:\/\/www.groupestarservice.com\/blog\/\/wp-content\/uploads\/2020\/07\/cta_etge_2048x741_v2_jpg-1024x371.jpg\" alt=\"V\u00e9hicules de livraison \u00e9lectrique\" class=\"wp-image-2359\" srcset=\"https:\/\/www.groupestarservice.com\/blog\/wp-content\/uploads\/2020\/07\/cta_etge_2048x741_v2_jpg-1024x371.jpg 1024w, https:\/\/www.groupestarservice.com\/blog\/wp-content\/uploads\/2020\/07\/cta_etge_2048x741_v2_jpg-300x109.jpg 300w, https:\/\/www.groupestarservice.com\/blog\/wp-content\/uploads\/2020\/07\/cta_etge_2048x741_v2_jpg-768x278.jpg 768w, https:\/\/www.groupestarservice.com\/blog\/wp-content\/uploads\/2020\/07\/cta_etge_2048x741_v2_jpg-1536x556.jpg 1536w, https:\/\/www.groupestarservice.com\/blog\/wp-content\/uploads\/2020\/07\/cta_etge_2048x741_v2_jpg.jpg 2048w\" sizes=\"(max-width: 1024px) 100vw, 1024px\" \/><figcaption>Source : <a href=\"https:\/\/www.van.man\/de\/en\/models\/man-etge\/etge.html\" target=\"_blank\" aria-label=\"undefined (s\u2019ouvre dans un nouvel onglet)\" rel=\"noreferrer noopener\">https:\/\/www.van.man\/de\/en\/models\/man-etge\/etge.html<\/a><\/figcaption><\/figure>\n\n\n\n<p>Nissan propose son v\u00e9hicule e-NV200 en version 4 m3 mais aussi en version 8 m\u00b2 con\u00e7ue par Voltia et transform\u00e9 par Gruau (<a href=\"https:\/\/www.voltia.com\/fr\/\" target=\"_blank\" aria-label=\"undefined (s\u2019ouvre dans un nouvel onglet)\" rel=\"noreferrer noopener\">Nissan e-NV 200 XL Voltia<\/a>).<\/p>\n\n\n\n<p>Mercedes-Benz propose 2 mod\u00e8les. Le eVito, en 6 ou 6,6 m3, est bien adapt\u00e9 aux exploitations de <strong>livraison urbaine<\/strong> utilisant des parking souterrains, gr\u00e2ce \u00e0 sa hauteur limit\u00e9e. &nbsp;Depuis le 8 Juin, le eSprinter est disponible \u00e0 la commande, en fourgon de 11m<sup>3<\/sup>.<\/p>\n\n\n\n<p>Ainsi, dans le segment des v\u00e9hicules utilitaires de 10 \u00e0&nbsp;12 m3, les op\u00e9rateurs de <strong>livraison<\/strong> ont enfin le choix entre plusieurs nouveaux mod\u00e8les, mais aussi le Renault Master ZE, d\u00e9j\u00e0 commercialis\u00e9 depuis 2018.<\/p>\n\n\n\n<p>Le constructeur Ford propose quant \u00e0 lui une version hybride Essence\/\u00e9lectrique de l\u2019utilitaire, avec le Transit Custom. Le moteur thermique essence fait office de g\u00e9n\u00e9rateur d\u2019\u00e9lectricit\u00e9 lorsque la batterie est d\u00e9charg\u00e9e. Commercialis\u00e9 en deux longueurs, l\u2019autonomie totale du v\u00e9hicule atteint 500km pour une charge utile de 1000kg.<\/p>\n\n\n\n<p>Le fabricant historique fran\u00e7ais Goupil propose plusieurs mod\u00e8les avec un avantage de largeur du v\u00e9hicule qui lui permet de s\u2019ins\u00e9rer entre les bornes hydrauliques des centres villes, comme les v\u00e9locargos. Le <a aria-label=\"undefined (s\u2019ouvre dans un nouvel onglet)\" href=\"https:\/\/www.goupil-ev.com\/g4\" target=\"_blank\" rel=\"noreferrer noopener\">Goupil G4<\/a> a une charge utile de 1200kg et une capacit\u00e9 de 3,3m\u00b3. Limit\u00e9 \u00e0 50km\/h, sa batterie lithium de 14kWh lui assure une autonomie de 110km. Le Goupil G5, lanc\u00e9 en 2010, offre une capacit\u00e9 sup\u00e9rieure, avec 6,3m\u00b3. Sa batterie plus puissante, de 19kWh, permet une vitesse jusqu\u2019\u00e0 70km\/h et 150 km d\u2019autonomie. La sortie du <a aria-label=\"undefined (s\u2019ouvre dans un nouvel onglet)\" href=\"https:\/\/www.goupil-ev.com\/g6-2020\" target=\"_blank\" rel=\"noreferrer noopener\">Goupil G6<\/a> est pr\u00e9vue pour l\u2019automne 2020. Il offrira une charge utile de 1200 kg (9m\u00b3 de capacit\u00e9) pour une vitesse maximale de 80km\/h et 150km d\u2019autonomie.<\/p>\n\n\n\n<figure class=\"wp-block-image size-large\"><img decoding=\"async\" width=\"584\" height=\"390\" src=\"https:\/\/www.groupestarservice.com\/blog\/\/wp-content\/uploads\/2020\/07\/G6_2.png\" alt=\"V\u00e9hicules de livraison \u00e9lectrique\" class=\"wp-image-2360\" srcset=\"https:\/\/www.groupestarservice.com\/blog\/wp-content\/uploads\/2020\/07\/G6_2.png 584w, https:\/\/www.groupestarservice.com\/blog\/wp-content\/uploads\/2020\/07\/G6_2-300x200.png 300w\" sizes=\"(max-width: 584px) 100vw, 584px\" \/><figcaption>Source : <a href=\"https:\/\/www.goupil-ev.com\/g6-2020\" target=\"_blank\" aria-label=\"undefined (s\u2019ouvre dans un nouvel onglet)\" rel=\"noreferrer noopener\">https:\/\/www.goupil-ev.com\/g6-2020 <\/a><\/figcaption><\/figure>\n\n\n\n<h2 class=\"wp-block-heading\"><strong>La fin de l\u2019ann\u00e9e verra arriver de nouveaux mod\u00e8les<\/strong><\/h2>\n\n\n\n<p>Apr\u00e8s avoir vendu pr\u00e8s de 145 000 Jumpy depuis 2016, le groupe Peugeot-Citro\u00ebn annonce le lancement de la version \u00e9lectrique courant 2020. Les VUL Citro\u00ebn \u00eb-Jumpy \/ Citro\u00ebn \u00eb-Dispatch atteindront selon les mod\u00e8les de batteries, de 230 \u00e0 330 km d\u2019autonomie.<\/p>\n\n\n\n<p>Le \u00eb-Jumpy sera r\u00e9alis\u00e9 sur la m\u00eame plateforme que les mod\u00e8les Peugeot e-Expert, Toyota Proace \u00e9lectrique et e-Vivaro d\u2019Opel. L\u2019<a href=\"https:\/\/www.opel.fr\/vehicules\/vivaro-c\/panel-van\/electric-experience.html\" target=\"_blank\" aria-label=\"undefined (s\u2019ouvre dans un nouvel onglet)\" rel=\"noreferrer noopener\">e-Vivaro d\u2019Opel<\/a>, qui sera disponible en 3 longueurs, est une version \u00e9lectrique du mod\u00e8le thermique. Deux mod\u00e8les de batteries sont propos\u00e9s, avec une autonomie allant jusqu\u2019\u00e0 300km. Ce VUL propose jusqu\u2019\u00e0 6,6m<sup>3 <\/sup>de volume de chargement pour 1200kg de charge utile.<\/p>\n\n\n\n<figure class=\"wp-block-image size-large\"><img decoding=\"async\" width=\"1024\" height=\"438\" src=\"https:\/\/www.groupestarservice.com\/blog\/\/wp-content\/uploads\/2020\/07\/Screenshot_18-1024x438.png\" alt=\"V\u00e9hicules de livraison \u00e9lectrique\" class=\"wp-image-2361\" srcset=\"https:\/\/www.groupestarservice.com\/blog\/wp-content\/uploads\/2020\/07\/Screenshot_18-1024x438.png 1024w, https:\/\/www.groupestarservice.com\/blog\/wp-content\/uploads\/2020\/07\/Screenshot_18-300x128.png 300w, https:\/\/www.groupestarservice.com\/blog\/wp-content\/uploads\/2020\/07\/Screenshot_18-768x329.png 768w, https:\/\/www.groupestarservice.com\/blog\/wp-content\/uploads\/2020\/07\/Screenshot_18.png 1433w\" sizes=\"(max-width: 1024px) 100vw, 1024px\" \/><figcaption>Source : <a href=\"https:\/\/www.opel.fr\/vehicules\/vivaro-c\/panel-van\/electric-experience.html\" target=\"_blank\" aria-label=\"undefined (s\u2019ouvre dans un nouvel onglet)\" rel=\"noreferrer noopener\">https:\/\/www.opel.fr\/vehicules\/vivaro-c\/panel-van\/electric-experience.html<\/a><\/figcaption><\/figure>\n\n\n\n<p>La diversit\u00e9 de l\u2019offre de fourgons compacts de 5 \u00e0 8 m3, bien adapt\u00e9s pour la <strong>livraison urbaine<\/strong> de petits colis, sera alors une r\u00e9alit\u00e9.<\/p>\n\n\n\n<p>La <strong>livraison urbaine<\/strong> pourra alors b\u00e9n\u00e9ficier d\u2019un choix plus large de mod\u00e8les et, esp\u00e9rons-le, de prix d\u2019acquisition plus attractifs, incit\u00e9s par la concurrence, mais aussi par la croissance du march\u00e9.<\/p>\n\n\n\n<p>Afin de r\u00e9duire les externalit\u00e9s n\u00e9gatives, qu\u2019elles soient d\u2019ordre sonore ou en termes d\u2019\u00e9missions de GES, les VUL \u00e9lectriques offrent une opportunit\u00e9 d\u2019am\u00e9liorer les conditions de vie en zone urbaine.<\/p>\n\n\n\n<p>Leur d\u00e9ploiement ne doit toutefois pas freiner les projets de mutualisation et de professionnalisation de la <strong>livraison<\/strong>. Passer de v\u00e9hicules thermiques \u00e0 des v\u00e9hicules \u00e9lectriques permet de mieux respecter les r\u00e9glementations \u00e0 venir et de r\u00e9duire la pollution, mais l\u2019autre enjeu est de mieux organiser les flux afin de r\u00e9duire les kilom\u00e8tres parcourus et l\u2019occupation de l\u2019espace public.<\/p>\n\n\n\n<p><\/p>\n\n\n\n<p><a href=\"#_ftnref1\">[1]<\/a> <a href=\"https:\/\/www.banquedesterritoires.fr\/qualite-de-lair-traitement-des-eaux-urbaines-la-france-doit-encore-mieux-faire\">https:\/\/www.banquedesterritoires.fr\/qualite-de-lair-traitement-des-eaux-urbaines-la-france-doit-encore-mieux-faire<\/a><\/p>\n","protected":false},"excerpt":{"rendered":"<p>Pour r\u00e9pondre aux exigences r\u00e9glementaires dans les villes, les constructeurs d\u00e9ploient une gamme plus \u00e9tendue de v\u00e9hicules \u00e9lectrique de livraison du dernier kilom\u00e8tre. C\u2019est l\u00e0 une bonne nouvelle pour accompagner la reprise du march\u00e9. En parall\u00e8le avec la croissance des&#8230;<\/p>\n","protected":false},"author":2,"featured_media":2369,"comment_status":"open","ping_status":"open","sticky":false,"template":"","format":"standard","meta":{"_acf_changed":false,"twitterCardType":"","cardImageID":0,"cardImage":"","cardTitle":"","cardDesc":"","cardImageAlt":"","cardPlayer":"","cardPlayerWidth":0,"cardPlayerHeight":0,"cardPlayerStream":"","cardPlayerCodec":"","footnotes":""},"categories":[23],"tags":[],"class_list":["post-2357","post","type-post","status-publish","format-standard","has-post-thumbnail","hentry","category-rse"],"acf":[],"yoast_head":"<!-- This site is optimized with the Yoast SEO plugin v27.0 - https:\/\/yoast.com\/product\/yoast-seo-wordpress\/ -->\n<title>V\u00e9hicules de livraison \u00e9lectrique : une offre en mutation | Star Service<\/title>\n<meta name=\"description\" content=\"Pour r\u00e9pondre aux exigences r\u00e9glementaires des villes, les constructeurs d\u00e9ploient des v\u00e9hicules \u00e9lectrique de livraison du dernier km.\" \/>\n<meta name=\"robots\" content=\"index, follow, max-snippet:-1, max-image-preview:large, max-video-preview:-1\" \/>\n<link rel=\"canonical\" href=\"https:\/\/www.groupestarservice.com\/blog\/vehicules-de-livraison-electrique-une-offre-en-mutation\/\" \/>\n<meta property=\"og:locale\" content=\"fr_FR\" \/>\n<meta property=\"og:type\" content=\"article\" \/>\n<meta property=\"og:title\" content=\"V\u00e9hicules de livraison \u00e9lectrique : une offre en mutation | Star Service\" \/>\n<meta property=\"og:description\" content=\"Pour r\u00e9pondre aux exigences r\u00e9glementaires des villes, les constructeurs d\u00e9ploient des v\u00e9hicules \u00e9lectrique de livraison du dernier km.\" \/>\n<meta property=\"og:url\" content=\"https:\/\/www.groupestarservice.com\/blog\/vehicules-de-livraison-electrique-une-offre-en-mutation\/\" \/>\n<meta property=\"og:site_name\" content=\"Star Service - Le rendez-vous du dernier km\" \/>\n<meta property=\"article:published_time\" content=\"2020-07-23T15:29:34+00:00\" \/>\n<meta property=\"article:modified_time\" content=\"2022-08-18T14:04:31+00:00\" \/>\n<meta property=\"og:image\" content=\"https:\/\/www.groupestarservice.com\/blog\/wp-content\/uploads\/2020\/07\/Image1.jpg\" \/>\n\t<meta property=\"og:image:width\" content=\"1755\" \/>\n\t<meta property=\"og:image:height\" content=\"757\" \/>\n\t<meta property=\"og:image:type\" content=\"image\/jpeg\" \/>\n<meta name=\"author\" content=\"cyma\" \/>\n<meta name=\"twitter:card\" content=\"summary_large_image\" \/>\n<meta name=\"twitter:creator\" content=\"@Starsservice\" \/>\n<meta name=\"twitter:site\" content=\"@Starsservice\" \/>\n<meta name=\"twitter:label1\" content=\"\u00c9crit par\" \/>\n\t<meta name=\"twitter:data1\" content=\"cyma\" \/>\n\t<meta name=\"twitter:label2\" content=\"Dur\u00e9e de lecture estim\u00e9e\" \/>\n\t<meta name=\"twitter:data2\" content=\"6 minutes\" \/>\n<script type=\"application\/ld+json\" class=\"yoast-schema-graph\">{\"@context\":\"https:\/\/schema.org\",\"@graph\":[{\"@type\":\"Article\",\"@id\":\"https:\/\/www.groupestarservice.com\/blog\/vehicules-de-livraison-electrique-une-offre-en-mutation\/#article\",\"isPartOf\":{\"@id\":\"https:\/\/www.groupestarservice.com\/blog\/vehicules-de-livraison-electrique-une-offre-en-mutation\/\"},\"author\":{\"name\":\"cyma\",\"@id\":\"https:\/\/www.groupestarservice.com\/blog\/#\/schema\/person\/2cd9c82e5121ab8f6aa61975d746e0d1\"},\"headline\":\"V\u00e9hicules de livraison \u00e9lectrique : une offre en mutation\",\"datePublished\":\"2020-07-23T15:29:34+00:00\",\"dateModified\":\"2022-08-18T14:04:31+00:00\",\"mainEntityOfPage\":{\"@id\":\"https:\/\/www.groupestarservice.com\/blog\/vehicules-de-livraison-electrique-une-offre-en-mutation\/\"},\"wordCount\":1068,\"commentCount\":0,\"image\":{\"@id\":\"https:\/\/www.groupestarservice.com\/blog\/vehicules-de-livraison-electrique-une-offre-en-mutation\/#primaryimage\"},\"thumbnailUrl\":\"https:\/\/www.groupestarservice.com\/blog\/wp-content\/uploads\/2020\/07\/Image1.jpg\",\"articleSection\":[\"RSE\"],\"inLanguage\":\"fr-FR\"},{\"@type\":\"WebPage\",\"@id\":\"https:\/\/www.groupestarservice.com\/blog\/vehicules-de-livraison-electrique-une-offre-en-mutation\/\",\"url\":\"https:\/\/www.groupestarservice.com\/blog\/vehicules-de-livraison-electrique-une-offre-en-mutation\/\",\"name\":\"V\u00e9hicules de livraison \u00e9lectrique : une offre en mutation | Star Service\",\"isPartOf\":{\"@id\":\"https:\/\/www.groupestarservice.com\/blog\/#website\"},\"primaryImageOfPage\":{\"@id\":\"https:\/\/www.groupestarservice.com\/blog\/vehicules-de-livraison-electrique-une-offre-en-mutation\/#primaryimage\"},\"image\":{\"@id\":\"https:\/\/www.groupestarservice.com\/blog\/vehicules-de-livraison-electrique-une-offre-en-mutation\/#primaryimage\"},\"thumbnailUrl\":\"https:\/\/www.groupestarservice.com\/blog\/wp-content\/uploads\/2020\/07\/Image1.jpg\",\"datePublished\":\"2020-07-23T15:29:34+00:00\",\"dateModified\":\"2022-08-18T14:04:31+00:00\",\"author\":{\"@id\":\"https:\/\/www.groupestarservice.com\/blog\/#\/schema\/person\/2cd9c82e5121ab8f6aa61975d746e0d1\"},\"description\":\"Pour r\u00e9pondre aux exigences r\u00e9glementaires des villes, les constructeurs d\u00e9ploient des v\u00e9hicules \u00e9lectrique de livraison du dernier km.\",\"breadcrumb\":{\"@id\":\"https:\/\/www.groupestarservice.com\/blog\/vehicules-de-livraison-electrique-une-offre-en-mutation\/#breadcrumb\"},\"inLanguage\":\"fr-FR\",\"potentialAction\":[{\"@type\":\"ReadAction\",\"target\":[\"https:\/\/www.groupestarservice.com\/blog\/vehicules-de-livraison-electrique-une-offre-en-mutation\/\"]}]},{\"@type\":\"ImageObject\",\"inLanguage\":\"fr-FR\",\"@id\":\"https:\/\/www.groupestarservice.com\/blog\/vehicules-de-livraison-electrique-une-offre-en-mutation\/#primaryimage\",\"url\":\"https:\/\/www.groupestarservice.com\/blog\/wp-content\/uploads\/2020\/07\/Image1.jpg\",\"contentUrl\":\"https:\/\/www.groupestarservice.com\/blog\/wp-content\/uploads\/2020\/07\/Image1.jpg\",\"width\":1755,\"height\":757,\"caption\":\"logistique\"},{\"@type\":\"BreadcrumbList\",\"@id\":\"https:\/\/www.groupestarservice.com\/blog\/vehicules-de-livraison-electrique-une-offre-en-mutation\/#breadcrumb\",\"itemListElement\":[{\"@type\":\"ListItem\",\"position\":1,\"name\":\"Accueil\",\"item\":\"https:\/\/www.groupestarservice.com\/blog\/\"},{\"@type\":\"ListItem\",\"position\":2,\"name\":\"V\u00e9hicules de livraison \u00e9lectrique : une offre en mutation\"}]},{\"@type\":\"WebSite\",\"@id\":\"https:\/\/www.groupestarservice.com\/blog\/#website\",\"url\":\"https:\/\/www.groupestarservice.com\/blog\/\",\"name\":\"Star Service - Le rendez-vous du dernier km\",\"description\":\"\",\"potentialAction\":[{\"@type\":\"SearchAction\",\"target\":{\"@type\":\"EntryPoint\",\"urlTemplate\":\"https:\/\/www.groupestarservice.com\/blog\/?s={search_term_string}\"},\"query-input\":{\"@type\":\"PropertyValueSpecification\",\"valueRequired\":true,\"valueName\":\"search_term_string\"}}],\"inLanguage\":\"fr-FR\"},{\"@type\":\"Person\",\"@id\":\"https:\/\/www.groupestarservice.com\/blog\/#\/schema\/person\/2cd9c82e5121ab8f6aa61975d746e0d1\",\"name\":\"cyma\",\"image\":{\"@type\":\"ImageObject\",\"inLanguage\":\"fr-FR\",\"@id\":\"https:\/\/www.groupestarservice.com\/blog\/#\/schema\/person\/image\/\",\"url\":\"https:\/\/secure.gravatar.com\/avatar\/9b11ec004641ddc4ab2c2fcae2953aecd4f734fd8a0c354c98224ade6086999e?s=96&d=mm&r=g\",\"contentUrl\":\"https:\/\/secure.gravatar.com\/avatar\/9b11ec004641ddc4ab2c2fcae2953aecd4f734fd8a0c354c98224ade6086999e?s=96&d=mm&r=g\",\"caption\":\"cyma\"},\"url\":\"https:\/\/www.groupestarservice.com\/blog\/author\/claire\/\"}]}<\/script>\n<!-- \/ Yoast SEO plugin. -->","yoast_head_json":{"title":"V\u00e9hicules de livraison \u00e9lectrique : une offre en mutation | Star Service","description":"Pour r\u00e9pondre aux exigences r\u00e9glementaires des villes, les constructeurs d\u00e9ploient des v\u00e9hicules \u00e9lectrique de livraison du dernier km.","robots":{"index":"index","follow":"follow","max-snippet":"max-snippet:-1","max-image-preview":"max-image-preview:large","max-video-preview":"max-video-preview:-1"},"canonical":"https:\/\/www.groupestarservice.com\/blog\/vehicules-de-livraison-electrique-une-offre-en-mutation\/","og_locale":"fr_FR","og_type":"article","og_title":"V\u00e9hicules de livraison \u00e9lectrique : une offre en mutation | Star Service","og_description":"Pour r\u00e9pondre aux exigences r\u00e9glementaires des villes, les constructeurs d\u00e9ploient des v\u00e9hicules \u00e9lectrique de livraison du dernier km.","og_url":"https:\/\/www.groupestarservice.com\/blog\/vehicules-de-livraison-electrique-une-offre-en-mutation\/","og_site_name":"Star Service - Le rendez-vous du dernier km","article_published_time":"2020-07-23T15:29:34+00:00","article_modified_time":"2022-08-18T14:04:31+00:00","og_image":[{"width":1755,"height":757,"url":"https:\/\/www.groupestarservice.com\/blog\/wp-content\/uploads\/2020\/07\/Image1.jpg","type":"image\/jpeg"}],"author":"cyma","twitter_card":"summary_large_image","twitter_creator":"@Starsservice","twitter_site":"@Starsservice","twitter_misc":{"\u00c9crit par":"cyma","Dur\u00e9e de lecture estim\u00e9e":"6 minutes"},"schema":{"@context":"https:\/\/schema.org","@graph":[{"@type":"Article","@id":"https:\/\/www.groupestarservice.com\/blog\/vehicules-de-livraison-electrique-une-offre-en-mutation\/#article","isPartOf":{"@id":"https:\/\/www.groupestarservice.com\/blog\/vehicules-de-livraison-electrique-une-offre-en-mutation\/"},"author":{"name":"cyma","@id":"https:\/\/www.groupestarservice.com\/blog\/#\/schema\/person\/2cd9c82e5121ab8f6aa61975d746e0d1"},"headline":"V\u00e9hicules de livraison \u00e9lectrique : une offre en mutation","datePublished":"2020-07-23T15:29:34+00:00","dateModified":"2022-08-18T14:04:31+00:00","mainEntityOfPage":{"@id":"https:\/\/www.groupestarservice.com\/blog\/vehicules-de-livraison-electrique-une-offre-en-mutation\/"},"wordCount":1068,"commentCount":0,"image":{"@id":"https:\/\/www.groupestarservice.com\/blog\/vehicules-de-livraison-electrique-une-offre-en-mutation\/#primaryimage"},"thumbnailUrl":"https:\/\/www.groupestarservice.com\/blog\/wp-content\/uploads\/2020\/07\/Image1.jpg","articleSection":["RSE"],"inLanguage":"fr-FR"},{"@type":"WebPage","@id":"https:\/\/www.groupestarservice.com\/blog\/vehicules-de-livraison-electrique-une-offre-en-mutation\/","url":"https:\/\/www.groupestarservice.com\/blog\/vehicules-de-livraison-electrique-une-offre-en-mutation\/","name":"V\u00e9hicules de livraison \u00e9lectrique : une offre en mutation | Star Service","isPartOf":{"@id":"https:\/\/www.groupestarservice.com\/blog\/#website"},"primaryImageOfPage":{"@id":"https:\/\/www.groupestarservice.com\/blog\/vehicules-de-livraison-electrique-une-offre-en-mutation\/#primaryimage"},"image":{"@id":"https:\/\/www.groupestarservice.com\/blog\/vehicules-de-livraison-electrique-une-offre-en-mutation\/#primaryimage"},"thumbnailUrl":"https:\/\/www.groupestarservice.com\/blog\/wp-content\/uploads\/2020\/07\/Image1.jpg","datePublished":"2020-07-23T15:29:34+00:00","dateModified":"2022-08-18T14:04:31+00:00","author":{"@id":"https:\/\/www.groupestarservice.com\/blog\/#\/schema\/person\/2cd9c82e5121ab8f6aa61975d746e0d1"},"description":"Pour r\u00e9pondre aux exigences r\u00e9glementaires des villes, les constructeurs d\u00e9ploient des v\u00e9hicules \u00e9lectrique de livraison du dernier km.","breadcrumb":{"@id":"https:\/\/www.groupestarservice.com\/blog\/vehicules-de-livraison-electrique-une-offre-en-mutation\/#breadcrumb"},"inLanguage":"fr-FR","potentialAction":[{"@type":"ReadAction","target":["https:\/\/www.groupestarservice.com\/blog\/vehicules-de-livraison-electrique-une-offre-en-mutation\/"]}]},{"@type":"ImageObject","inLanguage":"fr-FR","@id":"https:\/\/www.groupestarservice.com\/blog\/vehicules-de-livraison-electrique-une-offre-en-mutation\/#primaryimage","url":"https:\/\/www.groupestarservice.com\/blog\/wp-content\/uploads\/2020\/07\/Image1.jpg","contentUrl":"https:\/\/www.groupestarservice.com\/blog\/wp-content\/uploads\/2020\/07\/Image1.jpg","width":1755,"height":757,"caption":"logistique"},{"@type":"BreadcrumbList","@id":"https:\/\/www.groupestarservice.com\/blog\/vehicules-de-livraison-electrique-une-offre-en-mutation\/#breadcrumb","itemListElement":[{"@type":"ListItem","position":1,"name":"Accueil","item":"https:\/\/www.groupestarservice.com\/blog\/"},{"@type":"ListItem","position":2,"name":"V\u00e9hicules de livraison \u00e9lectrique : une offre en mutation"}]},{"@type":"WebSite","@id":"https:\/\/www.groupestarservice.com\/blog\/#website","url":"https:\/\/www.groupestarservice.com\/blog\/","name":"Star Service - Le rendez-vous du dernier km","description":"","potentialAction":[{"@type":"SearchAction","target":{"@type":"EntryPoint","urlTemplate":"https:\/\/www.groupestarservice.com\/blog\/?s={search_term_string}"},"query-input":{"@type":"PropertyValueSpecification","valueRequired":true,"valueName":"search_term_string"}}],"inLanguage":"fr-FR"},{"@type":"Person","@id":"https:\/\/www.groupestarservice.com\/blog\/#\/schema\/person\/2cd9c82e5121ab8f6aa61975d746e0d1","name":"cyma","image":{"@type":"ImageObject","inLanguage":"fr-FR","@id":"https:\/\/www.groupestarservice.com\/blog\/#\/schema\/person\/image\/","url":"https:\/\/secure.gravatar.com\/avatar\/9b11ec004641ddc4ab2c2fcae2953aecd4f734fd8a0c354c98224ade6086999e?s=96&d=mm&r=g","contentUrl":"https:\/\/secure.gravatar.com\/avatar\/9b11ec004641ddc4ab2c2fcae2953aecd4f734fd8a0c354c98224ade6086999e?s=96&d=mm&r=g","caption":"cyma"},"url":"https:\/\/www.groupestarservice.com\/blog\/author\/claire\/"}]}},"_links":{"self":[{"href":"https:\/\/www.groupestarservice.com\/blog\/wp-json\/wp\/v2\/posts\/2357","targetHints":{"allow":["GET"]}}],"collection":[{"href":"https:\/\/www.groupestarservice.com\/blog\/wp-json\/wp\/v2\/posts"}],"about":[{"href":"https:\/\/www.groupestarservice.com\/blog\/wp-json\/wp\/v2\/types\/post"}],"author":[{"embeddable":true,"href":"https:\/\/www.groupestarservice.com\/blog\/wp-json\/wp\/v2\/users\/2"}],"replies":[{"embeddable":true,"href":"https:\/\/www.groupestarservice.com\/blog\/wp-json\/wp\/v2\/comments?post=2357"}],"version-history":[{"count":5,"href":"https:\/\/www.groupestarservice.com\/blog\/wp-json\/wp\/v2\/posts\/2357\/revisions"}],"predecessor-version":[{"id":3793,"href":"https:\/\/www.groupestarservice.com\/blog\/wp-json\/wp\/v2\/posts\/2357\/revisions\/3793"}],"wp:featuredmedia":[{"embeddable":true,"href":"https:\/\/www.groupestarservice.com\/blog\/wp-json\/wp\/v2\/media\/2369"}],"wp:attachment":[{"href":"https:\/\/www.groupestarservice.com\/blog\/wp-json\/wp\/v2\/media?parent=2357"}],"wp:term":[{"taxonomy":"category","embeddable":true,"href":"https:\/\/www.groupestarservice.com\/blog\/wp-json\/wp\/v2\/categories?post=2357"},{"taxonomy":"post_tag","embeddable":true,"href":"https:\/\/www.groupestarservice.com\/blog\/wp-json\/wp\/v2\/tags?post=2357"}],"curies":[{"name":"wp","href":"https:\/\/api.w.org\/{rel}","templated":true}]}}