{"id":2374,"date":"2020-07-28T09:25:10","date_gmt":"2020-07-28T07:25:10","guid":{"rendered":"https:\/\/www.groupestarservice.com\/blog\/\/?p=2374"},"modified":"2021-08-26T14:26:59","modified_gmt":"2021-08-26T12:26:59","slug":"lemballage-reutilisable-pour-reduire-limpact-environnemental","status":"publish","type":"post","link":"https:\/\/www.groupestarservice.com\/blog\/lemballage-reutilisable-pour-reduire-limpact-environnemental\/","title":{"rendered":"L\u2019emballage r\u00e9utilisable pour r\u00e9duire l\u2019impact environnemental"},"content":{"rendered":"\n<p>Au c\u0153ur des op\u00e9rations durant la crise sanitaire, les acteurs de la logistique et de l\u2019emballage ont su faire preuve d\u2019une r\u00e9activit\u00e9 tout particuli\u00e8re pour assurer le service aux consommateurs fran\u00e7ais. Et c\u00f4t\u00e9 innovation, ces derniers ne sont pas en reste. En t\u00e9moigne le d\u00e9veloppement de nouvelles solutions durables autour de l\u2019emballage r\u00e9utilisable. Focus sur les derni\u00e8res innovations et mises en \u0153uvre dans le domaine.<\/p>\n\n\n\n<p>Dans le monde de l\u2019emballage, la tendance est \u00e0 la recherche de solutions durables, \u00e9conomiques et \u00e9cologiques. Depuis longtemps \u00e9troitement li\u00e9 au secteur de la <strong>logistique<\/strong>, tous deux montr\u00e9s du doigt pour leur impact environnemental, les deux univers unissent ces derni\u00e8res ann\u00e9es leurs efforts autour du d\u00e9veloppement de produits durables, r\u00e9utilisables et acteurs d\u2019une \u00e9conomie circulaire centr\u00e9e sur la <strong>livraison<\/strong> et la gestion des retours.<\/p>\n\n\n\n<h2 class=\"wp-block-heading\"><strong>Quand l\u2019innovation dans l\u2019emballage r\u00e9pond \u00e0 des besoins \u00e9cologiques et logistiques<\/strong><\/h2>\n\n\n\n<p>Il y a quatre ans, naissait la start-up Living Packets. Int\u00e9gr\u00e9e au sein de l\u2019incubateur du g\u00e9ant du <strong>e-commerce<\/strong> Cdiscount, l\u2019entreprise nantaise a d\u00e9velopp\u00e9 un concept d\u2019emballage r\u00e9utilisable et connect\u00e9 in\u00e9dit. Baptis\u00e9e The Box, la solution intelligente est \u00e9quip\u00e9e de capteurs capables de mesurer la temp\u00e9rature, l\u2019humidit\u00e9 et les chocs. Les donn\u00e9es sont par ailleurs accessibles via une connexion Internet int\u00e9gr\u00e9e. Le retour de la bo\u00eete, r\u00e9utilisable 1 000 fois, se fait en appuyant sur un simple bouton.<\/p>\n\n\n\n<p>Parall\u00e8lement, en 2019, l\u2019enseigne Zalando lan\u00e7ait un projet pilote pour tester les emballages r\u00e9utilisables pour la <a href=\"https:\/\/www.groupestarservice.com\/livraison-de-colis\/\" target=\"_blank\" rel=\"noreferrer noopener\">livraison <\/a>des commandes des clients avec une startup finlandaise, RePack. Cette derni\u00e8re con\u00e7oit des emballages consign\u00e9s, fabriqu\u00e9s \u00e0 partir de mat\u00e9riaux durables et recycl\u00e9s et disponibles en trois tailles ajustables. L\u2019entreprise traite tous les retours RePack vides. Les emballages sont nettoy\u00e9s, contr\u00f4l\u00e9s et redistribu\u00e9s. Selon la start-up, cette solution permet aux entreprises qui l\u2019utilisent de r\u00e9aliser une \u00e9conomie de 80 % de CO2.<\/p>\n\n\n\n<h2 class=\"wp-block-heading\"><strong>Des solutions au service d\u2019une livraison durable et de l\u2019\u00e9conomie circulaire<\/strong><\/h2>\n\n\n\n<p>Des mat\u00e9riaux recycl\u00e9s, des emballages r\u00e9utilisables, tra\u00e7ables et connect\u00e9s pour servir un <a href=\"https:\/\/www.groupestarservice.com\/logistique-e-commerce\/\" target=\"_blank\" rel=\"noreferrer noopener\">march\u00e9 du e-commerce<\/a> ayant bondi ces derniers mois, ces solutions innovantes semblent avoir de beaux jours devant elles. Pour preuve, Repack apr\u00e8s avoir convaincu plus de 100 marques <strong>e-commerce <\/strong>en Europe, se lance cet \u00e9t\u00e9 officiellement aux \u00c9tats-Unis.<\/p>\n\n\n\n<p>Quant \u00e0 Living Packets, The Box, qui pourrait \u00e9liminer 100 milliards de bo\u00eetes en carton chaque ann\u00e9e, permettant d&rsquo;\u00e9pargner l&rsquo;\u00e9quivalent de 700 millions d&rsquo;arbres, passe d\u00e9sormais en production en partenariat avec l\u2019entreprise Europe Technologies. Annonc\u00e9 mi-mai, le lancement de la ligne devrait \u00eatre op\u00e9rationnel \u00e0 la rentr\u00e9e 2020 et permettre la production de 100 000 unit\u00e9s \u00e0 l\u2019ann\u00e9e. Un chiffre qui pourrait d\u2019ailleurs rapidement augmenter puisque LivingPackets esp\u00e8re par la suite assurer la production de centaines de milliers d&rsquo;exemplaires par an.<\/p>\n\n\n\n<p>Acteurs de la <a href=\"https:\/\/www.groupestarservice.com\/la-logistique-urbaine\/\" target=\"_blank\" rel=\"noreferrer noopener\">livraison urbaine<\/a>, <strong>prestataires transport et logistique<\/strong> seront donc sans doute de plus en plus nombreux \u00e0 transporter ces emballages durables et innovants, \u0153uvrant ainsi de concert pour le d\u00e9veloppement d\u2019une \u00e9conomie circulaire et responsable.<\/p>\n\n\n\n<p>Sources&nbsp;:<\/p>\n\n\n\n<p><a href=\"https:\/\/livingpackets.com\/\">https:\/\/livingpackets.com\/<\/a><\/p>\n\n\n\n<p><a href=\"https:\/\/www.originalrepack.com\/\">https:\/\/www.originalrepack.com\/<\/a><\/p>\n\n\n\n<p><a href=\"https:\/\/www.originalrepack.com\/news\/repack-launches-in-the-usa\">https:\/\/www.originalrepack.com\/news\/repack-launches-in-the-usa<\/a><\/p>\n\n\n\n<p><a href=\"https:\/\/www.voxlog.fr\/actualite\/4325\/livingpackets-lance-une-premiere-ligne-de-production-pour-the-box\">https:\/\/www.voxlog.fr\/actualite\/4325\/livingpackets-lance-une-premiere-ligne-de-production-pour-the-box<\/a><\/p>\n","protected":false},"excerpt":{"rendered":"<p>Au c\u0153ur des op\u00e9rations durant la crise sanitaire, les acteurs de la logistique et de l\u2019emballage ont su faire preuve d\u2019une r\u00e9activit\u00e9 tout particuli\u00e8re pour assurer le service aux consommateurs fran\u00e7ais. Et c\u00f4t\u00e9 innovation, ces derniers ne sont pas en&#8230;<\/p>\n","protected":false},"author":2,"featured_media":2376,"comment_status":"open","ping_status":"open","sticky":false,"template":"","format":"standard","meta":{"_acf_changed":false,"twitterCardType":"","cardImageID":0,"cardImage":"","cardTitle":"","cardDesc":"","cardImageAlt":"","cardPlayer":"","cardPlayerWidth":0,"cardPlayerHeight":0,"cardPlayerStream":"","cardPlayerCodec":"","footnotes":""},"categories":[23],"tags":[],"class_list":["post-2374","post","type-post","status-publish","format-standard","has-post-thumbnail","hentry","category-rse"],"acf":[],"yoast_head":"<!-- This site is optimized with the Yoast SEO plugin v27.0 - https:\/\/yoast.com\/product\/yoast-seo-wordpress\/ -->\n<title>L\u2019emballage r\u00e9utilisable pour r\u00e9duire l\u2019impact \u00e9cologique | Star Service<\/title>\n<meta name=\"description\" content=\"Durant la crise sanitaire, les acteurs de la logistique et de l\u2019emballage ont su assurer le service aux consommateurs fran\u00e7ais.\" \/>\n<meta name=\"robots\" content=\"index, follow, max-snippet:-1, max-image-preview:large, max-video-preview:-1\" \/>\n<link rel=\"canonical\" href=\"https:\/\/www.groupestarservice.com\/blog\/lemballage-reutilisable-pour-reduire-limpact-environnemental\/\" \/>\n<meta property=\"og:locale\" content=\"fr_FR\" \/>\n<meta property=\"og:type\" content=\"article\" \/>\n<meta property=\"og:title\" content=\"L\u2019emballage r\u00e9utilisable pour r\u00e9duire l\u2019impact \u00e9cologique | Star Service\" \/>\n<meta property=\"og:description\" content=\"Durant la crise sanitaire, les acteurs de la logistique et de l\u2019emballage ont su assurer le service aux consommateurs fran\u00e7ais.\" \/>\n<meta property=\"og:url\" content=\"https:\/\/www.groupestarservice.com\/blog\/lemballage-reutilisable-pour-reduire-limpact-environnemental\/\" \/>\n<meta property=\"og:site_name\" content=\"Star Service - Le rendez-vous du dernier km\" \/>\n<meta property=\"article:published_time\" content=\"2020-07-28T07:25:10+00:00\" \/>\n<meta property=\"article:modified_time\" content=\"2021-08-26T12:26:59+00:00\" \/>\n<meta property=\"og:image\" content=\"https:\/\/www.groupestarservice.com\/blog\/wp-content\/uploads\/2020\/07\/x_Vignette_Slider-1.jpg\" \/>\n\t<meta property=\"og:image:width\" content=\"1140\" \/>\n\t<meta property=\"og:image:height\" content=\"530\" \/>\n\t<meta property=\"og:image:type\" content=\"image\/jpeg\" \/>\n<meta name=\"author\" content=\"cyma\" \/>\n<meta name=\"twitter:card\" content=\"summary_large_image\" \/>\n<meta name=\"twitter:creator\" content=\"@Starsservice\" \/>\n<meta name=\"twitter:site\" content=\"@Starsservice\" \/>\n<meta name=\"twitter:label1\" content=\"\u00c9crit par\" \/>\n\t<meta name=\"twitter:data1\" content=\"cyma\" \/>\n\t<meta name=\"twitter:label2\" content=\"Dur\u00e9e de lecture estim\u00e9e\" \/>\n\t<meta name=\"twitter:data2\" content=\"3 minutes\" \/>\n<script type=\"application\/ld+json\" class=\"yoast-schema-graph\">{\"@context\":\"https:\/\/schema.org\",\"@graph\":[{\"@type\":\"Article\",\"@id\":\"https:\/\/www.groupestarservice.com\/blog\/lemballage-reutilisable-pour-reduire-limpact-environnemental\/#article\",\"isPartOf\":{\"@id\":\"https:\/\/www.groupestarservice.com\/blog\/lemballage-reutilisable-pour-reduire-limpact-environnemental\/\"},\"author\":{\"name\":\"cyma\",\"@id\":\"https:\/\/www.groupestarservice.com\/blog\/#\/schema\/person\/2cd9c82e5121ab8f6aa61975d746e0d1\"},\"headline\":\"L\u2019emballage r\u00e9utilisable pour r\u00e9duire l\u2019impact environnemental\",\"datePublished\":\"2020-07-28T07:25:10+00:00\",\"dateModified\":\"2021-08-26T12:26:59+00:00\",\"mainEntityOfPage\":{\"@id\":\"https:\/\/www.groupestarservice.com\/blog\/lemballage-reutilisable-pour-reduire-limpact-environnemental\/\"},\"wordCount\":574,\"commentCount\":0,\"image\":{\"@id\":\"https:\/\/www.groupestarservice.com\/blog\/lemballage-reutilisable-pour-reduire-limpact-environnemental\/#primaryimage\"},\"thumbnailUrl\":\"https:\/\/www.groupestarservice.com\/blog\/wp-content\/uploads\/2020\/07\/x_Vignette_Slider-1.jpg\",\"articleSection\":[\"RSE\"],\"inLanguage\":\"fr-FR\"},{\"@type\":\"WebPage\",\"@id\":\"https:\/\/www.groupestarservice.com\/blog\/lemballage-reutilisable-pour-reduire-limpact-environnemental\/\",\"url\":\"https:\/\/www.groupestarservice.com\/blog\/lemballage-reutilisable-pour-reduire-limpact-environnemental\/\",\"name\":\"L\u2019emballage r\u00e9utilisable pour r\u00e9duire l\u2019impact \u00e9cologique | Star Service\",\"isPartOf\":{\"@id\":\"https:\/\/www.groupestarservice.com\/blog\/#website\"},\"primaryImageOfPage\":{\"@id\":\"https:\/\/www.groupestarservice.com\/blog\/lemballage-reutilisable-pour-reduire-limpact-environnemental\/#primaryimage\"},\"image\":{\"@id\":\"https:\/\/www.groupestarservice.com\/blog\/lemballage-reutilisable-pour-reduire-limpact-environnemental\/#primaryimage\"},\"thumbnailUrl\":\"https:\/\/www.groupestarservice.com\/blog\/wp-content\/uploads\/2020\/07\/x_Vignette_Slider-1.jpg\",\"datePublished\":\"2020-07-28T07:25:10+00:00\",\"dateModified\":\"2021-08-26T12:26:59+00:00\",\"author\":{\"@id\":\"https:\/\/www.groupestarservice.com\/blog\/#\/schema\/person\/2cd9c82e5121ab8f6aa61975d746e0d1\"},\"description\":\"Durant la crise sanitaire, les acteurs de la logistique et de l\u2019emballage ont su assurer le service aux consommateurs fran\u00e7ais.\",\"breadcrumb\":{\"@id\":\"https:\/\/www.groupestarservice.com\/blog\/lemballage-reutilisable-pour-reduire-limpact-environnemental\/#breadcrumb\"},\"inLanguage\":\"fr-FR\",\"potentialAction\":[{\"@type\":\"ReadAction\",\"target\":[\"https:\/\/www.groupestarservice.com\/blog\/lemballage-reutilisable-pour-reduire-limpact-environnemental\/\"]}]},{\"@type\":\"ImageObject\",\"inLanguage\":\"fr-FR\",\"@id\":\"https:\/\/www.groupestarservice.com\/blog\/lemballage-reutilisable-pour-reduire-limpact-environnemental\/#primaryimage\",\"url\":\"https:\/\/www.groupestarservice.com\/blog\/wp-content\/uploads\/2020\/07\/x_Vignette_Slider-1.jpg\",\"contentUrl\":\"https:\/\/www.groupestarservice.com\/blog\/wp-content\/uploads\/2020\/07\/x_Vignette_Slider-1.jpg\",\"width\":1140,\"height\":530,\"caption\":\"livraison ecologique\"},{\"@type\":\"BreadcrumbList\",\"@id\":\"https:\/\/www.groupestarservice.com\/blog\/lemballage-reutilisable-pour-reduire-limpact-environnemental\/#breadcrumb\",\"itemListElement\":[{\"@type\":\"ListItem\",\"position\":1,\"name\":\"Accueil\",\"item\":\"https:\/\/www.groupestarservice.com\/blog\/\"},{\"@type\":\"ListItem\",\"position\":2,\"name\":\"L\u2019emballage r\u00e9utilisable pour r\u00e9duire l\u2019impact environnemental\"}]},{\"@type\":\"WebSite\",\"@id\":\"https:\/\/www.groupestarservice.com\/blog\/#website\",\"url\":\"https:\/\/www.groupestarservice.com\/blog\/\",\"name\":\"Star Service - Le rendez-vous du dernier km\",\"description\":\"\",\"potentialAction\":[{\"@type\":\"SearchAction\",\"target\":{\"@type\":\"EntryPoint\",\"urlTemplate\":\"https:\/\/www.groupestarservice.com\/blog\/?s={search_term_string}\"},\"query-input\":{\"@type\":\"PropertyValueSpecification\",\"valueRequired\":true,\"valueName\":\"search_term_string\"}}],\"inLanguage\":\"fr-FR\"},{\"@type\":\"Person\",\"@id\":\"https:\/\/www.groupestarservice.com\/blog\/#\/schema\/person\/2cd9c82e5121ab8f6aa61975d746e0d1\",\"name\":\"cyma\",\"image\":{\"@type\":\"ImageObject\",\"inLanguage\":\"fr-FR\",\"@id\":\"https:\/\/www.groupestarservice.com\/blog\/#\/schema\/person\/image\/\",\"url\":\"https:\/\/secure.gravatar.com\/avatar\/9b11ec004641ddc4ab2c2fcae2953aecd4f734fd8a0c354c98224ade6086999e?s=96&d=mm&r=g\",\"contentUrl\":\"https:\/\/secure.gravatar.com\/avatar\/9b11ec004641ddc4ab2c2fcae2953aecd4f734fd8a0c354c98224ade6086999e?s=96&d=mm&r=g\",\"caption\":\"cyma\"},\"url\":\"https:\/\/www.groupestarservice.com\/blog\/author\/claire\/\"}]}<\/script>\n<!-- \/ Yoast SEO plugin. -->","yoast_head_json":{"title":"L\u2019emballage r\u00e9utilisable pour r\u00e9duire l\u2019impact \u00e9cologique | Star Service","description":"Durant la crise sanitaire, les acteurs de la logistique et de l\u2019emballage ont su assurer le service aux consommateurs fran\u00e7ais.","robots":{"index":"index","follow":"follow","max-snippet":"max-snippet:-1","max-image-preview":"max-image-preview:large","max-video-preview":"max-video-preview:-1"},"canonical":"https:\/\/www.groupestarservice.com\/blog\/lemballage-reutilisable-pour-reduire-limpact-environnemental\/","og_locale":"fr_FR","og_type":"article","og_title":"L\u2019emballage r\u00e9utilisable pour r\u00e9duire l\u2019impact \u00e9cologique | Star Service","og_description":"Durant la crise sanitaire, les acteurs de la logistique et de l\u2019emballage ont su assurer le service aux consommateurs fran\u00e7ais.","og_url":"https:\/\/www.groupestarservice.com\/blog\/lemballage-reutilisable-pour-reduire-limpact-environnemental\/","og_site_name":"Star Service - Le rendez-vous du dernier km","article_published_time":"2020-07-28T07:25:10+00:00","article_modified_time":"2021-08-26T12:26:59+00:00","og_image":[{"width":1140,"height":530,"url":"https:\/\/www.groupestarservice.com\/blog\/wp-content\/uploads\/2020\/07\/x_Vignette_Slider-1.jpg","type":"image\/jpeg"}],"author":"cyma","twitter_card":"summary_large_image","twitter_creator":"@Starsservice","twitter_site":"@Starsservice","twitter_misc":{"\u00c9crit par":"cyma","Dur\u00e9e de lecture estim\u00e9e":"3 minutes"},"schema":{"@context":"https:\/\/schema.org","@graph":[{"@type":"Article","@id":"https:\/\/www.groupestarservice.com\/blog\/lemballage-reutilisable-pour-reduire-limpact-environnemental\/#article","isPartOf":{"@id":"https:\/\/www.groupestarservice.com\/blog\/lemballage-reutilisable-pour-reduire-limpact-environnemental\/"},"author":{"name":"cyma","@id":"https:\/\/www.groupestarservice.com\/blog\/#\/schema\/person\/2cd9c82e5121ab8f6aa61975d746e0d1"},"headline":"L\u2019emballage r\u00e9utilisable pour r\u00e9duire l\u2019impact environnemental","datePublished":"2020-07-28T07:25:10+00:00","dateModified":"2021-08-26T12:26:59+00:00","mainEntityOfPage":{"@id":"https:\/\/www.groupestarservice.com\/blog\/lemballage-reutilisable-pour-reduire-limpact-environnemental\/"},"wordCount":574,"commentCount":0,"image":{"@id":"https:\/\/www.groupestarservice.com\/blog\/lemballage-reutilisable-pour-reduire-limpact-environnemental\/#primaryimage"},"thumbnailUrl":"https:\/\/www.groupestarservice.com\/blog\/wp-content\/uploads\/2020\/07\/x_Vignette_Slider-1.jpg","articleSection":["RSE"],"inLanguage":"fr-FR"},{"@type":"WebPage","@id":"https:\/\/www.groupestarservice.com\/blog\/lemballage-reutilisable-pour-reduire-limpact-environnemental\/","url":"https:\/\/www.groupestarservice.com\/blog\/lemballage-reutilisable-pour-reduire-limpact-environnemental\/","name":"L\u2019emballage r\u00e9utilisable pour r\u00e9duire l\u2019impact \u00e9cologique | Star Service","isPartOf":{"@id":"https:\/\/www.groupestarservice.com\/blog\/#website"},"primaryImageOfPage":{"@id":"https:\/\/www.groupestarservice.com\/blog\/lemballage-reutilisable-pour-reduire-limpact-environnemental\/#primaryimage"},"image":{"@id":"https:\/\/www.groupestarservice.com\/blog\/lemballage-reutilisable-pour-reduire-limpact-environnemental\/#primaryimage"},"thumbnailUrl":"https:\/\/www.groupestarservice.com\/blog\/wp-content\/uploads\/2020\/07\/x_Vignette_Slider-1.jpg","datePublished":"2020-07-28T07:25:10+00:00","dateModified":"2021-08-26T12:26:59+00:00","author":{"@id":"https:\/\/www.groupestarservice.com\/blog\/#\/schema\/person\/2cd9c82e5121ab8f6aa61975d746e0d1"},"description":"Durant la crise sanitaire, les acteurs de la logistique et de l\u2019emballage ont su assurer le service aux consommateurs fran\u00e7ais.","breadcrumb":{"@id":"https:\/\/www.groupestarservice.com\/blog\/lemballage-reutilisable-pour-reduire-limpact-environnemental\/#breadcrumb"},"inLanguage":"fr-FR","potentialAction":[{"@type":"ReadAction","target":["https:\/\/www.groupestarservice.com\/blog\/lemballage-reutilisable-pour-reduire-limpact-environnemental\/"]}]},{"@type":"ImageObject","inLanguage":"fr-FR","@id":"https:\/\/www.groupestarservice.com\/blog\/lemballage-reutilisable-pour-reduire-limpact-environnemental\/#primaryimage","url":"https:\/\/www.groupestarservice.com\/blog\/wp-content\/uploads\/2020\/07\/x_Vignette_Slider-1.jpg","contentUrl":"https:\/\/www.groupestarservice.com\/blog\/wp-content\/uploads\/2020\/07\/x_Vignette_Slider-1.jpg","width":1140,"height":530,"caption":"livraison ecologique"},{"@type":"BreadcrumbList","@id":"https:\/\/www.groupestarservice.com\/blog\/lemballage-reutilisable-pour-reduire-limpact-environnemental\/#breadcrumb","itemListElement":[{"@type":"ListItem","position":1,"name":"Accueil","item":"https:\/\/www.groupestarservice.com\/blog\/"},{"@type":"ListItem","position":2,"name":"L\u2019emballage r\u00e9utilisable pour r\u00e9duire l\u2019impact environnemental"}]},{"@type":"WebSite","@id":"https:\/\/www.groupestarservice.com\/blog\/#website","url":"https:\/\/www.groupestarservice.com\/blog\/","name":"Star Service - Le rendez-vous du dernier km","description":"","potentialAction":[{"@type":"SearchAction","target":{"@type":"EntryPoint","urlTemplate":"https:\/\/www.groupestarservice.com\/blog\/?s={search_term_string}"},"query-input":{"@type":"PropertyValueSpecification","valueRequired":true,"valueName":"search_term_string"}}],"inLanguage":"fr-FR"},{"@type":"Person","@id":"https:\/\/www.groupestarservice.com\/blog\/#\/schema\/person\/2cd9c82e5121ab8f6aa61975d746e0d1","name":"cyma","image":{"@type":"ImageObject","inLanguage":"fr-FR","@id":"https:\/\/www.groupestarservice.com\/blog\/#\/schema\/person\/image\/","url":"https:\/\/secure.gravatar.com\/avatar\/9b11ec004641ddc4ab2c2fcae2953aecd4f734fd8a0c354c98224ade6086999e?s=96&d=mm&r=g","contentUrl":"https:\/\/secure.gravatar.com\/avatar\/9b11ec004641ddc4ab2c2fcae2953aecd4f734fd8a0c354c98224ade6086999e?s=96&d=mm&r=g","caption":"cyma"},"url":"https:\/\/www.groupestarservice.com\/blog\/author\/claire\/"}]}},"_links":{"self":[{"href":"https:\/\/www.groupestarservice.com\/blog\/wp-json\/wp\/v2\/posts\/2374","targetHints":{"allow":["GET"]}}],"collection":[{"href":"https:\/\/www.groupestarservice.com\/blog\/wp-json\/wp\/v2\/posts"}],"about":[{"href":"https:\/\/www.groupestarservice.com\/blog\/wp-json\/wp\/v2\/types\/post"}],"author":[{"embeddable":true,"href":"https:\/\/www.groupestarservice.com\/blog\/wp-json\/wp\/v2\/users\/2"}],"replies":[{"embeddable":true,"href":"https:\/\/www.groupestarservice.com\/blog\/wp-json\/wp\/v2\/comments?post=2374"}],"version-history":[{"count":3,"href":"https:\/\/www.groupestarservice.com\/blog\/wp-json\/wp\/v2\/posts\/2374\/revisions"}],"predecessor-version":[{"id":2643,"href":"https:\/\/www.groupestarservice.com\/blog\/wp-json\/wp\/v2\/posts\/2374\/revisions\/2643"}],"wp:featuredmedia":[{"embeddable":true,"href":"https:\/\/www.groupestarservice.com\/blog\/wp-json\/wp\/v2\/media\/2376"}],"wp:attachment":[{"href":"https:\/\/www.groupestarservice.com\/blog\/wp-json\/wp\/v2\/media?parent=2374"}],"wp:term":[{"taxonomy":"category","embeddable":true,"href":"https:\/\/www.groupestarservice.com\/blog\/wp-json\/wp\/v2\/categories?post=2374"},{"taxonomy":"post_tag","embeddable":true,"href":"https:\/\/www.groupestarservice.com\/blog\/wp-json\/wp\/v2\/tags?post=2374"}],"curies":[{"name":"wp","href":"https:\/\/api.w.org\/{rel}","templated":true}]}}