{"id":2509,"date":"2020-10-09T18:01:33","date_gmt":"2020-10-09T16:01:33","guid":{"rendered":"https:\/\/www.groupestarservice.com\/blog\/\/?p=2509"},"modified":"2022-08-18T16:05:47","modified_gmt":"2022-08-18T14:05:47","slug":"retail-chain-2020-les-evolutions-de-la-logistique-urbaine","status":"publish","type":"post","link":"https:\/\/www.groupestarservice.com\/blog\/retail-chain-2020-les-evolutions-de-la-logistique-urbaine\/","title":{"rendered":"Retail Chain 2020 : les \u00e9volutions de la logistique urbaine"},"content":{"rendered":"\n<p><em>La convention Retail Chain a lieu chaque ann\u00e9e \u00e0 La D\u00e9fense. D\u00e9cal\u00e9e du fait de la crise du COVID-19, elle s\u2019est d\u00e9roul\u00e9e le 1<sup>er<\/sup> octobre et a rassembl\u00e9 prestataires et chargeurs autour de la th\u00e9matique du retail et de <\/em><a href=\"https:\/\/www.groupestarservice.com\/logistique-du-dernier-kilometre\/\" target=\"_blank\" rel=\"noreferrer noopener\"><strong>logistique du dernier kilom\u00e8tre<\/strong><\/a><em>.<\/em><\/p>\n\n\n\n<p>La convention Retail Chain s\u2019est tenue le 1<sup>er<\/sup> octobre \u00e0 La D\u00e9fense. Il s\u2019agit l\u00e0 d\u2019un des tous premiers \u00e9v\u00e9nements en pr\u00e9sentiel sur le retail et la <a href=\"https:\/\/www.groupestarservice.com\/logistique-du-dernier-kilometre\/\" target=\"_blank\" rel=\"noreferrer noopener\"><strong>logistique du dernier kilom\u00e8tre<\/strong><\/a> apr\u00e8s la p\u00e9riode de confinement et de restrictions. Toutes les mesures sanitaires de distanciation \u00e9taient strictement respect\u00e9es par les participants.<\/p>\n\n\n\n<figure class=\"wp-block-image size-large\"><img decoding=\"async\" width=\"1024\" height=\"507\" src=\"https:\/\/www.groupestarservice.com\/blog\/\/wp-content\/uploads\/2020\/10\/IMG_20201001_103832-1024x507.jpg\" alt=\"Retail Chain 2020\" class=\"wp-image-2511\" srcset=\"https:\/\/www.groupestarservice.com\/blog\/wp-content\/uploads\/2020\/10\/IMG_20201001_103832-1024x507.jpg 1024w, https:\/\/www.groupestarservice.com\/blog\/wp-content\/uploads\/2020\/10\/IMG_20201001_103832-300x149.jpg 300w, https:\/\/www.groupestarservice.com\/blog\/wp-content\/uploads\/2020\/10\/IMG_20201001_103832-768x380.jpg 768w, https:\/\/www.groupestarservice.com\/blog\/wp-content\/uploads\/2020\/10\/IMG_20201001_103832-1536x760.jpg 1536w, https:\/\/www.groupestarservice.com\/blog\/wp-content\/uploads\/2020\/10\/IMG_20201001_103832-2048x1014.jpg 2048w\" sizes=\"(max-width: 1024px) 100vw, 1024px\" \/><\/figure>\n\n\n\n<p>La communaut\u00e9 du retail et de la <a href=\"https:\/\/www.groupestarservice.com\/logistique-du-dernier-kilometre\/\"><strong>logistique du dernier kilom\u00e8tre<\/strong><\/a> a pu se retrouver \u00e0 nouveau autour de th\u00e9matiques qui sont plus que jamais d\u2019actualit\u00e9. 42 exposants avaient fait le choix de participer \u00e0 cette convention.<\/p>\n\n\n\n<h2 class=\"wp-block-heading\"><strong>Retail physique et e-commerce sont-ils oppos\u00e9s&nbsp;?<\/strong><\/h2>\n\n\n\n<p>La conf\u00e9rence inaugurale, anim\u00e9e par J\u00e9r\u00f4me Libeskind, expert en <a href=\"https:\/\/www.groupestarservice.com\/la-logistique-urbaine\/\" target=\"_blank\" rel=\"noreferrer noopener\"><strong>logistique urbaine<\/strong><\/a>, avait pour th\u00e9matique \u00ab&nbsp;retail physique et <strong><a href=\"https:\/\/www.groupestarservice.com\/logistique-e-commerce\/\" target=\"_blank\" rel=\"noreferrer noopener\">logistique e-commerce<\/a><\/strong> sont-ils incompatibles&nbsp;?&nbsp;\u00bb. Antoine Rigaud, directeur des op\u00e9rations de la soci\u00e9t\u00e9 Le Slip Fran\u00e7ais nous exposait que 60% du chiffre d\u2019affaires de l\u2019entreprise est r\u00e9alis\u00e9 sur internet. Les 23 boutiques permettent de mettre en \u0153uvre des solutions multicanales. Ainsi, le click &amp; collect, malgr\u00e9 un maillage restreint du territoire, est pass\u00e9 de 4% des ventes \u00e0 6%. La soci\u00e9t\u00e9 proposera prochainement dans Paris, mais aussi dans 7 m\u00e9tropoles r\u00e9gionales, un service de &nbsp;<a href=\"https:\/\/www.groupestarservice.com\/la-logistique-urbaine\/\" target=\"_blank\" rel=\"noreferrer noopener\"><strong>logistique urbaine<\/strong><\/a><strong> pour <a href=\"https:\/\/www.groupestarservice.com\/logistique-du-dernier-kilometre\/\" target=\"_blank\" rel=\"noreferrer noopener\">la livraison du dernier kilom\u00e8tre<\/a><\/strong> en 2 heures. Autre fonctionnalit\u00e9 pratiqu\u00e9e en magasin, celle de l\u2019acceptation des retours e-commerce.<\/p>\n\n\n\n<figure class=\"wp-block-image size-large\"><img decoding=\"async\" width=\"1024\" height=\"507\" src=\"https:\/\/www.groupestarservice.com\/blog\/\/wp-content\/uploads\/2020\/10\/IMG_20201001_084824-1024x507.jpg\" alt=\"Retail Chain 2020\" class=\"wp-image-2512\" srcset=\"https:\/\/www.groupestarservice.com\/blog\/wp-content\/uploads\/2020\/10\/IMG_20201001_084824-1024x507.jpg 1024w, https:\/\/www.groupestarservice.com\/blog\/wp-content\/uploads\/2020\/10\/IMG_20201001_084824-300x149.jpg 300w, https:\/\/www.groupestarservice.com\/blog\/wp-content\/uploads\/2020\/10\/IMG_20201001_084824-768x380.jpg 768w, https:\/\/www.groupestarservice.com\/blog\/wp-content\/uploads\/2020\/10\/IMG_20201001_084824-1536x760.jpg 1536w, https:\/\/www.groupestarservice.com\/blog\/wp-content\/uploads\/2020\/10\/IMG_20201001_084824-2048x1014.jpg 2048w\" sizes=\"(max-width: 1024px) 100vw, 1024px\" \/><\/figure>\n\n\n\n<p>Dans le contexte actuel de port du masque et de risques sanitaires, les clients h\u00e9sitent \u00e0 passer beaucoup de temps dans des boutiques souvent d\u2019une dimension r\u00e9duite. L\u2019e-r\u00e9servation, largement d\u00e9velopp\u00e9e par Le Slip Fran\u00e7ais, permet d\u2019apporter au client une garantie de pr\u00e9sence en magasin du produit recherch\u00e9. Il s\u2019agit l\u00e0 aussi d\u2019une solution qui correspond aux attentes du client.<\/p>\n\n\n\n<p>La soci\u00e9t\u00e9 de <a href=\"https:\/\/www.groupestarservice.com\/logistique-du-dernier-kilometre\/\" target=\"_blank\" rel=\"noreferrer noopener\"><strong>logistique du dernier kilom\u00e8tre<\/strong><\/a> Monstock \u00e9taient pr\u00e9sentes sur cette table-ronde. Monstock a expos\u00e9 ses solutions de suivi et de gestion des stocks, dans les entrep\u00f4ts, les hubs urbains, les magasins et les <strong>v\u00e9hicules de livraison<\/strong>. Ces solutions permettent notamment d\u2019assurer une tra\u00e7abilit\u00e9 des contenants r\u00e9cup\u00e9rables (f\u00fbts, palettes, rolls, bacs, etc.). Ces contenants souvent d\u2019une valeur importante n\u00e9cessitent une fine gestion afin d\u2019\u00e9viter les pertes et d\u2019optimiser la collecte.<\/p>\n\n\n\n<p>D\u2019autres pr\u00e9sentations ont eu lieu dans la journ\u00e9e notamment celle de la soci\u00e9t\u00e9 Happychic (marques Brice, Brizzbee, Jules). Cette soci\u00e9t\u00e9, signataire du Fashion Pact, a fait part des efforts environnementaux sur l\u2019utilisation de mobilier \u00e9coresponsable dans les magasins, de solutions d\u00e9carbon\u00e9es de la <a href=\"https:\/\/www.groupestarservice.com\/logistique-du-dernier-kilometre\/\" target=\"_blank\" rel=\"noreferrer noopener\"><strong>logistique du dernier kilom\u00e8tre<\/strong><\/a> (v\u00e9hicules au GNV et \u00e9lectriques) ou de r\u00e9duction des emballages.<\/p>\n\n\n\n<h2 class=\"wp-block-heading\"><strong>Retours, emballages et IoT au menu du pitch<\/strong><\/h2>\n\n\n\n<p>L\u2019apr\u00e8s-midi, le pitch startup a r\u00e9uni 6 soci\u00e9t\u00e9s&nbsp;: Otailo, Welco, Proximis, Ownest et Magma Technology. Ce blog a r\u00e9cemment pr\u00e9sent\u00e9 la <a href=\"https:\/\/www.groupestarservice.com\/blog\/\/lemballage-reutilisable-pour-une-livraison-environnemental\/\" target=\"_blank\" rel=\"noreferrer noopener\">solution Hipli<\/a>. Otailo a expos\u00e9 une solution tr\u00e8s originale de gestion des retours. Les retours concernent essentiellement les secteurs de l\u2019habillement et de la chaussure. Plut\u00f4t que de retourner ces produits \u00e0 l\u2019e-marchand, Otailo propose une application permettant de retourner ces produits \u00e0 un commer\u00e7ant de quartier qui intervient dans la <a href=\"https:\/\/www.groupestarservice.com\/logistique-du-dernier-kilometre\/\" target=\"_blank\" rel=\"noreferrer noopener\"><strong>logistique du dernier kilom\u00e8tre<\/strong><\/a>. Par exemple une paire de chaussures est retourn\u00e9e \u00e0 un chausseur plut\u00f4t qu\u2019\u00e0 l\u2019e-marchand. Ce commer\u00e7ant sera r\u00e9mun\u00e9r\u00e9 pour revendre ce produit retourn\u00e9. Le client qui retourne ce produit peut alors \u00eatre tent\u00e9 par l\u2019achat d\u2019un produit lui convenant mieux dans ce m\u00eame magasin. La solution Otailo permet de r\u00e9duire les <strong>transports<\/strong> et a donc un impact environnemental positif.<\/p>\n\n\n\n<figure class=\"wp-block-image size-large\"><img decoding=\"async\" width=\"1024\" height=\"507\" src=\"https:\/\/www.groupestarservice.com\/blog\/\/wp-content\/uploads\/2020\/10\/IMG_20201001_140534-1024x507.jpg\" alt=\"Retail Chain 2020\" class=\"wp-image-2513\" srcset=\"https:\/\/www.groupestarservice.com\/blog\/wp-content\/uploads\/2020\/10\/IMG_20201001_140534-1024x507.jpg 1024w, https:\/\/www.groupestarservice.com\/blog\/wp-content\/uploads\/2020\/10\/IMG_20201001_140534-300x149.jpg 300w, https:\/\/www.groupestarservice.com\/blog\/wp-content\/uploads\/2020\/10\/IMG_20201001_140534-768x380.jpg 768w, https:\/\/www.groupestarservice.com\/blog\/wp-content\/uploads\/2020\/10\/IMG_20201001_140534-1536x760.jpg 1536w, https:\/\/www.groupestarservice.com\/blog\/wp-content\/uploads\/2020\/10\/IMG_20201001_140534-2048x1014.jpg 2048w\" sizes=\"(max-width: 1024px) 100vw, 1024px\" \/><\/figure>\n\n\n\n<p>Autre solution pr\u00e9sent\u00e9e sur Retail Chain, celle de Welco. Il s\u2019agit d\u2019une application g\u00e9rant un r\u00e9seau de \u00ab&nbsp;voisins&nbsp;\u00bb, en l\u2019occurrence des personnes priv\u00e9es qui sont pr\u00e9sentes \u00e0 leur domicile, afin de recevoir les colis pour le compte d\u2019autres personnes et ainsi d\u2019am\u00e9liorer la <a href=\"https:\/\/www.groupestarservice.com\/logistique-du-dernier-kilometre\/\" target=\"_blank\" rel=\"noreferrer noopener\"><strong>logistique du dernier kilom\u00e8tre<\/strong><\/a>. L\u2019objectif est d\u2019apporter une solution compl\u00e9mentaire aux points relais, qui sont, notamment \u00e0 Paris, en nombre insuffisant et n\u2019apportent pas toujours le service attendu.<\/p>\n\n\n\n<p>Les soci\u00e9t\u00e9s Proximis, Ownest et Magma Technology ont pr\u00e9sent\u00e9 des solutions d\u2019IoT, de blockchain ou de gestion unifi\u00e9e des stocks dans un contexte multicanal. Sur le sujet de l\u2019IoT, <a href=\"https:\/\/www.groupestarservice.com\/blog\/\/comment-liot-optimise-la-logistique-du-dernier-kilometre\/\" target=\"_blank\" rel=\"noreferrer noopener\">le r\u00e9cent article de ce blog<\/a> permet de comprendre les applications dans la <a href=\"https:\/\/www.groupestarservice.com\/la-logistique-urbaine\/\" target=\"_blank\" rel=\"noreferrer noopener\"><strong>logistique urbaine<\/strong><\/a><strong> et <\/strong><a href=\"https:\/\/www.groupestarservice.com\/logistique-du-dernier-kilometre\/\" target=\"_blank\" rel=\"noreferrer noopener\"><strong>le dernier kilom\u00e8tre<\/strong><\/a>.<\/p>\n\n\n\n<p>Plus que jamais, Retail Chain devient un \u00e9v\u00e9nement incontournable pour les solutions de la <a href=\"https:\/\/www.groupestarservice.com\/logistique-du-dernier-kilometre\/\" target=\"_blank\" rel=\"noreferrer noopener\"><strong>logistique du dernier kilom\u00e8tre<\/strong><\/a>, l\u2019omnicanal et l\u2019\u00e9volution du retail.<\/p>\n","protected":false},"excerpt":{"rendered":"<p>La convention Retail Chain a lieu chaque ann\u00e9e \u00e0 La D\u00e9fense. D\u00e9cal\u00e9e du fait de la crise du COVID-19, elle s\u2019est d\u00e9roul\u00e9e le 1er octobre et a rassembl\u00e9 prestataires et chargeurs autour de la th\u00e9matique du retail et de logistique&#8230;<\/p>\n","protected":false},"author":2,"featured_media":2518,"comment_status":"open","ping_status":"open","sticky":false,"template":"","format":"standard","meta":{"_acf_changed":false,"twitterCardType":"","cardImageID":0,"cardImage":"","cardTitle":"","cardDesc":"","cardImageAlt":"","cardPlayer":"","cardPlayerWidth":0,"cardPlayerHeight":0,"cardPlayerStream":"","cardPlayerCodec":"","footnotes":""},"categories":[26],"tags":[],"class_list":["post-2509","post","type-post","status-publish","format-standard","has-post-thumbnail","hentry","category-informations-marche"],"acf":[],"yoast_head":"<!-- This site is optimized with the Yoast SEO plugin v27.0 - https:\/\/yoast.com\/product\/yoast-seo-wordpress\/ -->\n<title>Retail Chain 2020 : les \u00e9volutions de la logistique urbaine | Star Service<\/title>\n<meta name=\"description\" content=\"La convention Retail Chain a rassembl\u00e9 prestataires et chargeurs autour de la th\u00e9matique du retail et de logistique du dernier kilom\u00e8tre.\" \/>\n<meta name=\"robots\" content=\"index, follow, max-snippet:-1, max-image-preview:large, max-video-preview:-1\" \/>\n<link rel=\"canonical\" href=\"https:\/\/groupestarservice.com\/blog\/retail-chain-2020-les-evolutions-de-la-logistique-urbaine\/\" \/>\n<meta property=\"og:locale\" content=\"fr_FR\" \/>\n<meta property=\"og:type\" content=\"article\" \/>\n<meta property=\"og:title\" content=\"Retail Chain 2020 : les \u00e9volutions de la logistique urbaine | Star Service\" \/>\n<meta property=\"og:description\" content=\"La convention Retail Chain a rassembl\u00e9 prestataires et chargeurs autour de la th\u00e9matique du retail et de logistique du dernier kilom\u00e8tre.\" \/>\n<meta property=\"og:url\" content=\"https:\/\/groupestarservice.com\/blog\/retail-chain-2020-les-evolutions-de-la-logistique-urbaine\/\" \/>\n<meta property=\"og:site_name\" content=\"Star Service - Le rendez-vous du dernier km\" \/>\n<meta property=\"article:published_time\" content=\"2020-10-09T16:01:33+00:00\" \/>\n<meta property=\"article:modified_time\" content=\"2022-08-18T14:05:47+00:00\" \/>\n<meta property=\"og:image\" content=\"https:\/\/groupestarservice.com\/blog\/wp-content\/uploads\/2020\/10\/Visuel-Retail-Chain-2.jpg\" \/>\n\t<meta property=\"og:image:width\" content=\"1782\" \/>\n\t<meta property=\"og:image:height\" content=\"843\" \/>\n\t<meta property=\"og:image:type\" content=\"image\/jpeg\" \/>\n<meta name=\"author\" content=\"cyma\" \/>\n<meta name=\"twitter:card\" content=\"summary_large_image\" \/>\n<meta name=\"twitter:creator\" content=\"@Starsservice\" \/>\n<meta name=\"twitter:site\" content=\"@Starsservice\" \/>\n<meta name=\"twitter:label1\" content=\"\u00c9crit par\" \/>\n\t<meta name=\"twitter:data1\" content=\"cyma\" \/>\n\t<meta name=\"twitter:label2\" content=\"Dur\u00e9e de lecture estim\u00e9e\" \/>\n\t<meta name=\"twitter:data2\" content=\"5 minutes\" \/>\n<script type=\"application\/ld+json\" class=\"yoast-schema-graph\">{\"@context\":\"https:\/\/schema.org\",\"@graph\":[{\"@type\":\"Article\",\"@id\":\"https:\/\/groupestarservice.com\/blog\/retail-chain-2020-les-evolutions-de-la-logistique-urbaine\/#article\",\"isPartOf\":{\"@id\":\"https:\/\/groupestarservice.com\/blog\/retail-chain-2020-les-evolutions-de-la-logistique-urbaine\/\"},\"author\":{\"name\":\"cyma\",\"@id\":\"https:\/\/www.groupestarservice.com\/blog\/#\/schema\/person\/2cd9c82e5121ab8f6aa61975d746e0d1\"},\"headline\":\"Retail Chain 2020 : les \u00e9volutions de la logistique urbaine\",\"datePublished\":\"2020-10-09T16:01:33+00:00\",\"dateModified\":\"2022-08-18T14:05:47+00:00\",\"mainEntityOfPage\":{\"@id\":\"https:\/\/groupestarservice.com\/blog\/retail-chain-2020-les-evolutions-de-la-logistique-urbaine\/\"},\"wordCount\":847,\"commentCount\":0,\"image\":{\"@id\":\"https:\/\/groupestarservice.com\/blog\/retail-chain-2020-les-evolutions-de-la-logistique-urbaine\/#primaryimage\"},\"thumbnailUrl\":\"https:\/\/www.groupestarservice.com\/blog\/wp-content\/uploads\/2020\/10\/Visuel-Retail-Chain-2.jpg\",\"articleSection\":[\"Informations march\u00e9\"],\"inLanguage\":\"fr-FR\"},{\"@type\":\"WebPage\",\"@id\":\"https:\/\/groupestarservice.com\/blog\/retail-chain-2020-les-evolutions-de-la-logistique-urbaine\/\",\"url\":\"https:\/\/groupestarservice.com\/blog\/retail-chain-2020-les-evolutions-de-la-logistique-urbaine\/\",\"name\":\"Retail Chain 2020 : les \u00e9volutions de la logistique urbaine | Star Service\",\"isPartOf\":{\"@id\":\"https:\/\/www.groupestarservice.com\/blog\/#website\"},\"primaryImageOfPage\":{\"@id\":\"https:\/\/groupestarservice.com\/blog\/retail-chain-2020-les-evolutions-de-la-logistique-urbaine\/#primaryimage\"},\"image\":{\"@id\":\"https:\/\/groupestarservice.com\/blog\/retail-chain-2020-les-evolutions-de-la-logistique-urbaine\/#primaryimage\"},\"thumbnailUrl\":\"https:\/\/www.groupestarservice.com\/blog\/wp-content\/uploads\/2020\/10\/Visuel-Retail-Chain-2.jpg\",\"datePublished\":\"2020-10-09T16:01:33+00:00\",\"dateModified\":\"2022-08-18T14:05:47+00:00\",\"author\":{\"@id\":\"https:\/\/www.groupestarservice.com\/blog\/#\/schema\/person\/2cd9c82e5121ab8f6aa61975d746e0d1\"},\"description\":\"La convention Retail Chain a rassembl\u00e9 prestataires et chargeurs autour de la th\u00e9matique du retail et de logistique du dernier kilom\u00e8tre.\",\"breadcrumb\":{\"@id\":\"https:\/\/groupestarservice.com\/blog\/retail-chain-2020-les-evolutions-de-la-logistique-urbaine\/#breadcrumb\"},\"inLanguage\":\"fr-FR\",\"potentialAction\":[{\"@type\":\"ReadAction\",\"target\":[\"https:\/\/groupestarservice.com\/blog\/retail-chain-2020-les-evolutions-de-la-logistique-urbaine\/\"]}]},{\"@type\":\"ImageObject\",\"inLanguage\":\"fr-FR\",\"@id\":\"https:\/\/groupestarservice.com\/blog\/retail-chain-2020-les-evolutions-de-la-logistique-urbaine\/#primaryimage\",\"url\":\"https:\/\/www.groupestarservice.com\/blog\/wp-content\/uploads\/2020\/10\/Visuel-Retail-Chain-2.jpg\",\"contentUrl\":\"https:\/\/www.groupestarservice.com\/blog\/wp-content\/uploads\/2020\/10\/Visuel-Retail-Chain-2.jpg\",\"width\":1782,\"height\":843,\"caption\":\"\u00e9volutions de la logistique urbaine\"},{\"@type\":\"BreadcrumbList\",\"@id\":\"https:\/\/groupestarservice.com\/blog\/retail-chain-2020-les-evolutions-de-la-logistique-urbaine\/#breadcrumb\",\"itemListElement\":[{\"@type\":\"ListItem\",\"position\":1,\"name\":\"Accueil\",\"item\":\"https:\/\/www.groupestarservice.com\/blog\/\"},{\"@type\":\"ListItem\",\"position\":2,\"name\":\"Retail Chain 2020 : les \u00e9volutions de la logistique urbaine\"}]},{\"@type\":\"WebSite\",\"@id\":\"https:\/\/www.groupestarservice.com\/blog\/#website\",\"url\":\"https:\/\/www.groupestarservice.com\/blog\/\",\"name\":\"Star Service - Le rendez-vous du dernier km\",\"description\":\"\",\"potentialAction\":[{\"@type\":\"SearchAction\",\"target\":{\"@type\":\"EntryPoint\",\"urlTemplate\":\"https:\/\/www.groupestarservice.com\/blog\/?s={search_term_string}\"},\"query-input\":{\"@type\":\"PropertyValueSpecification\",\"valueRequired\":true,\"valueName\":\"search_term_string\"}}],\"inLanguage\":\"fr-FR\"},{\"@type\":\"Person\",\"@id\":\"https:\/\/www.groupestarservice.com\/blog\/#\/schema\/person\/2cd9c82e5121ab8f6aa61975d746e0d1\",\"name\":\"cyma\",\"image\":{\"@type\":\"ImageObject\",\"inLanguage\":\"fr-FR\",\"@id\":\"https:\/\/www.groupestarservice.com\/blog\/#\/schema\/person\/image\/\",\"url\":\"https:\/\/secure.gravatar.com\/avatar\/9b11ec004641ddc4ab2c2fcae2953aecd4f734fd8a0c354c98224ade6086999e?s=96&d=mm&r=g\",\"contentUrl\":\"https:\/\/secure.gravatar.com\/avatar\/9b11ec004641ddc4ab2c2fcae2953aecd4f734fd8a0c354c98224ade6086999e?s=96&d=mm&r=g\",\"caption\":\"cyma\"},\"url\":\"https:\/\/www.groupestarservice.com\/blog\/author\/claire\/\"}]}<\/script>\n<!-- \/ Yoast SEO plugin. -->","yoast_head_json":{"title":"Retail Chain 2020 : les \u00e9volutions de la logistique urbaine | Star Service","description":"La convention Retail Chain a rassembl\u00e9 prestataires et chargeurs autour de la th\u00e9matique du retail et de logistique du dernier kilom\u00e8tre.","robots":{"index":"index","follow":"follow","max-snippet":"max-snippet:-1","max-image-preview":"max-image-preview:large","max-video-preview":"max-video-preview:-1"},"canonical":"https:\/\/groupestarservice.com\/blog\/retail-chain-2020-les-evolutions-de-la-logistique-urbaine\/","og_locale":"fr_FR","og_type":"article","og_title":"Retail Chain 2020 : les \u00e9volutions de la logistique urbaine | Star Service","og_description":"La convention Retail Chain a rassembl\u00e9 prestataires et chargeurs autour de la th\u00e9matique du retail et de logistique du dernier kilom\u00e8tre.","og_url":"https:\/\/groupestarservice.com\/blog\/retail-chain-2020-les-evolutions-de-la-logistique-urbaine\/","og_site_name":"Star Service - Le rendez-vous du dernier km","article_published_time":"2020-10-09T16:01:33+00:00","article_modified_time":"2022-08-18T14:05:47+00:00","og_image":[{"width":1782,"height":843,"url":"https:\/\/groupestarservice.com\/blog\/wp-content\/uploads\/2020\/10\/Visuel-Retail-Chain-2.jpg","type":"image\/jpeg"}],"author":"cyma","twitter_card":"summary_large_image","twitter_creator":"@Starsservice","twitter_site":"@Starsservice","twitter_misc":{"\u00c9crit par":"cyma","Dur\u00e9e de lecture estim\u00e9e":"5 minutes"},"schema":{"@context":"https:\/\/schema.org","@graph":[{"@type":"Article","@id":"https:\/\/groupestarservice.com\/blog\/retail-chain-2020-les-evolutions-de-la-logistique-urbaine\/#article","isPartOf":{"@id":"https:\/\/groupestarservice.com\/blog\/retail-chain-2020-les-evolutions-de-la-logistique-urbaine\/"},"author":{"name":"cyma","@id":"https:\/\/www.groupestarservice.com\/blog\/#\/schema\/person\/2cd9c82e5121ab8f6aa61975d746e0d1"},"headline":"Retail Chain 2020 : les \u00e9volutions de la logistique urbaine","datePublished":"2020-10-09T16:01:33+00:00","dateModified":"2022-08-18T14:05:47+00:00","mainEntityOfPage":{"@id":"https:\/\/groupestarservice.com\/blog\/retail-chain-2020-les-evolutions-de-la-logistique-urbaine\/"},"wordCount":847,"commentCount":0,"image":{"@id":"https:\/\/groupestarservice.com\/blog\/retail-chain-2020-les-evolutions-de-la-logistique-urbaine\/#primaryimage"},"thumbnailUrl":"https:\/\/www.groupestarservice.com\/blog\/wp-content\/uploads\/2020\/10\/Visuel-Retail-Chain-2.jpg","articleSection":["Informations march\u00e9"],"inLanguage":"fr-FR"},{"@type":"WebPage","@id":"https:\/\/groupestarservice.com\/blog\/retail-chain-2020-les-evolutions-de-la-logistique-urbaine\/","url":"https:\/\/groupestarservice.com\/blog\/retail-chain-2020-les-evolutions-de-la-logistique-urbaine\/","name":"Retail Chain 2020 : les \u00e9volutions de la logistique urbaine | Star Service","isPartOf":{"@id":"https:\/\/www.groupestarservice.com\/blog\/#website"},"primaryImageOfPage":{"@id":"https:\/\/groupestarservice.com\/blog\/retail-chain-2020-les-evolutions-de-la-logistique-urbaine\/#primaryimage"},"image":{"@id":"https:\/\/groupestarservice.com\/blog\/retail-chain-2020-les-evolutions-de-la-logistique-urbaine\/#primaryimage"},"thumbnailUrl":"https:\/\/www.groupestarservice.com\/blog\/wp-content\/uploads\/2020\/10\/Visuel-Retail-Chain-2.jpg","datePublished":"2020-10-09T16:01:33+00:00","dateModified":"2022-08-18T14:05:47+00:00","author":{"@id":"https:\/\/www.groupestarservice.com\/blog\/#\/schema\/person\/2cd9c82e5121ab8f6aa61975d746e0d1"},"description":"La convention Retail Chain a rassembl\u00e9 prestataires et chargeurs autour de la th\u00e9matique du retail et de logistique du dernier kilom\u00e8tre.","breadcrumb":{"@id":"https:\/\/groupestarservice.com\/blog\/retail-chain-2020-les-evolutions-de-la-logistique-urbaine\/#breadcrumb"},"inLanguage":"fr-FR","potentialAction":[{"@type":"ReadAction","target":["https:\/\/groupestarservice.com\/blog\/retail-chain-2020-les-evolutions-de-la-logistique-urbaine\/"]}]},{"@type":"ImageObject","inLanguage":"fr-FR","@id":"https:\/\/groupestarservice.com\/blog\/retail-chain-2020-les-evolutions-de-la-logistique-urbaine\/#primaryimage","url":"https:\/\/www.groupestarservice.com\/blog\/wp-content\/uploads\/2020\/10\/Visuel-Retail-Chain-2.jpg","contentUrl":"https:\/\/www.groupestarservice.com\/blog\/wp-content\/uploads\/2020\/10\/Visuel-Retail-Chain-2.jpg","width":1782,"height":843,"caption":"\u00e9volutions de la logistique urbaine"},{"@type":"BreadcrumbList","@id":"https:\/\/groupestarservice.com\/blog\/retail-chain-2020-les-evolutions-de-la-logistique-urbaine\/#breadcrumb","itemListElement":[{"@type":"ListItem","position":1,"name":"Accueil","item":"https:\/\/www.groupestarservice.com\/blog\/"},{"@type":"ListItem","position":2,"name":"Retail Chain 2020 : les \u00e9volutions de la logistique urbaine"}]},{"@type":"WebSite","@id":"https:\/\/www.groupestarservice.com\/blog\/#website","url":"https:\/\/www.groupestarservice.com\/blog\/","name":"Star Service - Le rendez-vous du dernier km","description":"","potentialAction":[{"@type":"SearchAction","target":{"@type":"EntryPoint","urlTemplate":"https:\/\/www.groupestarservice.com\/blog\/?s={search_term_string}"},"query-input":{"@type":"PropertyValueSpecification","valueRequired":true,"valueName":"search_term_string"}}],"inLanguage":"fr-FR"},{"@type":"Person","@id":"https:\/\/www.groupestarservice.com\/blog\/#\/schema\/person\/2cd9c82e5121ab8f6aa61975d746e0d1","name":"cyma","image":{"@type":"ImageObject","inLanguage":"fr-FR","@id":"https:\/\/www.groupestarservice.com\/blog\/#\/schema\/person\/image\/","url":"https:\/\/secure.gravatar.com\/avatar\/9b11ec004641ddc4ab2c2fcae2953aecd4f734fd8a0c354c98224ade6086999e?s=96&d=mm&r=g","contentUrl":"https:\/\/secure.gravatar.com\/avatar\/9b11ec004641ddc4ab2c2fcae2953aecd4f734fd8a0c354c98224ade6086999e?s=96&d=mm&r=g","caption":"cyma"},"url":"https:\/\/www.groupestarservice.com\/blog\/author\/claire\/"}]}},"_links":{"self":[{"href":"https:\/\/www.groupestarservice.com\/blog\/wp-json\/wp\/v2\/posts\/2509","targetHints":{"allow":["GET"]}}],"collection":[{"href":"https:\/\/www.groupestarservice.com\/blog\/wp-json\/wp\/v2\/posts"}],"about":[{"href":"https:\/\/www.groupestarservice.com\/blog\/wp-json\/wp\/v2\/types\/post"}],"author":[{"embeddable":true,"href":"https:\/\/www.groupestarservice.com\/blog\/wp-json\/wp\/v2\/users\/2"}],"replies":[{"embeddable":true,"href":"https:\/\/www.groupestarservice.com\/blog\/wp-json\/wp\/v2\/comments?post=2509"}],"version-history":[{"count":3,"href":"https:\/\/www.groupestarservice.com\/blog\/wp-json\/wp\/v2\/posts\/2509\/revisions"}],"predecessor-version":[{"id":3796,"href":"https:\/\/www.groupestarservice.com\/blog\/wp-json\/wp\/v2\/posts\/2509\/revisions\/3796"}],"wp:featuredmedia":[{"embeddable":true,"href":"https:\/\/www.groupestarservice.com\/blog\/wp-json\/wp\/v2\/media\/2518"}],"wp:attachment":[{"href":"https:\/\/www.groupestarservice.com\/blog\/wp-json\/wp\/v2\/media?parent=2509"}],"wp:term":[{"taxonomy":"category","embeddable":true,"href":"https:\/\/www.groupestarservice.com\/blog\/wp-json\/wp\/v2\/categories?post=2509"},{"taxonomy":"post_tag","embeddable":true,"href":"https:\/\/www.groupestarservice.com\/blog\/wp-json\/wp\/v2\/tags?post=2509"}],"curies":[{"name":"wp","href":"https:\/\/api.w.org\/{rel}","templated":true}]}}