{"id":2730,"date":"2020-12-18T10:55:46","date_gmt":"2020-12-18T09:55:46","guid":{"rendered":"https:\/\/www.groupestarservice.com\/blog\/\/?p=2730"},"modified":"2024-07-31T08:16:32","modified_gmt":"2024-07-31T06:16:32","slug":"covid-19-logistique-et-transport-face-au-defi-du-vaccin","status":"publish","type":"post","link":"https:\/\/www.groupestarservice.com\/blog\/covid-19-logistique-et-transport-face-au-defi-du-vaccin\/","title":{"rendered":"Covid-19 : Logistique et transport face au d\u00e9fi du vaccin"},"content":{"rendered":"\n<p><strong>Le 24 novembre dernier, l\u2019association France Supply Chain demandait une coordination nationale de la supply chain autour de la gestion des vaccins contre la Covid-19. Un enjeu de sant\u00e9 publique aux fortes contraintes pour les logisticiens et transporteurs.<\/strong><\/p>\n\n\n\n<p><em>\u00ab&nbsp;D\u00e9finir une politique publique de vaccination contre la Covid-19 est une chose, s\u2019assurer de sa bonne ex\u00e9cution en est une autre. Face \u00e0 la complexit\u00e9 de la <strong>livraison<\/strong> de millions de doses, seule une coordination nationale et transversale, assurera une campagne de vaccination fluide. L\u2019association France Supply Chain propose son aide aux pouvoirs publics et pr\u00e9conise la cr\u00e9ation d\u2019un conseil national de la Supply Chain Vaccins. Fort de relais locaux, il rassemblerait, sans silos, pouvoirs publics, <strong>prestataires logistiques<\/strong>, industriels et entreprises technologiques.&nbsp;\u00bb<\/em> Le message est clair et les acteurs fran\u00e7ais de la <a href=\"https:\/\/www.groupestarservice.com\/la-logistique-urbaine\/\" target=\"_blank\" rel=\"noreferrer noopener\"><strong>logistique urbaine<\/strong><\/a>, du <strong>transport<\/strong> et plus g\u00e9n\u00e9ralement de la supply chain sont pr\u00eats.<\/p>\n\n\n\n<p>Sur le pont depuis le premier confinement en mars dernier, ce secteur et ceux qui le font vivre n\u2019ont eu cesse de se mobiliser pour accompagner les citoyens dans cette crise sanitaire sans pr\u00e9c\u00e9dent. C\u2019est donc en toute logique que la mobilisation se poursuit aujourd\u2019hui&nbsp;: <em>\u00ab&nbsp;Risques de files d\u2019attentes, ruptures de doses, stocks command\u00e9s non utilis\u00e9s, trafic de vaccins par des personnes mal intentionn\u00e9es\u2026 Jamais la bonne ex\u00e9cution d\u2019une politique publique n\u2019aura \u00e9t\u00e9 aussi cruciale&nbsp;\u00bb<\/em>, affirme l\u2019association dans un communiqu\u00e9.<\/p>\n\n\n\n<h2 class=\"wp-block-heading\"><strong>La difficult\u00e9 d\u2019assurer une <\/strong><a href=\"https:\/\/www.groupestarservice.com\/logistique-pharmaceutique\/\" target=\"_blank\" rel=\"noreferrer noopener\"><strong>logistique pharmaceutique<\/strong><\/a><strong> efficiente<\/strong><\/h2>\n\n\n\n<p>Car selon France Supply Chain, <em>\u00ab&nbsp;<em>si on prend l\u2019hypoth\u00e8se de cibler 60 % des 65 millions de Fran\u00e7ais soit 39 millions de personnes et si le vaccin est administr\u00e9 en deux fois, \u00e0 trois semaines d\u2019\u00e9cart, cela repr\u00e9sente donc 78 millions d\u2019injections de doses \u00e0 r\u00e9aliser<\/em>. Sur trois mois, 866 000 injections par jour devront \u00eatre effectu\u00e9es et sur quatre mois, 650 000&nbsp;\u00bb<\/em>, des chiffres vertigineux, d\u2019autant plus lorsque l\u2019on sait la complexit\u00e9 du stockage et du <a href=\"https:\/\/www.groupestarservice.com\/logistique-pharmaceutique\/\" target=\"_blank\" rel=\"noreferrer noopener\"><strong>transport sous temp\u00e9rature dirig\u00e9e<\/strong><\/a> de ce type de marchandises.<\/p>\n\n\n\n<p>Le stockage, le <a href=\"https:\/\/www.groupestarservice.com\/logistique-pharmaceutique\/\" target=\"_blank\" rel=\"noreferrer noopener\"><strong>transport s\u00e9curis\u00e9<\/strong><\/a> et la distribution de m\u00e9dicaments thermosensibles, n\u00e9cessitent une forte expertise tout en respectant un certain nombre de bonnes pratiques essentielles \u00e0 leur conservation. Disposer de v\u00e9hicules de <a href=\"https:\/\/www.groupestarservice.com\/logistique-pharmaceutique\/\" target=\"_blank\" rel=\"noreferrer noopener\"><strong>transport sous temp\u00e9rature dirig\u00e9e<\/strong><\/a>, d\u2019outils de contr\u00f4le, de maintien et de <a href=\"https:\/\/www.groupestarservice.com\/logistique-pharmaceutique\/\" target=\"_blank\" rel=\"noreferrer noopener\"><strong>tra\u00e7abilit\u00e9<\/strong><\/a> des conditions de <strong>transport<\/strong> s\u2019illustrent donc comme des pr\u00e9requis incontournables pour assurer la bonne distribution des vaccins. Et pour cause, le vaccin propos\u00e9 par Pfizer doit \u00eatre conserv\u00e9 \u00e0 -70 degr\u00e9s.<\/p>\n\n\n\n<h2 class=\"wp-block-heading\"><strong>Un transport de vaccins \u00e0 haute s\u00e9curit\u00e9<\/strong><\/h2>\n\n\n\n<p>Et si les transporteurs fran\u00e7ais sp\u00e9cialis\u00e9s dans les <strong><a href=\"https:\/\/www.groupestarservice.com\/logistique-pharmaceutique\/\" target=\"_blank\" rel=\"noreferrer noopener\">produits de sant\u00e9<\/a><\/strong> sont rompus \u00e0 une parfaite ma\u00eetrise de la cha\u00eene du froid au travers de la gestion en +2\u00b0C\/+8\u00b0C, +15\u00b0C\/+25\u00b0C et -30\u00b0C, un nouveau d\u00e9fi les attend donc pour assurer le maintien en <strong>temp\u00e9rature<\/strong> de ces vaccins. <em>\u00ab La <\/em><a href=\"https:\/\/www.groupestarservice.com\/logistique-pharmaceutique\/\" target=\"_blank\" rel=\"noreferrer noopener\"><strong><em>logistique sous temp\u00e9rature dirig\u00e9e<\/em><\/strong><\/a><em> de la vaccination massive contre la Covid-19 est un vrai d\u00e9fi, tant par son ampleur que par sa sp\u00e9cificit\u00e9 technique annonc\u00e9e par plusieurs laboratoires. Quelle que soit la <strong>temp\u00e9rature<\/strong> qu\u2019il faudra ma\u00eetriser sur tout ou partie de la cha\u00eene, cela n\u00e9cessitera dans tous les cas d\u2018investir dans de nouveaux moyens : la cha\u00eene du froid demande une expertise pointue, aussi bien d\u2019un point de vue technique qu\u2019organisationnel. Nous avons besoin de disposer au plus vite des \u00e9l\u00e9ments concernant <\/em><a href=\"https:\/\/www.groupestarservice.com\/logistique-pharmaceutique\/\" target=\"_blank\" rel=\"noreferrer noopener\"><strong><em>le contr\u00f4le des temp\u00e9ratures<\/em><\/strong><\/a><em>, la dur\u00e9e de stockage que n\u00e9cessite chaque vaccin ou encore les contours du cadre juridique \u00e0 mettre en place \u00bb<\/em>, explique Jean-Eudes Tesson, pr\u00e9sident de La Chaine Logistique du Froid dans un communiqu\u00e9 paru le 25 novembre dernier.<\/p>\n\n\n\n<p>Contraintes de stockage et de conservation, de distribution et de livraison, respect de la cha\u00eene du froid, <a href=\"https:\/\/www.groupestarservice.com\/logistique-pharmaceutique\/\"><strong>transport sous temp\u00e9rature dirig\u00e9e<\/strong><\/a>\u2026 De nombreuses questions sont donc soulev\u00e9es pour les logisticiens et les transporteurs. Pour conclure, France Supply Chain appelle ainsi \u00e0 un pilotage collaboratif et coordonn\u00e9 de tous, autour de la demande, de l\u2019acheminement et de l\u2019approvisionnement. Le message est pass\u00e9&nbsp;!<\/p>\n","protected":false},"excerpt":{"rendered":"<p>Le 24 novembre dernier, l\u2019association France Supply Chain demandait une coordination nationale de la supply chain autour de la gestion des vaccins contre la Covid-19. Un enjeu de sant\u00e9 publique aux fortes contraintes pour les logisticiens et transporteurs. \u00ab&nbsp;D\u00e9finir une&#8230;<\/p>\n","protected":false},"author":2,"featured_media":2734,"comment_status":"open","ping_status":"open","sticky":false,"template":"","format":"standard","meta":{"_acf_changed":false,"twitterCardType":"","cardImageID":0,"cardImage":"","cardTitle":"","cardDesc":"","cardImageAlt":"","cardPlayer":"","cardPlayerWidth":0,"cardPlayerHeight":0,"cardPlayerStream":"","cardPlayerCodec":"","footnotes":""},"categories":[26],"tags":[],"class_list":["post-2730","post","type-post","status-publish","format-standard","has-post-thumbnail","hentry","category-informations-marche"],"acf":[],"yoast_head":"<!-- This site is optimized with the Yoast SEO plugin v27.0 - https:\/\/yoast.com\/product\/yoast-seo-wordpress\/ -->\n<title>Covid-19 : Logistique et transport face au d\u00e9fi du vaccin<\/title>\n<meta name=\"description\" content=\"L&#039;association France Supply Chain demande une coordination nationale de la supply chain autour de la gestion des vaccins contre la Covid-19.\" \/>\n<meta name=\"robots\" content=\"index, follow, max-snippet:-1, max-image-preview:large, max-video-preview:-1\" \/>\n<link rel=\"canonical\" href=\"https:\/\/www.groupestarservice.com\/blog\/covid-19-logistique-et-transport-face-au-defi-du-vaccin\/\" \/>\n<meta property=\"og:locale\" content=\"fr_FR\" \/>\n<meta property=\"og:type\" content=\"article\" \/>\n<meta property=\"og:title\" content=\"Covid-19 : Logistique et transport face au d\u00e9fi du vaccin\" \/>\n<meta property=\"og:description\" content=\"L&#039;association France Supply Chain demande une coordination nationale de la supply chain autour de la gestion des vaccins contre la Covid-19.\" \/>\n<meta property=\"og:url\" content=\"https:\/\/www.groupestarservice.com\/blog\/covid-19-logistique-et-transport-face-au-defi-du-vaccin\/\" \/>\n<meta property=\"og:site_name\" content=\"Star Service - Le rendez-vous du dernier km\" \/>\n<meta property=\"article:published_time\" content=\"2020-12-18T09:55:46+00:00\" \/>\n<meta property=\"article:modified_time\" content=\"2024-07-31T06:16:32+00:00\" \/>\n<meta property=\"og:image\" content=\"https:\/\/www.groupestarservice.com\/blog\/wp-content\/uploads\/2020\/12\/Visuel-dsdf.jpg\" \/>\n\t<meta property=\"og:image:width\" content=\"1312\" \/>\n\t<meta property=\"og:image:height\" content=\"577\" \/>\n\t<meta property=\"og:image:type\" content=\"image\/jpeg\" \/>\n<meta name=\"author\" content=\"cyma\" \/>\n<meta name=\"twitter:card\" content=\"summary_large_image\" \/>\n<meta name=\"twitter:creator\" content=\"@Starsservice\" \/>\n<meta name=\"twitter:site\" content=\"@Starsservice\" \/>\n<meta name=\"twitter:label1\" content=\"\u00c9crit par\" \/>\n\t<meta name=\"twitter:data1\" content=\"cyma\" \/>\n\t<meta name=\"twitter:label2\" content=\"Dur\u00e9e de lecture estim\u00e9e\" \/>\n\t<meta name=\"twitter:data2\" content=\"4 minutes\" \/>\n<script type=\"application\/ld+json\" class=\"yoast-schema-graph\">{\"@context\":\"https:\/\/schema.org\",\"@graph\":[{\"@type\":\"Article\",\"@id\":\"https:\/\/www.groupestarservice.com\/blog\/covid-19-logistique-et-transport-face-au-defi-du-vaccin\/#article\",\"isPartOf\":{\"@id\":\"https:\/\/www.groupestarservice.com\/blog\/covid-19-logistique-et-transport-face-au-defi-du-vaccin\/\"},\"author\":{\"name\":\"cyma\",\"@id\":\"https:\/\/www.groupestarservice.com\/blog\/#\/schema\/person\/2cd9c82e5121ab8f6aa61975d746e0d1\"},\"headline\":\"Covid-19 : Logistique et transport face au d\u00e9fi du vaccin\",\"datePublished\":\"2020-12-18T09:55:46+00:00\",\"dateModified\":\"2024-07-31T06:16:32+00:00\",\"mainEntityOfPage\":{\"@id\":\"https:\/\/www.groupestarservice.com\/blog\/covid-19-logistique-et-transport-face-au-defi-du-vaccin\/\"},\"wordCount\":714,\"commentCount\":0,\"image\":{\"@id\":\"https:\/\/www.groupestarservice.com\/blog\/covid-19-logistique-et-transport-face-au-defi-du-vaccin\/#primaryimage\"},\"thumbnailUrl\":\"https:\/\/www.groupestarservice.com\/blog\/wp-content\/uploads\/2020\/12\/Visuel-dsdf.jpg\",\"articleSection\":[\"Informations march\u00e9\"],\"inLanguage\":\"fr-FR\"},{\"@type\":\"WebPage\",\"@id\":\"https:\/\/www.groupestarservice.com\/blog\/covid-19-logistique-et-transport-face-au-defi-du-vaccin\/\",\"url\":\"https:\/\/www.groupestarservice.com\/blog\/covid-19-logistique-et-transport-face-au-defi-du-vaccin\/\",\"name\":\"Covid-19 : Logistique et transport face au d\u00e9fi du vaccin\",\"isPartOf\":{\"@id\":\"https:\/\/www.groupestarservice.com\/blog\/#website\"},\"primaryImageOfPage\":{\"@id\":\"https:\/\/www.groupestarservice.com\/blog\/covid-19-logistique-et-transport-face-au-defi-du-vaccin\/#primaryimage\"},\"image\":{\"@id\":\"https:\/\/www.groupestarservice.com\/blog\/covid-19-logistique-et-transport-face-au-defi-du-vaccin\/#primaryimage\"},\"thumbnailUrl\":\"https:\/\/www.groupestarservice.com\/blog\/wp-content\/uploads\/2020\/12\/Visuel-dsdf.jpg\",\"datePublished\":\"2020-12-18T09:55:46+00:00\",\"dateModified\":\"2024-07-31T06:16:32+00:00\",\"author\":{\"@id\":\"https:\/\/www.groupestarservice.com\/blog\/#\/schema\/person\/2cd9c82e5121ab8f6aa61975d746e0d1\"},\"description\":\"L'association France Supply Chain demande une coordination nationale de la supply chain autour de la gestion des vaccins contre la Covid-19.\",\"breadcrumb\":{\"@id\":\"https:\/\/www.groupestarservice.com\/blog\/covid-19-logistique-et-transport-face-au-defi-du-vaccin\/#breadcrumb\"},\"inLanguage\":\"fr-FR\",\"potentialAction\":[{\"@type\":\"ReadAction\",\"target\":[\"https:\/\/www.groupestarservice.com\/blog\/covid-19-logistique-et-transport-face-au-defi-du-vaccin\/\"]}]},{\"@type\":\"ImageObject\",\"inLanguage\":\"fr-FR\",\"@id\":\"https:\/\/www.groupestarservice.com\/blog\/covid-19-logistique-et-transport-face-au-defi-du-vaccin\/#primaryimage\",\"url\":\"https:\/\/www.groupestarservice.com\/blog\/wp-content\/uploads\/2020\/12\/Visuel-dsdf.jpg\",\"contentUrl\":\"https:\/\/www.groupestarservice.com\/blog\/wp-content\/uploads\/2020\/12\/Visuel-dsdf.jpg\",\"width\":1312,\"height\":577,\"caption\":\"logistique et transport face au d\u00e9fi du vaccin\"},{\"@type\":\"BreadcrumbList\",\"@id\":\"https:\/\/www.groupestarservice.com\/blog\/covid-19-logistique-et-transport-face-au-defi-du-vaccin\/#breadcrumb\",\"itemListElement\":[{\"@type\":\"ListItem\",\"position\":1,\"name\":\"Accueil\",\"item\":\"https:\/\/www.groupestarservice.com\/blog\/\"},{\"@type\":\"ListItem\",\"position\":2,\"name\":\"Covid-19 : Logistique et transport face au d\u00e9fi du vaccin\"}]},{\"@type\":\"WebSite\",\"@id\":\"https:\/\/www.groupestarservice.com\/blog\/#website\",\"url\":\"https:\/\/www.groupestarservice.com\/blog\/\",\"name\":\"Star Service - Le rendez-vous du dernier km\",\"description\":\"\",\"potentialAction\":[{\"@type\":\"SearchAction\",\"target\":{\"@type\":\"EntryPoint\",\"urlTemplate\":\"https:\/\/www.groupestarservice.com\/blog\/?s={search_term_string}\"},\"query-input\":{\"@type\":\"PropertyValueSpecification\",\"valueRequired\":true,\"valueName\":\"search_term_string\"}}],\"inLanguage\":\"fr-FR\"},{\"@type\":\"Person\",\"@id\":\"https:\/\/www.groupestarservice.com\/blog\/#\/schema\/person\/2cd9c82e5121ab8f6aa61975d746e0d1\",\"name\":\"cyma\",\"image\":{\"@type\":\"ImageObject\",\"inLanguage\":\"fr-FR\",\"@id\":\"https:\/\/www.groupestarservice.com\/blog\/#\/schema\/person\/image\/\",\"url\":\"https:\/\/secure.gravatar.com\/avatar\/9b11ec004641ddc4ab2c2fcae2953aecd4f734fd8a0c354c98224ade6086999e?s=96&d=mm&r=g\",\"contentUrl\":\"https:\/\/secure.gravatar.com\/avatar\/9b11ec004641ddc4ab2c2fcae2953aecd4f734fd8a0c354c98224ade6086999e?s=96&d=mm&r=g\",\"caption\":\"cyma\"},\"url\":\"https:\/\/www.groupestarservice.com\/blog\/author\/claire\/\"}]}<\/script>\n<!-- \/ Yoast SEO plugin. -->","yoast_head_json":{"title":"Covid-19 : Logistique et transport face au d\u00e9fi du vaccin","description":"L'association France Supply Chain demande une coordination nationale de la supply chain autour de la gestion des vaccins contre la Covid-19.","robots":{"index":"index","follow":"follow","max-snippet":"max-snippet:-1","max-image-preview":"max-image-preview:large","max-video-preview":"max-video-preview:-1"},"canonical":"https:\/\/www.groupestarservice.com\/blog\/covid-19-logistique-et-transport-face-au-defi-du-vaccin\/","og_locale":"fr_FR","og_type":"article","og_title":"Covid-19 : Logistique et transport face au d\u00e9fi du vaccin","og_description":"L'association France Supply Chain demande une coordination nationale de la supply chain autour de la gestion des vaccins contre la Covid-19.","og_url":"https:\/\/www.groupestarservice.com\/blog\/covid-19-logistique-et-transport-face-au-defi-du-vaccin\/","og_site_name":"Star Service - Le rendez-vous du dernier km","article_published_time":"2020-12-18T09:55:46+00:00","article_modified_time":"2024-07-31T06:16:32+00:00","og_image":[{"width":1312,"height":577,"url":"https:\/\/www.groupestarservice.com\/blog\/wp-content\/uploads\/2020\/12\/Visuel-dsdf.jpg","type":"image\/jpeg"}],"author":"cyma","twitter_card":"summary_large_image","twitter_creator":"@Starsservice","twitter_site":"@Starsservice","twitter_misc":{"\u00c9crit par":"cyma","Dur\u00e9e de lecture estim\u00e9e":"4 minutes"},"schema":{"@context":"https:\/\/schema.org","@graph":[{"@type":"Article","@id":"https:\/\/www.groupestarservice.com\/blog\/covid-19-logistique-et-transport-face-au-defi-du-vaccin\/#article","isPartOf":{"@id":"https:\/\/www.groupestarservice.com\/blog\/covid-19-logistique-et-transport-face-au-defi-du-vaccin\/"},"author":{"name":"cyma","@id":"https:\/\/www.groupestarservice.com\/blog\/#\/schema\/person\/2cd9c82e5121ab8f6aa61975d746e0d1"},"headline":"Covid-19 : Logistique et transport face au d\u00e9fi du vaccin","datePublished":"2020-12-18T09:55:46+00:00","dateModified":"2024-07-31T06:16:32+00:00","mainEntityOfPage":{"@id":"https:\/\/www.groupestarservice.com\/blog\/covid-19-logistique-et-transport-face-au-defi-du-vaccin\/"},"wordCount":714,"commentCount":0,"image":{"@id":"https:\/\/www.groupestarservice.com\/blog\/covid-19-logistique-et-transport-face-au-defi-du-vaccin\/#primaryimage"},"thumbnailUrl":"https:\/\/www.groupestarservice.com\/blog\/wp-content\/uploads\/2020\/12\/Visuel-dsdf.jpg","articleSection":["Informations march\u00e9"],"inLanguage":"fr-FR"},{"@type":"WebPage","@id":"https:\/\/www.groupestarservice.com\/blog\/covid-19-logistique-et-transport-face-au-defi-du-vaccin\/","url":"https:\/\/www.groupestarservice.com\/blog\/covid-19-logistique-et-transport-face-au-defi-du-vaccin\/","name":"Covid-19 : Logistique et transport face au d\u00e9fi du vaccin","isPartOf":{"@id":"https:\/\/www.groupestarservice.com\/blog\/#website"},"primaryImageOfPage":{"@id":"https:\/\/www.groupestarservice.com\/blog\/covid-19-logistique-et-transport-face-au-defi-du-vaccin\/#primaryimage"},"image":{"@id":"https:\/\/www.groupestarservice.com\/blog\/covid-19-logistique-et-transport-face-au-defi-du-vaccin\/#primaryimage"},"thumbnailUrl":"https:\/\/www.groupestarservice.com\/blog\/wp-content\/uploads\/2020\/12\/Visuel-dsdf.jpg","datePublished":"2020-12-18T09:55:46+00:00","dateModified":"2024-07-31T06:16:32+00:00","author":{"@id":"https:\/\/www.groupestarservice.com\/blog\/#\/schema\/person\/2cd9c82e5121ab8f6aa61975d746e0d1"},"description":"L'association France Supply Chain demande une coordination nationale de la supply chain autour de la gestion des vaccins contre la Covid-19.","breadcrumb":{"@id":"https:\/\/www.groupestarservice.com\/blog\/covid-19-logistique-et-transport-face-au-defi-du-vaccin\/#breadcrumb"},"inLanguage":"fr-FR","potentialAction":[{"@type":"ReadAction","target":["https:\/\/www.groupestarservice.com\/blog\/covid-19-logistique-et-transport-face-au-defi-du-vaccin\/"]}]},{"@type":"ImageObject","inLanguage":"fr-FR","@id":"https:\/\/www.groupestarservice.com\/blog\/covid-19-logistique-et-transport-face-au-defi-du-vaccin\/#primaryimage","url":"https:\/\/www.groupestarservice.com\/blog\/wp-content\/uploads\/2020\/12\/Visuel-dsdf.jpg","contentUrl":"https:\/\/www.groupestarservice.com\/blog\/wp-content\/uploads\/2020\/12\/Visuel-dsdf.jpg","width":1312,"height":577,"caption":"logistique et transport face au d\u00e9fi du vaccin"},{"@type":"BreadcrumbList","@id":"https:\/\/www.groupestarservice.com\/blog\/covid-19-logistique-et-transport-face-au-defi-du-vaccin\/#breadcrumb","itemListElement":[{"@type":"ListItem","position":1,"name":"Accueil","item":"https:\/\/www.groupestarservice.com\/blog\/"},{"@type":"ListItem","position":2,"name":"Covid-19 : Logistique et transport face au d\u00e9fi du vaccin"}]},{"@type":"WebSite","@id":"https:\/\/www.groupestarservice.com\/blog\/#website","url":"https:\/\/www.groupestarservice.com\/blog\/","name":"Star Service - Le rendez-vous du dernier km","description":"","potentialAction":[{"@type":"SearchAction","target":{"@type":"EntryPoint","urlTemplate":"https:\/\/www.groupestarservice.com\/blog\/?s={search_term_string}"},"query-input":{"@type":"PropertyValueSpecification","valueRequired":true,"valueName":"search_term_string"}}],"inLanguage":"fr-FR"},{"@type":"Person","@id":"https:\/\/www.groupestarservice.com\/blog\/#\/schema\/person\/2cd9c82e5121ab8f6aa61975d746e0d1","name":"cyma","image":{"@type":"ImageObject","inLanguage":"fr-FR","@id":"https:\/\/www.groupestarservice.com\/blog\/#\/schema\/person\/image\/","url":"https:\/\/secure.gravatar.com\/avatar\/9b11ec004641ddc4ab2c2fcae2953aecd4f734fd8a0c354c98224ade6086999e?s=96&d=mm&r=g","contentUrl":"https:\/\/secure.gravatar.com\/avatar\/9b11ec004641ddc4ab2c2fcae2953aecd4f734fd8a0c354c98224ade6086999e?s=96&d=mm&r=g","caption":"cyma"},"url":"https:\/\/www.groupestarservice.com\/blog\/author\/claire\/"}]}},"_links":{"self":[{"href":"https:\/\/www.groupestarservice.com\/blog\/wp-json\/wp\/v2\/posts\/2730","targetHints":{"allow":["GET"]}}],"collection":[{"href":"https:\/\/www.groupestarservice.com\/blog\/wp-json\/wp\/v2\/posts"}],"about":[{"href":"https:\/\/www.groupestarservice.com\/blog\/wp-json\/wp\/v2\/types\/post"}],"author":[{"embeddable":true,"href":"https:\/\/www.groupestarservice.com\/blog\/wp-json\/wp\/v2\/users\/2"}],"replies":[{"embeddable":true,"href":"https:\/\/www.groupestarservice.com\/blog\/wp-json\/wp\/v2\/comments?post=2730"}],"version-history":[{"count":5,"href":"https:\/\/www.groupestarservice.com\/blog\/wp-json\/wp\/v2\/posts\/2730\/revisions"}],"predecessor-version":[{"id":2738,"href":"https:\/\/www.groupestarservice.com\/blog\/wp-json\/wp\/v2\/posts\/2730\/revisions\/2738"}],"wp:featuredmedia":[{"embeddable":true,"href":"https:\/\/www.groupestarservice.com\/blog\/wp-json\/wp\/v2\/media\/2734"}],"wp:attachment":[{"href":"https:\/\/www.groupestarservice.com\/blog\/wp-json\/wp\/v2\/media?parent=2730"}],"wp:term":[{"taxonomy":"category","embeddable":true,"href":"https:\/\/www.groupestarservice.com\/blog\/wp-json\/wp\/v2\/categories?post=2730"},{"taxonomy":"post_tag","embeddable":true,"href":"https:\/\/www.groupestarservice.com\/blog\/wp-json\/wp\/v2\/tags?post=2730"}],"curies":[{"name":"wp","href":"https:\/\/api.w.org\/{rel}","templated":true}]}}