{"id":2750,"date":"2021-09-28T09:00:08","date_gmt":"2021-09-28T07:00:08","guid":{"rendered":"https:\/\/www.groupestarservice.com\/blog\/\/?p=2750"},"modified":"2021-08-26T18:41:36","modified_gmt":"2021-08-26T16:41:36","slug":"paris-retail-week-2021","status":"publish","type":"post","link":"https:\/\/www.groupestarservice.com\/blog\/paris-retail-week-2021\/","title":{"rendered":"Paris Retail Week 2021"},"content":{"rendered":"\n<p>Paris Retail Week est un salon incontournable pour les professionnels de l&rsquo;e-commerce et du commerce connect\u00e9.<\/p>\n\n\n\n<p>L&rsquo;ensemble des secteurs concern\u00e9s y sont pr\u00e9sents : IT, Supply Chain, Marketing, Retail Tech ou encore Finance.<\/p>\n\n\n\n<p>R\u00e9unissant des milliers de professionnels, le salon Paris Retail Week aura lieu les 28, 29 et 30 septembre 2021 \u00e0 Paris Expo &#8211; Porte de Versailles<\/p>\n\n\n\n<p>Adresse : Paris Expo &#8211; Porte de Versailles<\/p>\n\n\n\n<p>Dates : 28 &#8211; 30 septembre 2021<\/p>\n\n\n\n<p>Pour en savoir plus, cliquez ici : <a href=\"https:\/\/www.parisretailweek.com\/\" target=\"_blank\" rel=\"noreferrer noopener\">Paris Retail Week 2021<\/a><\/p>\n","protected":false},"excerpt":{"rendered":"<p>Paris Retail Week est un salon incontournable pour les professionnels de l&rsquo;e-commerce et du commerce connect\u00e9. L&rsquo;ensemble des secteurs concern\u00e9s y sont pr\u00e9sents : IT, Supply Chain, Marketing, Retail Tech ou encore Finance. R\u00e9unissant des milliers de professionnels, le salon&#8230;<\/p>\n","protected":false},"author":2,"featured_media":2751,"comment_status":"open","ping_status":"open","sticky":false,"template":"","format":"standard","meta":{"_acf_changed":false,"twitterCardType":"","cardImageID":0,"cardImage":"","cardTitle":"","cardDesc":"","cardImageAlt":"","cardPlayer":"","cardPlayerWidth":0,"cardPlayerHeight":0,"cardPlayerStream":"","cardPlayerCodec":"","footnotes":""},"categories":[24],"tags":[],"class_list":["post-2750","post","type-post","status-publish","format-standard","has-post-thumbnail","hentry","category-agenda"],"acf":[],"yoast_head":"<!-- This site is optimized with the Yoast SEO plugin v27.0 - https:\/\/yoast.com\/product\/yoast-seo-wordpress\/ -->\n<title>Paris Retail Week 2021<\/title>\n<meta name=\"description\" content=\"Paris Retail Week est un salon incontournable pour les professionnels de l\u2019e-commerce et du commerce connect\u00e9 : IT, Supply Chain, Marketing.\" \/>\n<meta name=\"robots\" content=\"index, follow, max-snippet:-1, max-image-preview:large, max-video-preview:-1\" \/>\n<link rel=\"canonical\" href=\"https:\/\/www.groupestarservice.com\/blog\/paris-retail-week-2021\/\" \/>\n<meta property=\"og:locale\" content=\"fr_FR\" \/>\n<meta property=\"og:type\" content=\"article\" \/>\n<meta property=\"og:title\" content=\"Paris Retail Week 2021\" \/>\n<meta property=\"og:description\" content=\"Paris Retail Week est un salon incontournable pour les professionnels de l\u2019e-commerce et du commerce connect\u00e9 : IT, Supply Chain, Marketing.\" \/>\n<meta property=\"og:url\" content=\"https:\/\/www.groupestarservice.com\/blog\/paris-retail-week-2021\/\" \/>\n<meta property=\"og:site_name\" content=\"Star Service - Le rendez-vous du dernier km\" \/>\n<meta property=\"article:published_time\" content=\"2021-09-28T07:00:08+00:00\" \/>\n<meta property=\"og:image\" content=\"https:\/\/www.groupestarservice.com\/blog\/wp-content\/uploads\/2020\/12\/AdobeStock_130439976-e1608644454842.jpeg\" \/>\n\t<meta property=\"og:image:width\" content=\"886\" \/>\n\t<meta property=\"og:image:height\" content=\"214\" \/>\n\t<meta property=\"og:image:type\" content=\"image\/jpeg\" \/>\n<meta name=\"author\" content=\"cyma\" \/>\n<meta name=\"twitter:card\" content=\"summary_large_image\" \/>\n<meta name=\"twitter:creator\" content=\"@Starsservice\" \/>\n<meta name=\"twitter:site\" content=\"@Starsservice\" \/>\n<meta name=\"twitter:label1\" content=\"\u00c9crit par\" \/>\n\t<meta name=\"twitter:data1\" content=\"cyma\" \/>\n\t<meta name=\"twitter:label2\" content=\"Dur\u00e9e de lecture estim\u00e9e\" \/>\n\t<meta name=\"twitter:data2\" content=\"1 minute\" \/>\n<script type=\"application\/ld+json\" class=\"yoast-schema-graph\">{\"@context\":\"https:\/\/schema.org\",\"@graph\":[{\"@type\":\"Article\",\"@id\":\"https:\/\/www.groupestarservice.com\/blog\/paris-retail-week-2021\/#article\",\"isPartOf\":{\"@id\":\"https:\/\/www.groupestarservice.com\/blog\/paris-retail-week-2021\/\"},\"author\":{\"name\":\"cyma\",\"@id\":\"https:\/\/www.groupestarservice.com\/blog\/#\/schema\/person\/2cd9c82e5121ab8f6aa61975d746e0d1\"},\"headline\":\"Paris Retail Week 2021\",\"datePublished\":\"2021-09-28T07:00:08+00:00\",\"mainEntityOfPage\":{\"@id\":\"https:\/\/www.groupestarservice.com\/blog\/paris-retail-week-2021\/\"},\"wordCount\":80,\"commentCount\":0,\"image\":{\"@id\":\"https:\/\/www.groupestarservice.com\/blog\/paris-retail-week-2021\/#primaryimage\"},\"thumbnailUrl\":\"https:\/\/www.groupestarservice.com\/blog\/wp-content\/uploads\/2020\/12\/AdobeStock_130439976-e1608644454842.jpeg\",\"articleSection\":[\"Agenda\"],\"inLanguage\":\"fr-FR\"},{\"@type\":\"WebPage\",\"@id\":\"https:\/\/www.groupestarservice.com\/blog\/paris-retail-week-2021\/\",\"url\":\"https:\/\/www.groupestarservice.com\/blog\/paris-retail-week-2021\/\",\"name\":\"Paris Retail Week 2021\",\"isPartOf\":{\"@id\":\"https:\/\/www.groupestarservice.com\/blog\/#website\"},\"primaryImageOfPage\":{\"@id\":\"https:\/\/www.groupestarservice.com\/blog\/paris-retail-week-2021\/#primaryimage\"},\"image\":{\"@id\":\"https:\/\/www.groupestarservice.com\/blog\/paris-retail-week-2021\/#primaryimage\"},\"thumbnailUrl\":\"https:\/\/www.groupestarservice.com\/blog\/wp-content\/uploads\/2020\/12\/AdobeStock_130439976-e1608644454842.jpeg\",\"datePublished\":\"2021-09-28T07:00:08+00:00\",\"author\":{\"@id\":\"https:\/\/www.groupestarservice.com\/blog\/#\/schema\/person\/2cd9c82e5121ab8f6aa61975d746e0d1\"},\"description\":\"Paris Retail Week est un salon incontournable pour les professionnels de l\u2019e-commerce et du commerce connect\u00e9 : IT, Supply Chain, Marketing.\",\"breadcrumb\":{\"@id\":\"https:\/\/www.groupestarservice.com\/blog\/paris-retail-week-2021\/#breadcrumb\"},\"inLanguage\":\"fr-FR\",\"potentialAction\":[{\"@type\":\"ReadAction\",\"target\":[\"https:\/\/www.groupestarservice.com\/blog\/paris-retail-week-2021\/\"]}]},{\"@type\":\"ImageObject\",\"inLanguage\":\"fr-FR\",\"@id\":\"https:\/\/www.groupestarservice.com\/blog\/paris-retail-week-2021\/#primaryimage\",\"url\":\"https:\/\/www.groupestarservice.com\/blog\/wp-content\/uploads\/2020\/12\/AdobeStock_130439976-e1608644454842.jpeg\",\"contentUrl\":\"https:\/\/www.groupestarservice.com\/blog\/wp-content\/uploads\/2020\/12\/AdobeStock_130439976-e1608644454842.jpeg\",\"width\":886,\"height\":214,\"caption\":\"paris retail week 2021\"},{\"@type\":\"BreadcrumbList\",\"@id\":\"https:\/\/www.groupestarservice.com\/blog\/paris-retail-week-2021\/#breadcrumb\",\"itemListElement\":[{\"@type\":\"ListItem\",\"position\":1,\"name\":\"Accueil\",\"item\":\"https:\/\/www.groupestarservice.com\/blog\/\"},{\"@type\":\"ListItem\",\"position\":2,\"name\":\"Paris Retail Week 2021\"}]},{\"@type\":\"WebSite\",\"@id\":\"https:\/\/www.groupestarservice.com\/blog\/#website\",\"url\":\"https:\/\/www.groupestarservice.com\/blog\/\",\"name\":\"Star Service - Le rendez-vous du dernier km\",\"description\":\"\",\"potentialAction\":[{\"@type\":\"SearchAction\",\"target\":{\"@type\":\"EntryPoint\",\"urlTemplate\":\"https:\/\/www.groupestarservice.com\/blog\/?s={search_term_string}\"},\"query-input\":{\"@type\":\"PropertyValueSpecification\",\"valueRequired\":true,\"valueName\":\"search_term_string\"}}],\"inLanguage\":\"fr-FR\"},{\"@type\":\"Person\",\"@id\":\"https:\/\/www.groupestarservice.com\/blog\/#\/schema\/person\/2cd9c82e5121ab8f6aa61975d746e0d1\",\"name\":\"cyma\",\"image\":{\"@type\":\"ImageObject\",\"inLanguage\":\"fr-FR\",\"@id\":\"https:\/\/www.groupestarservice.com\/blog\/#\/schema\/person\/image\/\",\"url\":\"https:\/\/secure.gravatar.com\/avatar\/9b11ec004641ddc4ab2c2fcae2953aecd4f734fd8a0c354c98224ade6086999e?s=96&d=mm&r=g\",\"contentUrl\":\"https:\/\/secure.gravatar.com\/avatar\/9b11ec004641ddc4ab2c2fcae2953aecd4f734fd8a0c354c98224ade6086999e?s=96&d=mm&r=g\",\"caption\":\"cyma\"},\"url\":\"https:\/\/www.groupestarservice.com\/blog\/author\/claire\/\"}]}<\/script>\n<!-- \/ Yoast SEO plugin. -->","yoast_head_json":{"title":"Paris Retail Week 2021","description":"Paris Retail Week est un salon incontournable pour les professionnels de l\u2019e-commerce et du commerce connect\u00e9 : IT, Supply Chain, Marketing.","robots":{"index":"index","follow":"follow","max-snippet":"max-snippet:-1","max-image-preview":"max-image-preview:large","max-video-preview":"max-video-preview:-1"},"canonical":"https:\/\/www.groupestarservice.com\/blog\/paris-retail-week-2021\/","og_locale":"fr_FR","og_type":"article","og_title":"Paris Retail Week 2021","og_description":"Paris Retail Week est un salon incontournable pour les professionnels de l\u2019e-commerce et du commerce connect\u00e9 : IT, Supply Chain, Marketing.","og_url":"https:\/\/www.groupestarservice.com\/blog\/paris-retail-week-2021\/","og_site_name":"Star Service - Le rendez-vous du dernier km","article_published_time":"2021-09-28T07:00:08+00:00","og_image":[{"width":886,"height":214,"url":"https:\/\/www.groupestarservice.com\/blog\/wp-content\/uploads\/2020\/12\/AdobeStock_130439976-e1608644454842.jpeg","type":"image\/jpeg"}],"author":"cyma","twitter_card":"summary_large_image","twitter_creator":"@Starsservice","twitter_site":"@Starsservice","twitter_misc":{"\u00c9crit par":"cyma","Dur\u00e9e de lecture estim\u00e9e":"1 minute"},"schema":{"@context":"https:\/\/schema.org","@graph":[{"@type":"Article","@id":"https:\/\/www.groupestarservice.com\/blog\/paris-retail-week-2021\/#article","isPartOf":{"@id":"https:\/\/www.groupestarservice.com\/blog\/paris-retail-week-2021\/"},"author":{"name":"cyma","@id":"https:\/\/www.groupestarservice.com\/blog\/#\/schema\/person\/2cd9c82e5121ab8f6aa61975d746e0d1"},"headline":"Paris Retail Week 2021","datePublished":"2021-09-28T07:00:08+00:00","mainEntityOfPage":{"@id":"https:\/\/www.groupestarservice.com\/blog\/paris-retail-week-2021\/"},"wordCount":80,"commentCount":0,"image":{"@id":"https:\/\/www.groupestarservice.com\/blog\/paris-retail-week-2021\/#primaryimage"},"thumbnailUrl":"https:\/\/www.groupestarservice.com\/blog\/wp-content\/uploads\/2020\/12\/AdobeStock_130439976-e1608644454842.jpeg","articleSection":["Agenda"],"inLanguage":"fr-FR"},{"@type":"WebPage","@id":"https:\/\/www.groupestarservice.com\/blog\/paris-retail-week-2021\/","url":"https:\/\/www.groupestarservice.com\/blog\/paris-retail-week-2021\/","name":"Paris Retail Week 2021","isPartOf":{"@id":"https:\/\/www.groupestarservice.com\/blog\/#website"},"primaryImageOfPage":{"@id":"https:\/\/www.groupestarservice.com\/blog\/paris-retail-week-2021\/#primaryimage"},"image":{"@id":"https:\/\/www.groupestarservice.com\/blog\/paris-retail-week-2021\/#primaryimage"},"thumbnailUrl":"https:\/\/www.groupestarservice.com\/blog\/wp-content\/uploads\/2020\/12\/AdobeStock_130439976-e1608644454842.jpeg","datePublished":"2021-09-28T07:00:08+00:00","author":{"@id":"https:\/\/www.groupestarservice.com\/blog\/#\/schema\/person\/2cd9c82e5121ab8f6aa61975d746e0d1"},"description":"Paris Retail Week est un salon incontournable pour les professionnels de l\u2019e-commerce et du commerce connect\u00e9 : IT, Supply Chain, Marketing.","breadcrumb":{"@id":"https:\/\/www.groupestarservice.com\/blog\/paris-retail-week-2021\/#breadcrumb"},"inLanguage":"fr-FR","potentialAction":[{"@type":"ReadAction","target":["https:\/\/www.groupestarservice.com\/blog\/paris-retail-week-2021\/"]}]},{"@type":"ImageObject","inLanguage":"fr-FR","@id":"https:\/\/www.groupestarservice.com\/blog\/paris-retail-week-2021\/#primaryimage","url":"https:\/\/www.groupestarservice.com\/blog\/wp-content\/uploads\/2020\/12\/AdobeStock_130439976-e1608644454842.jpeg","contentUrl":"https:\/\/www.groupestarservice.com\/blog\/wp-content\/uploads\/2020\/12\/AdobeStock_130439976-e1608644454842.jpeg","width":886,"height":214,"caption":"paris retail week 2021"},{"@type":"BreadcrumbList","@id":"https:\/\/www.groupestarservice.com\/blog\/paris-retail-week-2021\/#breadcrumb","itemListElement":[{"@type":"ListItem","position":1,"name":"Accueil","item":"https:\/\/www.groupestarservice.com\/blog\/"},{"@type":"ListItem","position":2,"name":"Paris Retail Week 2021"}]},{"@type":"WebSite","@id":"https:\/\/www.groupestarservice.com\/blog\/#website","url":"https:\/\/www.groupestarservice.com\/blog\/","name":"Star Service - Le rendez-vous du dernier km","description":"","potentialAction":[{"@type":"SearchAction","target":{"@type":"EntryPoint","urlTemplate":"https:\/\/www.groupestarservice.com\/blog\/?s={search_term_string}"},"query-input":{"@type":"PropertyValueSpecification","valueRequired":true,"valueName":"search_term_string"}}],"inLanguage":"fr-FR"},{"@type":"Person","@id":"https:\/\/www.groupestarservice.com\/blog\/#\/schema\/person\/2cd9c82e5121ab8f6aa61975d746e0d1","name":"cyma","image":{"@type":"ImageObject","inLanguage":"fr-FR","@id":"https:\/\/www.groupestarservice.com\/blog\/#\/schema\/person\/image\/","url":"https:\/\/secure.gravatar.com\/avatar\/9b11ec004641ddc4ab2c2fcae2953aecd4f734fd8a0c354c98224ade6086999e?s=96&d=mm&r=g","contentUrl":"https:\/\/secure.gravatar.com\/avatar\/9b11ec004641ddc4ab2c2fcae2953aecd4f734fd8a0c354c98224ade6086999e?s=96&d=mm&r=g","caption":"cyma"},"url":"https:\/\/www.groupestarservice.com\/blog\/author\/claire\/"}]}},"_links":{"self":[{"href":"https:\/\/www.groupestarservice.com\/blog\/wp-json\/wp\/v2\/posts\/2750","targetHints":{"allow":["GET"]}}],"collection":[{"href":"https:\/\/www.groupestarservice.com\/blog\/wp-json\/wp\/v2\/posts"}],"about":[{"href":"https:\/\/www.groupestarservice.com\/blog\/wp-json\/wp\/v2\/types\/post"}],"author":[{"embeddable":true,"href":"https:\/\/www.groupestarservice.com\/blog\/wp-json\/wp\/v2\/users\/2"}],"replies":[{"embeddable":true,"href":"https:\/\/www.groupestarservice.com\/blog\/wp-json\/wp\/v2\/comments?post=2750"}],"version-history":[{"count":1,"href":"https:\/\/www.groupestarservice.com\/blog\/wp-json\/wp\/v2\/posts\/2750\/revisions"}],"predecessor-version":[{"id":2752,"href":"https:\/\/www.groupestarservice.com\/blog\/wp-json\/wp\/v2\/posts\/2750\/revisions\/2752"}],"wp:featuredmedia":[{"embeddable":true,"href":"https:\/\/www.groupestarservice.com\/blog\/wp-json\/wp\/v2\/media\/2751"}],"wp:attachment":[{"href":"https:\/\/www.groupestarservice.com\/blog\/wp-json\/wp\/v2\/media?parent=2750"}],"wp:term":[{"taxonomy":"category","embeddable":true,"href":"https:\/\/www.groupestarservice.com\/blog\/wp-json\/wp\/v2\/categories?post=2750"},{"taxonomy":"post_tag","embeddable":true,"href":"https:\/\/www.groupestarservice.com\/blog\/wp-json\/wp\/v2\/tags?post=2750"}],"curies":[{"name":"wp","href":"https:\/\/api.w.org\/{rel}","templated":true}]}}