{"id":2795,"date":"2020-12-29T16:59:57","date_gmt":"2020-12-29T15:59:57","guid":{"rendered":"https:\/\/www.groupestarservice.com\/blog\/\/?p=2795"},"modified":"2024-07-31T08:28:36","modified_gmt":"2024-07-31T06:28:36","slug":"des-livraisons-eco-responsables-pour-les-clients-nespresso","status":"publish","type":"post","link":"https:\/\/www.groupestarservice.com\/blog\/des-livraisons-eco-responsables-pour-les-clients-nespresso\/","title":{"rendered":"Des livraisons \u00e9co-responsables pour les clients Nespresso"},"content":{"rendered":"\n<p>Nespresso et Star Service vont encore plus loin dans l&rsquo;exp\u00e9rience de livraison qu&rsquo;ils offrent aux clients.<\/p>\n\n\n\n<p>Gr\u00e2ce au service \u00ab\u00a0Nespresso Your Time\u00a0\u00bb, les clients de Nespresso habitant Paris intra-muros b\u00e9n\u00e9ficient de livraisons en v\u00e9hicules \u00e9lectriques sur rendez-vous, sur un cr\u00e9neau de 2h !<\/p>\n\n\n\n<p>D\u00e9couvrez la mise en place de ce nouveau service \u00e0 travers la <a rel=\"noreferrer noopener\" href=\"https:\/\/www.youtube.com\/watch?v=P5OZdT0rDNs\" target=\"_blank\">vid\u00e9o interview<\/a> ci-dessous de Stefano Barizza, Directeur des Op\u00e9rations de Nespresso et Henrique de Carvalho, Business Development Manager de Star Service !<\/p>\n\n\n\n<figure class=\"wp-block-embed is-type-video is-provider-youtube wp-block-embed-youtube wp-embed-aspect-16-9 wp-has-aspect-ratio\"><div class=\"wp-block-embed__wrapper\">\n<iframe loading=\"lazy\" title=\"Nespresso &amp; Star Service : un service de livraison \u00e9co-responsable\" width=\"810\" height=\"456\" src=\"https:\/\/www.youtube.com\/embed\/P5OZdT0rDNs?feature=oembed\" frameborder=\"0\" allow=\"accelerometer; autoplay; clipboard-write; encrypted-media; gyroscope; picture-in-picture\" allowfullscreen><\/iframe>\n<\/div><\/figure>\n\n\n\n<p><\/p>\n","protected":false},"excerpt":{"rendered":"<p>Nespresso et Star Service vont encore plus loin dans l&rsquo;exp\u00e9rience de livraison qu&rsquo;ils offrent aux clients. Gr\u00e2ce au service \u00ab\u00a0Nespresso Your Time\u00a0\u00bb, les clients de Nespresso habitant Paris intra-muros b\u00e9n\u00e9ficient de livraisons en v\u00e9hicules \u00e9lectriques sur rendez-vous, sur un cr\u00e9neau&#8230;<\/p>\n","protected":false},"author":2,"featured_media":2797,"comment_status":"open","ping_status":"open","sticky":false,"template":"","format":"standard","meta":{"_acf_changed":false,"twitterCardType":"","cardImageID":0,"cardImage":"","cardTitle":"","cardDesc":"","cardImageAlt":"","cardPlayer":"","cardPlayerWidth":0,"cardPlayerHeight":0,"cardPlayerStream":"","cardPlayerCodec":"","footnotes":""},"categories":[25],"tags":[],"class_list":["post-2795","post","type-post","status-publish","format-standard","has-post-thumbnail","hentry","category-experience-client"],"acf":[],"yoast_head":"<!-- This site is optimized with the Yoast SEO plugin v27.0 - https:\/\/yoast.com\/product\/yoast-seo-wordpress\/ -->\n<title>Des livraisons \u00e9co-responsables pour les clients Nespresso<\/title>\n<meta name=\"description\" content=\"Gr\u00e2ce au service \u00ab Nespresso Your Time \u00bb, ses clients habitant Paris intra-muros b\u00e9n\u00e9ficient de livraisons en v\u00e9hicules \u00e9lectriques sur rdv.\" \/>\n<meta name=\"robots\" content=\"index, follow, max-snippet:-1, max-image-preview:large, max-video-preview:-1\" \/>\n<link rel=\"canonical\" href=\"https:\/\/www.groupestarservice.com\/blog\/des-livraisons-eco-responsables-pour-les-clients-nespresso\/\" \/>\n<meta property=\"og:locale\" content=\"fr_FR\" \/>\n<meta property=\"og:type\" content=\"article\" \/>\n<meta property=\"og:title\" content=\"Des livraisons \u00e9co-responsables pour les clients Nespresso\" \/>\n<meta property=\"og:description\" content=\"Gr\u00e2ce au service \u00ab Nespresso Your Time \u00bb, ses clients habitant Paris intra-muros b\u00e9n\u00e9ficient de livraisons en v\u00e9hicules \u00e9lectriques sur rdv.\" \/>\n<meta property=\"og:url\" content=\"https:\/\/www.groupestarservice.com\/blog\/des-livraisons-eco-responsables-pour-les-clients-nespresso\/\" \/>\n<meta property=\"og:site_name\" content=\"Star Service - Le rendez-vous du dernier km\" \/>\n<meta property=\"article:published_time\" content=\"2020-12-29T15:59:57+00:00\" \/>\n<meta property=\"article:modified_time\" content=\"2024-07-31T06:28:36+00:00\" \/>\n<meta property=\"og:image\" content=\"https:\/\/www.groupestarservice.com\/blog\/wp-content\/uploads\/2020\/12\/HD-Retail-PDV-2019-\u00a9-Franck-DUNOUAU-446-min-1024x576.png\" \/>\n\t<meta property=\"og:image:width\" content=\"1024\" \/>\n\t<meta property=\"og:image:height\" content=\"576\" \/>\n\t<meta property=\"og:image:type\" content=\"image\/png\" \/>\n<meta name=\"author\" content=\"cyma\" \/>\n<meta name=\"twitter:card\" content=\"summary_large_image\" \/>\n<meta name=\"twitter:creator\" content=\"@Starsservice\" \/>\n<meta name=\"twitter:site\" content=\"@Starsservice\" \/>\n<meta name=\"twitter:label1\" content=\"\u00c9crit par\" \/>\n\t<meta name=\"twitter:data1\" content=\"cyma\" \/>\n\t<meta name=\"twitter:label2\" content=\"Dur\u00e9e de lecture estim\u00e9e\" \/>\n\t<meta name=\"twitter:data2\" content=\"1 minute\" \/>\n<script type=\"application\/ld+json\" class=\"yoast-schema-graph\">{\"@context\":\"https:\/\/schema.org\",\"@graph\":[{\"@type\":\"Article\",\"@id\":\"https:\/\/www.groupestarservice.com\/blog\/des-livraisons-eco-responsables-pour-les-clients-nespresso\/#article\",\"isPartOf\":{\"@id\":\"https:\/\/www.groupestarservice.com\/blog\/des-livraisons-eco-responsables-pour-les-clients-nespresso\/\"},\"author\":{\"name\":\"cyma\",\"@id\":\"https:\/\/www.groupestarservice.com\/blog\/#\/schema\/person\/2cd9c82e5121ab8f6aa61975d746e0d1\"},\"headline\":\"Des livraisons \u00e9co-responsables pour les clients Nespresso\",\"datePublished\":\"2020-12-29T15:59:57+00:00\",\"dateModified\":\"2024-07-31T06:28:36+00:00\",\"mainEntityOfPage\":{\"@id\":\"https:\/\/www.groupestarservice.com\/blog\/des-livraisons-eco-responsables-pour-les-clients-nespresso\/\"},\"wordCount\":101,\"commentCount\":0,\"image\":{\"@id\":\"https:\/\/www.groupestarservice.com\/blog\/des-livraisons-eco-responsables-pour-les-clients-nespresso\/#primaryimage\"},\"thumbnailUrl\":\"https:\/\/www.groupestarservice.com\/blog\/wp-content\/uploads\/2020\/12\/HD-Retail-PDV-2019-\u00a9-Franck-DUNOUAU-446-min.png\",\"articleSection\":[\"Exp\u00e9rience client\"],\"inLanguage\":\"fr-FR\"},{\"@type\":\"WebPage\",\"@id\":\"https:\/\/www.groupestarservice.com\/blog\/des-livraisons-eco-responsables-pour-les-clients-nespresso\/\",\"url\":\"https:\/\/www.groupestarservice.com\/blog\/des-livraisons-eco-responsables-pour-les-clients-nespresso\/\",\"name\":\"Des livraisons \u00e9co-responsables pour les clients Nespresso\",\"isPartOf\":{\"@id\":\"https:\/\/www.groupestarservice.com\/blog\/#website\"},\"primaryImageOfPage\":{\"@id\":\"https:\/\/www.groupestarservice.com\/blog\/des-livraisons-eco-responsables-pour-les-clients-nespresso\/#primaryimage\"},\"image\":{\"@id\":\"https:\/\/www.groupestarservice.com\/blog\/des-livraisons-eco-responsables-pour-les-clients-nespresso\/#primaryimage\"},\"thumbnailUrl\":\"https:\/\/www.groupestarservice.com\/blog\/wp-content\/uploads\/2020\/12\/HD-Retail-PDV-2019-\u00a9-Franck-DUNOUAU-446-min.png\",\"datePublished\":\"2020-12-29T15:59:57+00:00\",\"dateModified\":\"2024-07-31T06:28:36+00:00\",\"author\":{\"@id\":\"https:\/\/www.groupestarservice.com\/blog\/#\/schema\/person\/2cd9c82e5121ab8f6aa61975d746e0d1\"},\"description\":\"Gr\u00e2ce au service \u00ab Nespresso Your Time \u00bb, ses clients habitant Paris intra-muros b\u00e9n\u00e9ficient de livraisons en v\u00e9hicules \u00e9lectriques sur rdv.\",\"breadcrumb\":{\"@id\":\"https:\/\/www.groupestarservice.com\/blog\/des-livraisons-eco-responsables-pour-les-clients-nespresso\/#breadcrumb\"},\"inLanguage\":\"fr-FR\",\"potentialAction\":[{\"@type\":\"ReadAction\",\"target\":[\"https:\/\/www.groupestarservice.com\/blog\/des-livraisons-eco-responsables-pour-les-clients-nespresso\/\"]}]},{\"@type\":\"ImageObject\",\"inLanguage\":\"fr-FR\",\"@id\":\"https:\/\/www.groupestarservice.com\/blog\/des-livraisons-eco-responsables-pour-les-clients-nespresso\/#primaryimage\",\"url\":\"https:\/\/www.groupestarservice.com\/blog\/wp-content\/uploads\/2020\/12\/HD-Retail-PDV-2019-\u00a9-Franck-DUNOUAU-446-min.png\",\"contentUrl\":\"https:\/\/www.groupestarservice.com\/blog\/wp-content\/uploads\/2020\/12\/HD-Retail-PDV-2019-\u00a9-Franck-DUNOUAU-446-min.png\",\"width\":3840,\"height\":2160,\"caption\":\"livraisons \u00e9co-responsables pour les clients nespresso\"},{\"@type\":\"BreadcrumbList\",\"@id\":\"https:\/\/www.groupestarservice.com\/blog\/des-livraisons-eco-responsables-pour-les-clients-nespresso\/#breadcrumb\",\"itemListElement\":[{\"@type\":\"ListItem\",\"position\":1,\"name\":\"Accueil\",\"item\":\"https:\/\/www.groupestarservice.com\/blog\/\"},{\"@type\":\"ListItem\",\"position\":2,\"name\":\"Des livraisons \u00e9co-responsables pour les clients Nespresso\"}]},{\"@type\":\"WebSite\",\"@id\":\"https:\/\/www.groupestarservice.com\/blog\/#website\",\"url\":\"https:\/\/www.groupestarservice.com\/blog\/\",\"name\":\"Star Service - Le rendez-vous du dernier km\",\"description\":\"\",\"potentialAction\":[{\"@type\":\"SearchAction\",\"target\":{\"@type\":\"EntryPoint\",\"urlTemplate\":\"https:\/\/www.groupestarservice.com\/blog\/?s={search_term_string}\"},\"query-input\":{\"@type\":\"PropertyValueSpecification\",\"valueRequired\":true,\"valueName\":\"search_term_string\"}}],\"inLanguage\":\"fr-FR\"},{\"@type\":\"Person\",\"@id\":\"https:\/\/www.groupestarservice.com\/blog\/#\/schema\/person\/2cd9c82e5121ab8f6aa61975d746e0d1\",\"name\":\"cyma\",\"image\":{\"@type\":\"ImageObject\",\"inLanguage\":\"fr-FR\",\"@id\":\"https:\/\/www.groupestarservice.com\/blog\/#\/schema\/person\/image\/\",\"url\":\"https:\/\/secure.gravatar.com\/avatar\/9b11ec004641ddc4ab2c2fcae2953aecd4f734fd8a0c354c98224ade6086999e?s=96&d=mm&r=g\",\"contentUrl\":\"https:\/\/secure.gravatar.com\/avatar\/9b11ec004641ddc4ab2c2fcae2953aecd4f734fd8a0c354c98224ade6086999e?s=96&d=mm&r=g\",\"caption\":\"cyma\"},\"url\":\"https:\/\/www.groupestarservice.com\/blog\/author\/claire\/\"}]}<\/script>\n<!-- \/ Yoast SEO plugin. -->","yoast_head_json":{"title":"Des livraisons \u00e9co-responsables pour les clients Nespresso","description":"Gr\u00e2ce au service \u00ab Nespresso Your Time \u00bb, ses clients habitant Paris intra-muros b\u00e9n\u00e9ficient de livraisons en v\u00e9hicules \u00e9lectriques sur rdv.","robots":{"index":"index","follow":"follow","max-snippet":"max-snippet:-1","max-image-preview":"max-image-preview:large","max-video-preview":"max-video-preview:-1"},"canonical":"https:\/\/www.groupestarservice.com\/blog\/des-livraisons-eco-responsables-pour-les-clients-nespresso\/","og_locale":"fr_FR","og_type":"article","og_title":"Des livraisons \u00e9co-responsables pour les clients Nespresso","og_description":"Gr\u00e2ce au service \u00ab Nespresso Your Time \u00bb, ses clients habitant Paris intra-muros b\u00e9n\u00e9ficient de livraisons en v\u00e9hicules \u00e9lectriques sur rdv.","og_url":"https:\/\/www.groupestarservice.com\/blog\/des-livraisons-eco-responsables-pour-les-clients-nespresso\/","og_site_name":"Star Service - Le rendez-vous du dernier km","article_published_time":"2020-12-29T15:59:57+00:00","article_modified_time":"2024-07-31T06:28:36+00:00","og_image":[{"width":1024,"height":576,"url":"https:\/\/www.groupestarservice.com\/blog\/wp-content\/uploads\/2020\/12\/HD-Retail-PDV-2019-\u00a9-Franck-DUNOUAU-446-min-1024x576.png","type":"image\/png"}],"author":"cyma","twitter_card":"summary_large_image","twitter_creator":"@Starsservice","twitter_site":"@Starsservice","twitter_misc":{"\u00c9crit par":"cyma","Dur\u00e9e de lecture estim\u00e9e":"1 minute"},"schema":{"@context":"https:\/\/schema.org","@graph":[{"@type":"Article","@id":"https:\/\/www.groupestarservice.com\/blog\/des-livraisons-eco-responsables-pour-les-clients-nespresso\/#article","isPartOf":{"@id":"https:\/\/www.groupestarservice.com\/blog\/des-livraisons-eco-responsables-pour-les-clients-nespresso\/"},"author":{"name":"cyma","@id":"https:\/\/www.groupestarservice.com\/blog\/#\/schema\/person\/2cd9c82e5121ab8f6aa61975d746e0d1"},"headline":"Des livraisons \u00e9co-responsables pour les clients Nespresso","datePublished":"2020-12-29T15:59:57+00:00","dateModified":"2024-07-31T06:28:36+00:00","mainEntityOfPage":{"@id":"https:\/\/www.groupestarservice.com\/blog\/des-livraisons-eco-responsables-pour-les-clients-nespresso\/"},"wordCount":101,"commentCount":0,"image":{"@id":"https:\/\/www.groupestarservice.com\/blog\/des-livraisons-eco-responsables-pour-les-clients-nespresso\/#primaryimage"},"thumbnailUrl":"https:\/\/www.groupestarservice.com\/blog\/wp-content\/uploads\/2020\/12\/HD-Retail-PDV-2019-\u00a9-Franck-DUNOUAU-446-min.png","articleSection":["Exp\u00e9rience client"],"inLanguage":"fr-FR"},{"@type":"WebPage","@id":"https:\/\/www.groupestarservice.com\/blog\/des-livraisons-eco-responsables-pour-les-clients-nespresso\/","url":"https:\/\/www.groupestarservice.com\/blog\/des-livraisons-eco-responsables-pour-les-clients-nespresso\/","name":"Des livraisons \u00e9co-responsables pour les clients Nespresso","isPartOf":{"@id":"https:\/\/www.groupestarservice.com\/blog\/#website"},"primaryImageOfPage":{"@id":"https:\/\/www.groupestarservice.com\/blog\/des-livraisons-eco-responsables-pour-les-clients-nespresso\/#primaryimage"},"image":{"@id":"https:\/\/www.groupestarservice.com\/blog\/des-livraisons-eco-responsables-pour-les-clients-nespresso\/#primaryimage"},"thumbnailUrl":"https:\/\/www.groupestarservice.com\/blog\/wp-content\/uploads\/2020\/12\/HD-Retail-PDV-2019-\u00a9-Franck-DUNOUAU-446-min.png","datePublished":"2020-12-29T15:59:57+00:00","dateModified":"2024-07-31T06:28:36+00:00","author":{"@id":"https:\/\/www.groupestarservice.com\/blog\/#\/schema\/person\/2cd9c82e5121ab8f6aa61975d746e0d1"},"description":"Gr\u00e2ce au service \u00ab Nespresso Your Time \u00bb, ses clients habitant Paris intra-muros b\u00e9n\u00e9ficient de livraisons en v\u00e9hicules \u00e9lectriques sur rdv.","breadcrumb":{"@id":"https:\/\/www.groupestarservice.com\/blog\/des-livraisons-eco-responsables-pour-les-clients-nespresso\/#breadcrumb"},"inLanguage":"fr-FR","potentialAction":[{"@type":"ReadAction","target":["https:\/\/www.groupestarservice.com\/blog\/des-livraisons-eco-responsables-pour-les-clients-nespresso\/"]}]},{"@type":"ImageObject","inLanguage":"fr-FR","@id":"https:\/\/www.groupestarservice.com\/blog\/des-livraisons-eco-responsables-pour-les-clients-nespresso\/#primaryimage","url":"https:\/\/www.groupestarservice.com\/blog\/wp-content\/uploads\/2020\/12\/HD-Retail-PDV-2019-\u00a9-Franck-DUNOUAU-446-min.png","contentUrl":"https:\/\/www.groupestarservice.com\/blog\/wp-content\/uploads\/2020\/12\/HD-Retail-PDV-2019-\u00a9-Franck-DUNOUAU-446-min.png","width":3840,"height":2160,"caption":"livraisons \u00e9co-responsables pour les clients nespresso"},{"@type":"BreadcrumbList","@id":"https:\/\/www.groupestarservice.com\/blog\/des-livraisons-eco-responsables-pour-les-clients-nespresso\/#breadcrumb","itemListElement":[{"@type":"ListItem","position":1,"name":"Accueil","item":"https:\/\/www.groupestarservice.com\/blog\/"},{"@type":"ListItem","position":2,"name":"Des livraisons \u00e9co-responsables pour les clients Nespresso"}]},{"@type":"WebSite","@id":"https:\/\/www.groupestarservice.com\/blog\/#website","url":"https:\/\/www.groupestarservice.com\/blog\/","name":"Star Service - Le rendez-vous du dernier km","description":"","potentialAction":[{"@type":"SearchAction","target":{"@type":"EntryPoint","urlTemplate":"https:\/\/www.groupestarservice.com\/blog\/?s={search_term_string}"},"query-input":{"@type":"PropertyValueSpecification","valueRequired":true,"valueName":"search_term_string"}}],"inLanguage":"fr-FR"},{"@type":"Person","@id":"https:\/\/www.groupestarservice.com\/blog\/#\/schema\/person\/2cd9c82e5121ab8f6aa61975d746e0d1","name":"cyma","image":{"@type":"ImageObject","inLanguage":"fr-FR","@id":"https:\/\/www.groupestarservice.com\/blog\/#\/schema\/person\/image\/","url":"https:\/\/secure.gravatar.com\/avatar\/9b11ec004641ddc4ab2c2fcae2953aecd4f734fd8a0c354c98224ade6086999e?s=96&d=mm&r=g","contentUrl":"https:\/\/secure.gravatar.com\/avatar\/9b11ec004641ddc4ab2c2fcae2953aecd4f734fd8a0c354c98224ade6086999e?s=96&d=mm&r=g","caption":"cyma"},"url":"https:\/\/www.groupestarservice.com\/blog\/author\/claire\/"}]}},"_links":{"self":[{"href":"https:\/\/www.groupestarservice.com\/blog\/wp-json\/wp\/v2\/posts\/2795","targetHints":{"allow":["GET"]}}],"collection":[{"href":"https:\/\/www.groupestarservice.com\/blog\/wp-json\/wp\/v2\/posts"}],"about":[{"href":"https:\/\/www.groupestarservice.com\/blog\/wp-json\/wp\/v2\/types\/post"}],"author":[{"embeddable":true,"href":"https:\/\/www.groupestarservice.com\/blog\/wp-json\/wp\/v2\/users\/2"}],"replies":[{"embeddable":true,"href":"https:\/\/www.groupestarservice.com\/blog\/wp-json\/wp\/v2\/comments?post=2795"}],"version-history":[{"count":6,"href":"https:\/\/www.groupestarservice.com\/blog\/wp-json\/wp\/v2\/posts\/2795\/revisions"}],"predecessor-version":[{"id":3240,"href":"https:\/\/www.groupestarservice.com\/blog\/wp-json\/wp\/v2\/posts\/2795\/revisions\/3240"}],"wp:featuredmedia":[{"embeddable":true,"href":"https:\/\/www.groupestarservice.com\/blog\/wp-json\/wp\/v2\/media\/2797"}],"wp:attachment":[{"href":"https:\/\/www.groupestarservice.com\/blog\/wp-json\/wp\/v2\/media?parent=2795"}],"wp:term":[{"taxonomy":"category","embeddable":true,"href":"https:\/\/www.groupestarservice.com\/blog\/wp-json\/wp\/v2\/categories?post=2795"},{"taxonomy":"post_tag","embeddable":true,"href":"https:\/\/www.groupestarservice.com\/blog\/wp-json\/wp\/v2\/tags?post=2795"}],"curies":[{"name":"wp","href":"https:\/\/api.w.org\/{rel}","templated":true}]}}