{"id":2799,"date":"2020-12-29T16:10:26","date_gmt":"2020-12-29T15:10:26","guid":{"rendered":"https:\/\/www.groupestarservice.com\/blog\/\/?p=2799"},"modified":"2024-07-31T08:14:25","modified_gmt":"2024-07-31T06:14:25","slug":"comment-retrouver-des-espaces-logistiques-dans-les-villes-pour-faciliter-le-dernier-kilometre","status":"publish","type":"post","link":"https:\/\/www.groupestarservice.com\/blog\/comment-retrouver-des-espaces-logistiques-dans-les-villes-pour-faciliter-le-dernier-kilometre\/","title":{"rendered":"Comment retrouver des espaces logistiques dans les villes"},"content":{"rendered":"\n<p><strong><em>Faciliter la mutualisation pour le transport \u00e9cologique de marchandises constitue un enjeu pour les villes. Les <\/em><\/strong><a href=\"https:\/\/www.groupestarservice.com\/la-logistique-urbaine\/\" target=\"_blank\" rel=\"noreferrer noopener\"><strong><em>espaces logistiques urbains<\/em><\/strong><\/a><strong><em> peinent \u00e0 se d\u00e9ployer dans les zones urbaines denses, o\u00f9 l\u2019immobilier est sous tension. Des innovations se dessinent afin de cr\u00e9er de nouveaux espaces logistiques en ville.<\/em><\/strong><\/p>\n\n\n\n<p>Souvent mal aim\u00e9e en zone urbaine, car associ\u00e9e aux externalit\u00e9s n\u00e9gatives qu\u2019elle g\u00e9n\u00e8re, la <a href=\"https:\/\/www.groupestarservice.com\/la-logistique-urbaine\/\" target=\"_blank\" rel=\"noreferrer noopener\"><strong>logistique urbaine<\/strong><\/a> est pourtant n\u00e9cessaire \u00e0 la dynamique des centres-villes. Afin de r\u00e9pondre \u00e0 la demande croissante du e-commerce, g\u00e9n\u00e9rateur de <strong>transport express<\/strong>, tout en r\u00e9pondant aux enjeux du d\u00e9fi climatique, il devient n\u00e9cessaire de retrouver des <a href=\"https:\/\/www.groupestarservice.com\/la-logistique-urbaine\/\" target=\"_blank\" rel=\"noreferrer noopener\"><strong>espaces logistiques<\/strong><\/a> en zone urbaine dense. Pour cela, les acteurs de la <strong>logistique<\/strong>, du <strong>transport \u00e9cologique<\/strong> et du <strong>transport<\/strong> ne manquent pas de cr\u00e9ativit\u00e9.<\/p>\n\n\n\n<h2 class=\"wp-block-heading\"><strong>R\u00e9habiliter des espaces urbains sous-exploit\u00e9s<\/strong><\/h2>\n\n\n\n<p>Paris constitue un cas sp\u00e9cifique sur le plan de la <strong>mobilit\u00e9<\/strong> des personnes. La densit\u00e9 du r\u00e9seau de <strong>transport<\/strong> public, mais aussi l\u2019existence de commerces de proximit\u00e9, font que les parisiens ont d\u00e9laiss\u00e9 la voiture individuelle.&nbsp; De nombreux parkings publics ou priv\u00e9s sont alors sous-utilis\u00e9s. Id\u00e9alement situ\u00e9s, ces parkings peuvent alors \u00eatre r\u00e9habilit\u00e9s en <strong><a href=\"https:\/\/www.groupestarservice.com\/la-logistique-urbaine\/\" target=\"_blank\" rel=\"noreferrer noopener\">espaces logistiques urbains<\/a><\/strong> et permettre la <strong>consolidation des flux<\/strong>. C\u2019est notamment ce qu\u2019envisage Sogaris, associ\u00e9 au cabinet d\u2019architecture Syvil dans le cadre de la consultation \u00ab&nbsp;R\u00e9inventer Paris 2&nbsp;\u00bb. La transformation d\u2019un ancien parking souterrain de 6 niveaux dans le 3<sup>\u00e8me<\/sup> arrondissement permettrait de mettre en \u0153uvre des solutions de <strong>transport \u00e9cologique<\/strong> et de desservir 22000 foyers dans un rayon de 700 m\u00e8tres au d\u00e9part de cet espace.<\/p>\n\n\n\n<p>Toutefois, cette r\u00e9appropriation se heurte \u00e0 des difficult\u00e9s. Au-del\u00e0 de l\u2019acceptation par les habitants, la porte d\u2019acc\u00e8s au parking doit par exemple \u00eatre suffisamment large et haute pour r\u00e9ceptionner les marchandises de fa\u00e7on massifi\u00e9e, avant de pouvoir les redistribuer, consolid\u00e9es, en modes de <strong>transport \u00e9cologique.<\/strong><\/p>\n\n\n\n<p>Une autre initiative mise en \u0153uvre \u00e0 Prague pourrait constituer un exemple de r\u00e9utilisation d\u2019espaces d\u00e9laiss\u00e9s urbains. Le \u00ab&nbsp;<a href=\"https:\/\/www.depot.bike\/O-Projektu\/\" target=\"_blank\" rel=\"noreferrer noopener\">Cargo depot bike Praha&nbsp;<\/a>\u00bb est organis\u00e9 sous la forme de containers am\u00e9nag\u00e9s sous un pont de type \u00e9changeur, en remplacement d\u2019un parking. Il permet \u00e0 plusieurs acteurs de la <strong>livraison<\/strong> de disposer d\u2019un petit espace de stockage pour leur mat\u00e9riel et les colis, d\u2019o\u00f9 partent des v\u00e9los-cargos pour <strong>livrer<\/strong> le centre-ville. Ces micro-d\u00e9p\u00f4ts seront exp\u00e9riment\u00e9s et \u00e9valu\u00e9s en continu pendant 6 mois. Si l\u2019op\u00e9ration s\u2019av\u00e8re fructueuse, le concept sera \u00e9tendu sur la capitale puis dans d\u2019autres villes.<\/p>\n\n\n\n<p>Le d\u00e9ploiement d\u2019<strong><a href=\"https:\/\/www.groupestarservice.com\/la-logistique-urbaine\/\" target=\"_blank\" rel=\"noreferrer noopener\">espaces logistiques urbains<\/a><\/strong> permettant la consolidation des flux ne pourra pas se r\u00e9aliser sans le soutien des collectivit\u00e9s locales. Des \u00e9tudes de besoin pr\u00e9alables sont n\u00e9cessaires avant leur r\u00e9alisation, afin d\u2019\u00e9viter les \u00e9checs.<\/p>\n\n\n\n<p>L\u2019\u00e9mergence de solutions de stockage plus flexibles, temporaires ou mobiles permet de r\u00e9duire ce risque.<\/p>\n\n\n\n<h2 class=\"wp-block-heading\"><strong>Utiliser des capacit\u00e9s de stockage r\u00e9siduelles<\/strong><\/h2>\n\n\n\n<p>Dans les zones urbaines denses, les besoins de stockage de proximit\u00e9 sont souvent une r\u00e9alit\u00e9, pour les commer\u00e7ants, les artisans, ou pour les activit\u00e9s de consolidation des flux. <a href=\"https:\/\/www.spacefill.fr\/\" target=\"_blank\" rel=\"noreferrer noopener\">Spacefill<\/a> qui se pr\u00e9sente comme le \u00ab&nbsp;sp\u00e9cialiste du stockage professionnel d\u00e9centralis\u00e9&nbsp;\u00bb, a r\u00e9cemment lev\u00e9 7 millions d\u2019euros. La jeune pousse mise sur l\u2019espace inoccup\u00e9 des entrep\u00f4ts, estim\u00e9 \u00e0 25% en France, afin de d\u00e9velopper le premier service de stockage professionnel connect\u00e9 \u00e0 l&rsquo;\u00e9chelle europ\u00e9enne. Pour cela, Spacefill souhaite ouvrir une filiale en Allemagne en 2021.<\/p>\n\n\n\n<p>Limiter les \u00e9checs \u00e0 la <strong>livraison<\/strong> permet \u00e9galement de r\u00e9duire les besoins en stockage de colis. La startup <a href=\"https:\/\/www.welco.io\/\" target=\"_blank\" rel=\"noreferrer noopener\">Welco<\/a> propose une solution de \u00ab&nbsp;point relais&nbsp;\u00bb collaboratif entre voisins. Ainsi, un particulier peut proposer de r\u00e9ceptionner le colis de son voisin en son absence, moyennant une r\u00e9tribution financi\u00e8re. L\u2019offre est propos\u00e9e tant aux acteurs professionnels de la <strong>livraison<\/strong> qu\u2019aux commer\u00e7ants.<\/p>\n\n\n\n<h2 class=\"wp-block-heading\"><strong>Les plateformes logistiques temporaires, partag\u00e9es et mobiles<\/strong><\/h2>\n\n\n\n<p>FM Logistic et Novaxia ont obtenu un soutien de la r\u00e9gion Ile-de-France dans le cadre d\u2019un AMI pour le fret et la logistique. Le projet \u00ab&nbsp;P.L.U.M.E.&nbsp;\u00bb (Plateforme de Logistique Urbaine Modulaire Eco con\u00e7ue) vise \u00e0 transformer des b\u00e2timents urbains temporairement vacants, comme d\u2019anciens bureaux, en <a href=\"https:\/\/www.groupestarservice.com\/la-logistique-urbaine\/\" target=\"_blank\" rel=\"noreferrer noopener\"><strong>espaces logistiques<\/strong><\/a> de proximit\u00e9. Pour cela, des modules accueillant des espaces de stockage pourront \u00eatre d\u00e9plac\u00e9s dans de nouveaux espaces fonciers disponibles.<\/p>\n\n\n\n<p>Constatant que les garages accueillant les bus \u00e9taient inoccup\u00e9s en journ\u00e9e, la RATP a lanc\u00e9 en Juillet 2020 une offre innovante de \u00ab&nbsp;mixit\u00e9 fonctionnelle&nbsp;\u00bb. Les 5800 m\u00b2 d\u2019espaces disponibles peuvent alors \u00eatre exploit\u00e9s pour des activit\u00e9s de <a href=\"https:\/\/www.groupestarservice.com\/la-logistique-urbaine\/\" target=\"_blank\" rel=\"noreferrer noopener\"><strong>logistique urbaine<\/strong><\/a>, et notamment du <a href=\"https:\/\/www.groupestarservice.com\/logistique-du-dernier-kilometre\/\" target=\"_blank\" rel=\"noreferrer noopener\"><strong>dernier kilom\u00e8tre<\/strong><\/a>. Cette solution, d\u00e9nomm\u00e9e \u00ab <a href=\"https:\/\/www.ratp.fr\/groupe-ratp\/newsroom\/mobilite-durable\/ratp-capital-innovation-propose-une-toute-nouvelle-offre-de\" target=\"_blank\" rel=\"noreferrer noopener\">Espaces Urbains de Distribution<\/a> \u00bb, est ouverte \u00e0 tout op\u00e9rateur \u00ab&nbsp;g\u00e9rant des activit\u00e9s de <strong><a href=\"https:\/\/www.groupestarservice.com\/la-logistique-urbaine\/\" target=\"_blank\" rel=\"noreferrer noopener\">logistique urbaine<\/a><\/strong> en \u00cele-de-France&nbsp;\u00bb. L\u2019exploitation pourra d\u00e9marrer d\u00e8s janvier 2021.<\/p>\n\n\n\n<p>Ces exemples montrent la n\u00e9cessit\u00e9 de mieux saturer les capacit\u00e9s existantes dans les villes afin de consolider les flux et effectuer des op\u00e9rations de <strong>transport \u00e9cologique<\/strong>.<\/p>\n\n\n\n<p>Ces solutions devront toutefois \u00e9voluer en parall\u00e8le avec les <strong><a href=\"https:\/\/www.groupestarservice.com\/la-logistique-urbaine\/\" target=\"_blank\" rel=\"noreferrer noopener\">espaces logistiques urbains<\/a><\/strong> fixes, n\u00e9cessaires pour r\u00e9pondre aux besoins croissants des <strong>livraisons<\/strong> de marchandises en ville.<\/p>\n\n\n\n<p><strong>Sources<\/strong> :<\/p>\n\n\n\n<ul class=\"wp-block-list\"><li><a href=\"https:\/\/www.architectes-pour-tous.fr\/diaporama\/41708\" target=\"_blank\" rel=\"noreferrer noopener\">Architectes pour tous<\/a><\/li><li><a href=\"http:\/\/www.strategieslogistique.com\/Des-plate-formes-logistiques,10201\" target=\"_blank\" rel=\"noreferrer noopener\">Strat\u00e9gies logistique<\/a><\/li><li><a href=\"https:\/\/www.ratp.fr\/groupe-ratp\/newsroom\/mobilite-durable\/ratp-capital-innovation-propose-une-toute-nouvelle-offre-de\" target=\"_blank\" rel=\"noreferrer noopener\">RATP<\/a><\/li><\/ul>\n","protected":false},"excerpt":{"rendered":"<p>Faciliter la mutualisation pour le transport \u00e9cologique de marchandises constitue un enjeu pour les villes. Les espaces logistiques urbains peinent \u00e0 se d\u00e9ployer dans les zones urbaines denses, o\u00f9 l\u2019immobilier est sous tension. Des innovations se dessinent afin de cr\u00e9er&#8230;<\/p>\n","protected":false},"author":2,"featured_media":2800,"comment_status":"open","ping_status":"open","sticky":false,"template":"","format":"standard","meta":{"_acf_changed":false,"twitterCardType":"","cardImageID":0,"cardImage":"","cardTitle":"","cardDesc":"","cardImageAlt":"","cardPlayer":"","cardPlayerWidth":0,"cardPlayerHeight":0,"cardPlayerStream":"","cardPlayerCodec":"","footnotes":""},"categories":[26],"tags":[],"class_list":["post-2799","post","type-post","status-publish","format-standard","has-post-thumbnail","hentry","category-informations-marche"],"acf":[],"yoast_head":"<!-- This site is optimized with the Yoast SEO plugin v27.0 - https:\/\/yoast.com\/product\/yoast-seo-wordpress\/ -->\n<title>Comment retrouver des espaces logistiques dans les villes<\/title>\n<meta name=\"description\" content=\"Faciliter la mutualisation pour le transport \u00e9cologique de marchandises constitue un enjeu pour les villes. Voici les derni\u00e8res innovations.\" \/>\n<meta name=\"robots\" content=\"index, follow, max-snippet:-1, max-image-preview:large, max-video-preview:-1\" \/>\n<link rel=\"canonical\" href=\"https:\/\/www.groupestarservice.com\/blog\/comment-retrouver-des-espaces-logistiques-dans-les-villes-pour-faciliter-le-dernier-kilometre\/\" \/>\n<meta property=\"og:locale\" content=\"fr_FR\" \/>\n<meta property=\"og:type\" content=\"article\" \/>\n<meta property=\"og:title\" content=\"Comment retrouver des espaces logistiques dans les villes\" \/>\n<meta property=\"og:description\" content=\"Faciliter la mutualisation pour le transport \u00e9cologique de marchandises constitue un enjeu pour les villes. Voici les derni\u00e8res innovations.\" \/>\n<meta property=\"og:url\" content=\"https:\/\/www.groupestarservice.com\/blog\/comment-retrouver-des-espaces-logistiques-dans-les-villes-pour-faciliter-le-dernier-kilometre\/\" \/>\n<meta property=\"og:site_name\" content=\"Star Service - Le rendez-vous du dernier km\" \/>\n<meta property=\"article:published_time\" content=\"2020-12-29T15:10:26+00:00\" \/>\n<meta property=\"article:modified_time\" content=\"2024-07-31T06:14:25+00:00\" \/>\n<meta property=\"og:image\" content=\"https:\/\/www.groupestarservice.com\/blog\/wp-content\/uploads\/2020\/12\/fhxghf-scaled.jpg\" \/>\n\t<meta property=\"og:image:width\" content=\"2560\" \/>\n\t<meta property=\"og:image:height\" content=\"1920\" \/>\n\t<meta property=\"og:image:type\" content=\"image\/jpeg\" \/>\n<meta name=\"author\" content=\"cyma\" \/>\n<meta name=\"twitter:card\" content=\"summary_large_image\" \/>\n<meta name=\"twitter:creator\" content=\"@Starsservice\" \/>\n<meta name=\"twitter:site\" content=\"@Starsservice\" \/>\n<meta name=\"twitter:label1\" content=\"\u00c9crit par\" \/>\n\t<meta name=\"twitter:data1\" content=\"cyma\" \/>\n\t<meta name=\"twitter:label2\" content=\"Dur\u00e9e de lecture estim\u00e9e\" \/>\n\t<meta name=\"twitter:data2\" content=\"5 minutes\" \/>\n<script type=\"application\/ld+json\" class=\"yoast-schema-graph\">{\"@context\":\"https:\/\/schema.org\",\"@graph\":[{\"@type\":\"Article\",\"@id\":\"https:\/\/www.groupestarservice.com\/blog\/comment-retrouver-des-espaces-logistiques-dans-les-villes-pour-faciliter-le-dernier-kilometre\/#article\",\"isPartOf\":{\"@id\":\"https:\/\/www.groupestarservice.com\/blog\/comment-retrouver-des-espaces-logistiques-dans-les-villes-pour-faciliter-le-dernier-kilometre\/\"},\"author\":{\"name\":\"cyma\",\"@id\":\"https:\/\/www.groupestarservice.com\/blog\/#\/schema\/person\/2cd9c82e5121ab8f6aa61975d746e0d1\"},\"headline\":\"Comment retrouver des espaces logistiques dans les villes\",\"datePublished\":\"2020-12-29T15:10:26+00:00\",\"dateModified\":\"2024-07-31T06:14:25+00:00\",\"mainEntityOfPage\":{\"@id\":\"https:\/\/www.groupestarservice.com\/blog\/comment-retrouver-des-espaces-logistiques-dans-les-villes-pour-faciliter-le-dernier-kilometre\/\"},\"wordCount\":921,\"commentCount\":0,\"image\":{\"@id\":\"https:\/\/www.groupestarservice.com\/blog\/comment-retrouver-des-espaces-logistiques-dans-les-villes-pour-faciliter-le-dernier-kilometre\/#primaryimage\"},\"thumbnailUrl\":\"https:\/\/www.groupestarservice.com\/blog\/wp-content\/uploads\/2020\/12\/fhxghf-scaled.jpg\",\"articleSection\":[\"Informations march\u00e9\"],\"inLanguage\":\"fr-FR\"},{\"@type\":\"WebPage\",\"@id\":\"https:\/\/www.groupestarservice.com\/blog\/comment-retrouver-des-espaces-logistiques-dans-les-villes-pour-faciliter-le-dernier-kilometre\/\",\"url\":\"https:\/\/www.groupestarservice.com\/blog\/comment-retrouver-des-espaces-logistiques-dans-les-villes-pour-faciliter-le-dernier-kilometre\/\",\"name\":\"Comment retrouver des espaces logistiques dans les villes\",\"isPartOf\":{\"@id\":\"https:\/\/www.groupestarservice.com\/blog\/#website\"},\"primaryImageOfPage\":{\"@id\":\"https:\/\/www.groupestarservice.com\/blog\/comment-retrouver-des-espaces-logistiques-dans-les-villes-pour-faciliter-le-dernier-kilometre\/#primaryimage\"},\"image\":{\"@id\":\"https:\/\/www.groupestarservice.com\/blog\/comment-retrouver-des-espaces-logistiques-dans-les-villes-pour-faciliter-le-dernier-kilometre\/#primaryimage\"},\"thumbnailUrl\":\"https:\/\/www.groupestarservice.com\/blog\/wp-content\/uploads\/2020\/12\/fhxghf-scaled.jpg\",\"datePublished\":\"2020-12-29T15:10:26+00:00\",\"dateModified\":\"2024-07-31T06:14:25+00:00\",\"author\":{\"@id\":\"https:\/\/www.groupestarservice.com\/blog\/#\/schema\/person\/2cd9c82e5121ab8f6aa61975d746e0d1\"},\"description\":\"Faciliter la mutualisation pour le transport \u00e9cologique de marchandises constitue un enjeu pour les villes. Voici les derni\u00e8res innovations.\",\"breadcrumb\":{\"@id\":\"https:\/\/www.groupestarservice.com\/blog\/comment-retrouver-des-espaces-logistiques-dans-les-villes-pour-faciliter-le-dernier-kilometre\/#breadcrumb\"},\"inLanguage\":\"fr-FR\",\"potentialAction\":[{\"@type\":\"ReadAction\",\"target\":[\"https:\/\/www.groupestarservice.com\/blog\/comment-retrouver-des-espaces-logistiques-dans-les-villes-pour-faciliter-le-dernier-kilometre\/\"]}]},{\"@type\":\"ImageObject\",\"inLanguage\":\"fr-FR\",\"@id\":\"https:\/\/www.groupestarservice.com\/blog\/comment-retrouver-des-espaces-logistiques-dans-les-villes-pour-faciliter-le-dernier-kilometre\/#primaryimage\",\"url\":\"https:\/\/www.groupestarservice.com\/blog\/wp-content\/uploads\/2020\/12\/fhxghf-scaled.jpg\",\"contentUrl\":\"https:\/\/www.groupestarservice.com\/blog\/wp-content\/uploads\/2020\/12\/fhxghf-scaled.jpg\",\"width\":2560,\"height\":1920,\"caption\":\"espaces logistiques en villes\"},{\"@type\":\"BreadcrumbList\",\"@id\":\"https:\/\/www.groupestarservice.com\/blog\/comment-retrouver-des-espaces-logistiques-dans-les-villes-pour-faciliter-le-dernier-kilometre\/#breadcrumb\",\"itemListElement\":[{\"@type\":\"ListItem\",\"position\":1,\"name\":\"Accueil\",\"item\":\"https:\/\/www.groupestarservice.com\/blog\/\"},{\"@type\":\"ListItem\",\"position\":2,\"name\":\"Comment retrouver des espaces logistiques dans les villes\"}]},{\"@type\":\"WebSite\",\"@id\":\"https:\/\/www.groupestarservice.com\/blog\/#website\",\"url\":\"https:\/\/www.groupestarservice.com\/blog\/\",\"name\":\"Star Service - Le rendez-vous du dernier km\",\"description\":\"\",\"potentialAction\":[{\"@type\":\"SearchAction\",\"target\":{\"@type\":\"EntryPoint\",\"urlTemplate\":\"https:\/\/www.groupestarservice.com\/blog\/?s={search_term_string}\"},\"query-input\":{\"@type\":\"PropertyValueSpecification\",\"valueRequired\":true,\"valueName\":\"search_term_string\"}}],\"inLanguage\":\"fr-FR\"},{\"@type\":\"Person\",\"@id\":\"https:\/\/www.groupestarservice.com\/blog\/#\/schema\/person\/2cd9c82e5121ab8f6aa61975d746e0d1\",\"name\":\"cyma\",\"image\":{\"@type\":\"ImageObject\",\"inLanguage\":\"fr-FR\",\"@id\":\"https:\/\/www.groupestarservice.com\/blog\/#\/schema\/person\/image\/\",\"url\":\"https:\/\/secure.gravatar.com\/avatar\/9b11ec004641ddc4ab2c2fcae2953aecd4f734fd8a0c354c98224ade6086999e?s=96&d=mm&r=g\",\"contentUrl\":\"https:\/\/secure.gravatar.com\/avatar\/9b11ec004641ddc4ab2c2fcae2953aecd4f734fd8a0c354c98224ade6086999e?s=96&d=mm&r=g\",\"caption\":\"cyma\"},\"url\":\"https:\/\/www.groupestarservice.com\/blog\/author\/claire\/\"}]}<\/script>\n<!-- \/ Yoast SEO plugin. -->","yoast_head_json":{"title":"Comment retrouver des espaces logistiques dans les villes","description":"Faciliter la mutualisation pour le transport \u00e9cologique de marchandises constitue un enjeu pour les villes. Voici les derni\u00e8res innovations.","robots":{"index":"index","follow":"follow","max-snippet":"max-snippet:-1","max-image-preview":"max-image-preview:large","max-video-preview":"max-video-preview:-1"},"canonical":"https:\/\/www.groupestarservice.com\/blog\/comment-retrouver-des-espaces-logistiques-dans-les-villes-pour-faciliter-le-dernier-kilometre\/","og_locale":"fr_FR","og_type":"article","og_title":"Comment retrouver des espaces logistiques dans les villes","og_description":"Faciliter la mutualisation pour le transport \u00e9cologique de marchandises constitue un enjeu pour les villes. Voici les derni\u00e8res innovations.","og_url":"https:\/\/www.groupestarservice.com\/blog\/comment-retrouver-des-espaces-logistiques-dans-les-villes-pour-faciliter-le-dernier-kilometre\/","og_site_name":"Star Service - Le rendez-vous du dernier km","article_published_time":"2020-12-29T15:10:26+00:00","article_modified_time":"2024-07-31T06:14:25+00:00","og_image":[{"width":2560,"height":1920,"url":"https:\/\/www.groupestarservice.com\/blog\/wp-content\/uploads\/2020\/12\/fhxghf-scaled.jpg","type":"image\/jpeg"}],"author":"cyma","twitter_card":"summary_large_image","twitter_creator":"@Starsservice","twitter_site":"@Starsservice","twitter_misc":{"\u00c9crit par":"cyma","Dur\u00e9e de lecture estim\u00e9e":"5 minutes"},"schema":{"@context":"https:\/\/schema.org","@graph":[{"@type":"Article","@id":"https:\/\/www.groupestarservice.com\/blog\/comment-retrouver-des-espaces-logistiques-dans-les-villes-pour-faciliter-le-dernier-kilometre\/#article","isPartOf":{"@id":"https:\/\/www.groupestarservice.com\/blog\/comment-retrouver-des-espaces-logistiques-dans-les-villes-pour-faciliter-le-dernier-kilometre\/"},"author":{"name":"cyma","@id":"https:\/\/www.groupestarservice.com\/blog\/#\/schema\/person\/2cd9c82e5121ab8f6aa61975d746e0d1"},"headline":"Comment retrouver des espaces logistiques dans les villes","datePublished":"2020-12-29T15:10:26+00:00","dateModified":"2024-07-31T06:14:25+00:00","mainEntityOfPage":{"@id":"https:\/\/www.groupestarservice.com\/blog\/comment-retrouver-des-espaces-logistiques-dans-les-villes-pour-faciliter-le-dernier-kilometre\/"},"wordCount":921,"commentCount":0,"image":{"@id":"https:\/\/www.groupestarservice.com\/blog\/comment-retrouver-des-espaces-logistiques-dans-les-villes-pour-faciliter-le-dernier-kilometre\/#primaryimage"},"thumbnailUrl":"https:\/\/www.groupestarservice.com\/blog\/wp-content\/uploads\/2020\/12\/fhxghf-scaled.jpg","articleSection":["Informations march\u00e9"],"inLanguage":"fr-FR"},{"@type":"WebPage","@id":"https:\/\/www.groupestarservice.com\/blog\/comment-retrouver-des-espaces-logistiques-dans-les-villes-pour-faciliter-le-dernier-kilometre\/","url":"https:\/\/www.groupestarservice.com\/blog\/comment-retrouver-des-espaces-logistiques-dans-les-villes-pour-faciliter-le-dernier-kilometre\/","name":"Comment retrouver des espaces logistiques dans les villes","isPartOf":{"@id":"https:\/\/www.groupestarservice.com\/blog\/#website"},"primaryImageOfPage":{"@id":"https:\/\/www.groupestarservice.com\/blog\/comment-retrouver-des-espaces-logistiques-dans-les-villes-pour-faciliter-le-dernier-kilometre\/#primaryimage"},"image":{"@id":"https:\/\/www.groupestarservice.com\/blog\/comment-retrouver-des-espaces-logistiques-dans-les-villes-pour-faciliter-le-dernier-kilometre\/#primaryimage"},"thumbnailUrl":"https:\/\/www.groupestarservice.com\/blog\/wp-content\/uploads\/2020\/12\/fhxghf-scaled.jpg","datePublished":"2020-12-29T15:10:26+00:00","dateModified":"2024-07-31T06:14:25+00:00","author":{"@id":"https:\/\/www.groupestarservice.com\/blog\/#\/schema\/person\/2cd9c82e5121ab8f6aa61975d746e0d1"},"description":"Faciliter la mutualisation pour le transport \u00e9cologique de marchandises constitue un enjeu pour les villes. Voici les derni\u00e8res innovations.","breadcrumb":{"@id":"https:\/\/www.groupestarservice.com\/blog\/comment-retrouver-des-espaces-logistiques-dans-les-villes-pour-faciliter-le-dernier-kilometre\/#breadcrumb"},"inLanguage":"fr-FR","potentialAction":[{"@type":"ReadAction","target":["https:\/\/www.groupestarservice.com\/blog\/comment-retrouver-des-espaces-logistiques-dans-les-villes-pour-faciliter-le-dernier-kilometre\/"]}]},{"@type":"ImageObject","inLanguage":"fr-FR","@id":"https:\/\/www.groupestarservice.com\/blog\/comment-retrouver-des-espaces-logistiques-dans-les-villes-pour-faciliter-le-dernier-kilometre\/#primaryimage","url":"https:\/\/www.groupestarservice.com\/blog\/wp-content\/uploads\/2020\/12\/fhxghf-scaled.jpg","contentUrl":"https:\/\/www.groupestarservice.com\/blog\/wp-content\/uploads\/2020\/12\/fhxghf-scaled.jpg","width":2560,"height":1920,"caption":"espaces logistiques en villes"},{"@type":"BreadcrumbList","@id":"https:\/\/www.groupestarservice.com\/blog\/comment-retrouver-des-espaces-logistiques-dans-les-villes-pour-faciliter-le-dernier-kilometre\/#breadcrumb","itemListElement":[{"@type":"ListItem","position":1,"name":"Accueil","item":"https:\/\/www.groupestarservice.com\/blog\/"},{"@type":"ListItem","position":2,"name":"Comment retrouver des espaces logistiques dans les villes"}]},{"@type":"WebSite","@id":"https:\/\/www.groupestarservice.com\/blog\/#website","url":"https:\/\/www.groupestarservice.com\/blog\/","name":"Star Service - Le rendez-vous du dernier km","description":"","potentialAction":[{"@type":"SearchAction","target":{"@type":"EntryPoint","urlTemplate":"https:\/\/www.groupestarservice.com\/blog\/?s={search_term_string}"},"query-input":{"@type":"PropertyValueSpecification","valueRequired":true,"valueName":"search_term_string"}}],"inLanguage":"fr-FR"},{"@type":"Person","@id":"https:\/\/www.groupestarservice.com\/blog\/#\/schema\/person\/2cd9c82e5121ab8f6aa61975d746e0d1","name":"cyma","image":{"@type":"ImageObject","inLanguage":"fr-FR","@id":"https:\/\/www.groupestarservice.com\/blog\/#\/schema\/person\/image\/","url":"https:\/\/secure.gravatar.com\/avatar\/9b11ec004641ddc4ab2c2fcae2953aecd4f734fd8a0c354c98224ade6086999e?s=96&d=mm&r=g","contentUrl":"https:\/\/secure.gravatar.com\/avatar\/9b11ec004641ddc4ab2c2fcae2953aecd4f734fd8a0c354c98224ade6086999e?s=96&d=mm&r=g","caption":"cyma"},"url":"https:\/\/www.groupestarservice.com\/blog\/author\/claire\/"}]}},"_links":{"self":[{"href":"https:\/\/www.groupestarservice.com\/blog\/wp-json\/wp\/v2\/posts\/2799","targetHints":{"allow":["GET"]}}],"collection":[{"href":"https:\/\/www.groupestarservice.com\/blog\/wp-json\/wp\/v2\/posts"}],"about":[{"href":"https:\/\/www.groupestarservice.com\/blog\/wp-json\/wp\/v2\/types\/post"}],"author":[{"embeddable":true,"href":"https:\/\/www.groupestarservice.com\/blog\/wp-json\/wp\/v2\/users\/2"}],"replies":[{"embeddable":true,"href":"https:\/\/www.groupestarservice.com\/blog\/wp-json\/wp\/v2\/comments?post=2799"}],"version-history":[{"count":9,"href":"https:\/\/www.groupestarservice.com\/blog\/wp-json\/wp\/v2\/posts\/2799\/revisions"}],"predecessor-version":[{"id":3380,"href":"https:\/\/www.groupestarservice.com\/blog\/wp-json\/wp\/v2\/posts\/2799\/revisions\/3380"}],"wp:featuredmedia":[{"embeddable":true,"href":"https:\/\/www.groupestarservice.com\/blog\/wp-json\/wp\/v2\/media\/2800"}],"wp:attachment":[{"href":"https:\/\/www.groupestarservice.com\/blog\/wp-json\/wp\/v2\/media?parent=2799"}],"wp:term":[{"taxonomy":"category","embeddable":true,"href":"https:\/\/www.groupestarservice.com\/blog\/wp-json\/wp\/v2\/categories?post=2799"},{"taxonomy":"post_tag","embeddable":true,"href":"https:\/\/www.groupestarservice.com\/blog\/wp-json\/wp\/v2\/tags?post=2799"}],"curies":[{"name":"wp","href":"https:\/\/api.w.org\/{rel}","templated":true}]}}