{"id":2826,"date":"2020-12-07T10:08:00","date_gmt":"2020-12-07T09:08:00","guid":{"rendered":"https:\/\/www.groupestarservice.com\/blog\/\/?p=2826"},"modified":"2021-01-11T11:20:37","modified_gmt":"2021-01-11T10:20:37","slug":"logistique-ecoresponsable-mouvement","status":"publish","type":"post","link":"https:\/\/www.groupestarservice.com\/blog\/logistique-ecoresponsable-mouvement\/","title":{"rendered":"Logistique \u00e9coresponsable : un mouvement en marche"},"content":{"rendered":"\n<p>Le changement climatique est aujourd\u2019hui une pr\u00e9occupation majeure obligeant toutes les <strong>soci\u00e9t\u00e9s de logistique <\/strong>\u00e0 revoir leur mode de livraison. Face au r\u00e9chauffement climatique, des actions ont \u00e9t\u00e9 mises en place afin de r\u00e9duire les \u00e9missions de gaz \u00e0 effet de serre. Star Service, soci\u00e9t\u00e9 experte dans la <strong>logistique \u00e9coresponsable urbaine, <\/strong>prend part \u00e0 ce remaniement via son service de livraison \u00e9coresponsable.<\/p>\n\n\n\n<h2 class=\"wp-block-heading\">Qu\u2019est-ce que la logistique \u00e9coresponsable&nbsp;?<\/h2>\n\n\n\n<p>La <a href=\"https:\/\/www.groupestarservice.com\/la-logistique-urbaine\/\" target=\"_blank\" rel=\"noreferrer noopener\">logistique urbaine<\/a> concerne toutes les op\u00e9rations responsables du flux de marchandises dans une ville. Le <strong>transport de colis<\/strong>, le stockage et la livraison, mais aussi la gestion des retours, font partie des maillons cl\u00e9s de la cha\u00eene d\u2019approvisionnement.<\/p>\n\n\n\n<p>Aujourd\u2019hui, les <strong>soci\u00e9t\u00e9s de transport<\/strong> sont confront\u00e9es \u00e0 un probl\u00e8me de grande envergure&nbsp;: l\u2019impact environnemental du commerce. En effet, la cha\u00eene logistique consomme \u00e9norm\u00e9ment d\u2019\u00e9nergie et est responsable d\u2019une grande partie des \u00e9missions de gaz \u00e0 effet de serre. D\u2019o\u00f9 l\u2019importance de la migration vers la logistique \u00e9coresponsable. D\u2019ailleurs, les autorit\u00e9s publiques incitent toutes les soci\u00e9t\u00e9s \u00e0 prendre ce virage.<\/p>\n\n\n\n<p>La logistique \u00e9coresponsable permet de r\u00e9pondre \u00e0 la demande des clients tout en respectant l\u2019environnement. De nouveaux modes de livraison voient le jour, r\u00e9duisant significativement l\u2019empreinte \u00e9cologique du secteur du transport.<\/p>\n\n\n\n<h2 class=\"wp-block-heading\">La naissance de nouveaux modes de livraison responsable et \u00e9cologique<\/h2>\n\n\n\n<p>Le futur de la livraison n\u2019\u00e9chappe pas \u00e0 la logistique \u00e9coresponsable. Une multitude de <strong>soci\u00e9t\u00e9s de livraison <\/strong>revoient leurs v\u00e9hicules pour les rendre moins \u00e9nergivores tout en augmentant leur efficacit\u00e9 et en r\u00e9duisant leur co\u00fbt. La tendance \u00ab&nbsp;green&nbsp;\u00bb est d\u2019ailleurs devenue un argument de taille pour attirer plus de clients.<\/p>\n\n\n\n<p>La <a href=\"https:\/\/www.groupestarservice.com\/logistique-du-dernier-kilometre\/\" target=\"_blank\" rel=\"noreferrer noopener\">livraison du dernier kilom\u00e8tre<\/a><strong> <\/strong>fait l\u2019objet de concepts plus \u00e9cologiques. Avec l\u2019\u00e9mergence des v\u00e9hicules \u00e9lectriques (tels que les cargocycles), des v\u00e9hicules utilitaires propres et des camions roulant au biom\u00e9thane, le secteur du transport et de la livraison conna\u00eet un v\u00e9ritable tournant. D\u2019ici peu, des livraisons par drone et par v\u00e9hicule autonome pourraient m\u00eame voir le jour.<\/p>\n\n\n\n<p>C\u2019est l\u2019occasion pour les grandes <strong>entreprises de livraison <\/strong>de faire un geste pour la plan\u00e8te, de r\u00e9duire leur consommation \u00e9nerg\u00e9tique (d\u2019autant que le prix du carburant est une charge suppl\u00e9mentaire) et de pouvoir livrer n\u2019importe o\u00f9, \u00e0 toute heure.<\/p>\n\n\n\n<h2 class=\"wp-block-heading\">Star Service, partenaire de livraison du dernier kilom\u00e8tre<\/h2>\n\n\n\n<p>Star Service Retail est la branche de notre soci\u00e9t\u00e9 qui prend en charge les <a href=\"https:\/\/www.groupestarservice.com\/livraison-de-colis\/\" target=\"_blank\" rel=\"noreferrer noopener\">livraisons de colis<\/a><strong> <\/strong>et de courses alimentaires en ville. Avec plus de 30 ans d\u2019exp\u00e9rience dans le secteur de la <strong>logistique urbaine<\/strong>, Star Service emploie aujourd\u2019hui 3&nbsp;600 v\u00e9hicules dont plus de 200 v\u00e9hicules propres. Rien qu\u2019en 2017, nous avons assur\u00e9 700&nbsp;000 livraisons propres.<\/p>\n\n\n\n<p>Notre entreprise accorde une importance particuli\u00e8re \u00e0 la protection de l\u2019environnement, mais \u00e9galement \u00e0 l\u2019attente de nos clients. Pour garantir la qualit\u00e9 de nos services, nos collaborateurs suivent des formations en interne. Par ailleurs, nos services de livraison sont 100 % digitalis\u00e9s. Concr\u00e8tement, Star Service ne cesse d\u2019innover et de fournir des solutions pour am\u00e9liorer ses prestations.<\/p>\n\n\n\n<p>Parmi les services que nous proposons figurent le <strong>transport sous temp\u00e9rature dirig\u00e9e<\/strong>, la <a href=\"https:\/\/www.groupestarservice.com\/logistique-pharmaceutique\/\" target=\"_blank\" rel=\"noreferrer noopener\">livraison de produits pharmaceutiques<\/a> et de produits frais, mais aussi la <a href=\"https:\/\/www.groupestarservice.com\/la-livraison-de-produits-alimentaires\/\" target=\"_blank\" rel=\"noreferrer noopener\">livraison \u00e0 domicile de courses<\/a>.<\/p>\n","protected":false},"excerpt":{"rendered":"<p>Le changement climatique est aujourd\u2019hui une pr\u00e9occupation majeure obligeant toutes les soci\u00e9t\u00e9s de logistique \u00e0 revoir leur mode de livraison. Face au r\u00e9chauffement climatique, des actions ont \u00e9t\u00e9 mises en place afin de r\u00e9duire les \u00e9missions de gaz \u00e0 effet&#8230;<\/p>\n","protected":false},"author":2,"featured_media":2840,"comment_status":"open","ping_status":"open","sticky":false,"template":"","format":"standard","meta":{"_acf_changed":false,"twitterCardType":"","cardImageID":0,"cardImage":"","cardTitle":"","cardDesc":"","cardImageAlt":"","cardPlayer":"","cardPlayerWidth":0,"cardPlayerHeight":0,"cardPlayerStream":"","cardPlayerCodec":"","footnotes":""},"categories":[26],"tags":[],"class_list":["post-2826","post","type-post","status-publish","format-standard","has-post-thumbnail","hentry","category-informations-marche"],"acf":[],"yoast_head":"<!-- This site is optimized with the Yoast SEO plugin v27.0 - https:\/\/yoast.com\/product\/yoast-seo-wordpress\/ -->\n<title>Logistique \u00e9coresponsable : un mouvement en marche<\/title>\n<meta name=\"description\" content=\"D\u00e9couvrez la logistique \u00e9coresponsable propos\u00e9e par Star Service en r\u00e9ponse au r\u00e9chauffement plan\u00e9taire, un enjeu majeur du secteur !\" \/>\n<meta name=\"robots\" content=\"index, follow, max-snippet:-1, max-image-preview:large, max-video-preview:-1\" \/>\n<link rel=\"canonical\" href=\"https:\/\/www.groupestarservice.com\/blog\/logistique-ecoresponsable-mouvement\/\" \/>\n<meta property=\"og:locale\" content=\"fr_FR\" \/>\n<meta property=\"og:type\" content=\"article\" \/>\n<meta property=\"og:title\" content=\"Logistique \u00e9coresponsable : un mouvement en marche\" \/>\n<meta property=\"og:description\" content=\"D\u00e9couvrez la logistique \u00e9coresponsable propos\u00e9e par Star Service en r\u00e9ponse au r\u00e9chauffement plan\u00e9taire, un enjeu majeur du secteur !\" \/>\n<meta property=\"og:url\" content=\"https:\/\/www.groupestarservice.com\/blog\/logistique-ecoresponsable-mouvement\/\" \/>\n<meta property=\"og:site_name\" content=\"Star Service - Le rendez-vous du dernier km\" \/>\n<meta property=\"article:published_time\" content=\"2020-12-07T09:08:00+00:00\" \/>\n<meta property=\"article:modified_time\" content=\"2021-01-11T10:20:37+00:00\" \/>\n<meta property=\"og:image\" content=\"https:\/\/www.groupestarservice.com\/blog\/wp-content\/uploads\/2021\/01\/main-verte.jpg\" \/>\n\t<meta property=\"og:image:width\" content=\"640\" \/>\n\t<meta property=\"og:image:height\" content=\"411\" \/>\n\t<meta property=\"og:image:type\" content=\"image\/jpeg\" \/>\n<meta name=\"author\" content=\"cyma\" \/>\n<meta name=\"twitter:card\" content=\"summary_large_image\" \/>\n<meta name=\"twitter:creator\" content=\"@Starsservice\" \/>\n<meta name=\"twitter:site\" content=\"@Starsservice\" \/>\n<meta name=\"twitter:label1\" content=\"\u00c9crit par\" \/>\n\t<meta name=\"twitter:data1\" content=\"cyma\" \/>\n\t<meta name=\"twitter:label2\" content=\"Dur\u00e9e de lecture estim\u00e9e\" \/>\n\t<meta name=\"twitter:data2\" content=\"3 minutes\" \/>\n<script type=\"application\/ld+json\" class=\"yoast-schema-graph\">{\"@context\":\"https:\/\/schema.org\",\"@graph\":[{\"@type\":\"Article\",\"@id\":\"https:\/\/www.groupestarservice.com\/blog\/logistique-ecoresponsable-mouvement\/#article\",\"isPartOf\":{\"@id\":\"https:\/\/www.groupestarservice.com\/blog\/logistique-ecoresponsable-mouvement\/\"},\"author\":{\"name\":\"cyma\",\"@id\":\"https:\/\/www.groupestarservice.com\/blog\/#\/schema\/person\/2cd9c82e5121ab8f6aa61975d746e0d1\"},\"headline\":\"Logistique \u00e9coresponsable : un mouvement en marche\",\"datePublished\":\"2020-12-07T09:08:00+00:00\",\"dateModified\":\"2021-01-11T10:20:37+00:00\",\"mainEntityOfPage\":{\"@id\":\"https:\/\/www.groupestarservice.com\/blog\/logistique-ecoresponsable-mouvement\/\"},\"wordCount\":572,\"commentCount\":0,\"image\":{\"@id\":\"https:\/\/www.groupestarservice.com\/blog\/logistique-ecoresponsable-mouvement\/#primaryimage\"},\"thumbnailUrl\":\"https:\/\/www.groupestarservice.com\/blog\/wp-content\/uploads\/2021\/01\/main-verte.jpg\",\"articleSection\":[\"Informations march\u00e9\"],\"inLanguage\":\"fr-FR\"},{\"@type\":\"WebPage\",\"@id\":\"https:\/\/www.groupestarservice.com\/blog\/logistique-ecoresponsable-mouvement\/\",\"url\":\"https:\/\/www.groupestarservice.com\/blog\/logistique-ecoresponsable-mouvement\/\",\"name\":\"Logistique \u00e9coresponsable : un mouvement en marche\",\"isPartOf\":{\"@id\":\"https:\/\/www.groupestarservice.com\/blog\/#website\"},\"primaryImageOfPage\":{\"@id\":\"https:\/\/www.groupestarservice.com\/blog\/logistique-ecoresponsable-mouvement\/#primaryimage\"},\"image\":{\"@id\":\"https:\/\/www.groupestarservice.com\/blog\/logistique-ecoresponsable-mouvement\/#primaryimage\"},\"thumbnailUrl\":\"https:\/\/www.groupestarservice.com\/blog\/wp-content\/uploads\/2021\/01\/main-verte.jpg\",\"datePublished\":\"2020-12-07T09:08:00+00:00\",\"dateModified\":\"2021-01-11T10:20:37+00:00\",\"author\":{\"@id\":\"https:\/\/www.groupestarservice.com\/blog\/#\/schema\/person\/2cd9c82e5121ab8f6aa61975d746e0d1\"},\"description\":\"D\u00e9couvrez la logistique \u00e9coresponsable propos\u00e9e par Star Service en r\u00e9ponse au r\u00e9chauffement plan\u00e9taire, un enjeu majeur du secteur !\",\"breadcrumb\":{\"@id\":\"https:\/\/www.groupestarservice.com\/blog\/logistique-ecoresponsable-mouvement\/#breadcrumb\"},\"inLanguage\":\"fr-FR\",\"potentialAction\":[{\"@type\":\"ReadAction\",\"target\":[\"https:\/\/www.groupestarservice.com\/blog\/logistique-ecoresponsable-mouvement\/\"]}]},{\"@type\":\"ImageObject\",\"inLanguage\":\"fr-FR\",\"@id\":\"https:\/\/www.groupestarservice.com\/blog\/logistique-ecoresponsable-mouvement\/#primaryimage\",\"url\":\"https:\/\/www.groupestarservice.com\/blog\/wp-content\/uploads\/2021\/01\/main-verte.jpg\",\"contentUrl\":\"https:\/\/www.groupestarservice.com\/blog\/wp-content\/uploads\/2021\/01\/main-verte.jpg\",\"width\":640,\"height\":411,\"caption\":\"logistique \u00e9coresponsable\"},{\"@type\":\"BreadcrumbList\",\"@id\":\"https:\/\/www.groupestarservice.com\/blog\/logistique-ecoresponsable-mouvement\/#breadcrumb\",\"itemListElement\":[{\"@type\":\"ListItem\",\"position\":1,\"name\":\"Accueil\",\"item\":\"https:\/\/www.groupestarservice.com\/blog\/\"},{\"@type\":\"ListItem\",\"position\":2,\"name\":\"Logistique \u00e9coresponsable : un mouvement en marche\"}]},{\"@type\":\"WebSite\",\"@id\":\"https:\/\/www.groupestarservice.com\/blog\/#website\",\"url\":\"https:\/\/www.groupestarservice.com\/blog\/\",\"name\":\"Star Service - Le rendez-vous du dernier km\",\"description\":\"\",\"potentialAction\":[{\"@type\":\"SearchAction\",\"target\":{\"@type\":\"EntryPoint\",\"urlTemplate\":\"https:\/\/www.groupestarservice.com\/blog\/?s={search_term_string}\"},\"query-input\":{\"@type\":\"PropertyValueSpecification\",\"valueRequired\":true,\"valueName\":\"search_term_string\"}}],\"inLanguage\":\"fr-FR\"},{\"@type\":\"Person\",\"@id\":\"https:\/\/www.groupestarservice.com\/blog\/#\/schema\/person\/2cd9c82e5121ab8f6aa61975d746e0d1\",\"name\":\"cyma\",\"image\":{\"@type\":\"ImageObject\",\"inLanguage\":\"fr-FR\",\"@id\":\"https:\/\/www.groupestarservice.com\/blog\/#\/schema\/person\/image\/\",\"url\":\"https:\/\/secure.gravatar.com\/avatar\/9b11ec004641ddc4ab2c2fcae2953aecd4f734fd8a0c354c98224ade6086999e?s=96&d=mm&r=g\",\"contentUrl\":\"https:\/\/secure.gravatar.com\/avatar\/9b11ec004641ddc4ab2c2fcae2953aecd4f734fd8a0c354c98224ade6086999e?s=96&d=mm&r=g\",\"caption\":\"cyma\"},\"url\":\"https:\/\/www.groupestarservice.com\/blog\/author\/claire\/\"}]}<\/script>\n<!-- \/ Yoast SEO plugin. -->","yoast_head_json":{"title":"Logistique \u00e9coresponsable : un mouvement en marche","description":"D\u00e9couvrez la logistique \u00e9coresponsable propos\u00e9e par Star Service en r\u00e9ponse au r\u00e9chauffement plan\u00e9taire, un enjeu majeur du secteur !","robots":{"index":"index","follow":"follow","max-snippet":"max-snippet:-1","max-image-preview":"max-image-preview:large","max-video-preview":"max-video-preview:-1"},"canonical":"https:\/\/www.groupestarservice.com\/blog\/logistique-ecoresponsable-mouvement\/","og_locale":"fr_FR","og_type":"article","og_title":"Logistique \u00e9coresponsable : un mouvement en marche","og_description":"D\u00e9couvrez la logistique \u00e9coresponsable propos\u00e9e par Star Service en r\u00e9ponse au r\u00e9chauffement plan\u00e9taire, un enjeu majeur du secteur !","og_url":"https:\/\/www.groupestarservice.com\/blog\/logistique-ecoresponsable-mouvement\/","og_site_name":"Star Service - Le rendez-vous du dernier km","article_published_time":"2020-12-07T09:08:00+00:00","article_modified_time":"2021-01-11T10:20:37+00:00","og_image":[{"width":640,"height":411,"url":"https:\/\/www.groupestarservice.com\/blog\/wp-content\/uploads\/2021\/01\/main-verte.jpg","type":"image\/jpeg"}],"author":"cyma","twitter_card":"summary_large_image","twitter_creator":"@Starsservice","twitter_site":"@Starsservice","twitter_misc":{"\u00c9crit par":"cyma","Dur\u00e9e de lecture estim\u00e9e":"3 minutes"},"schema":{"@context":"https:\/\/schema.org","@graph":[{"@type":"Article","@id":"https:\/\/www.groupestarservice.com\/blog\/logistique-ecoresponsable-mouvement\/#article","isPartOf":{"@id":"https:\/\/www.groupestarservice.com\/blog\/logistique-ecoresponsable-mouvement\/"},"author":{"name":"cyma","@id":"https:\/\/www.groupestarservice.com\/blog\/#\/schema\/person\/2cd9c82e5121ab8f6aa61975d746e0d1"},"headline":"Logistique \u00e9coresponsable : un mouvement en marche","datePublished":"2020-12-07T09:08:00+00:00","dateModified":"2021-01-11T10:20:37+00:00","mainEntityOfPage":{"@id":"https:\/\/www.groupestarservice.com\/blog\/logistique-ecoresponsable-mouvement\/"},"wordCount":572,"commentCount":0,"image":{"@id":"https:\/\/www.groupestarservice.com\/blog\/logistique-ecoresponsable-mouvement\/#primaryimage"},"thumbnailUrl":"https:\/\/www.groupestarservice.com\/blog\/wp-content\/uploads\/2021\/01\/main-verte.jpg","articleSection":["Informations march\u00e9"],"inLanguage":"fr-FR"},{"@type":"WebPage","@id":"https:\/\/www.groupestarservice.com\/blog\/logistique-ecoresponsable-mouvement\/","url":"https:\/\/www.groupestarservice.com\/blog\/logistique-ecoresponsable-mouvement\/","name":"Logistique \u00e9coresponsable : un mouvement en marche","isPartOf":{"@id":"https:\/\/www.groupestarservice.com\/blog\/#website"},"primaryImageOfPage":{"@id":"https:\/\/www.groupestarservice.com\/blog\/logistique-ecoresponsable-mouvement\/#primaryimage"},"image":{"@id":"https:\/\/www.groupestarservice.com\/blog\/logistique-ecoresponsable-mouvement\/#primaryimage"},"thumbnailUrl":"https:\/\/www.groupestarservice.com\/blog\/wp-content\/uploads\/2021\/01\/main-verte.jpg","datePublished":"2020-12-07T09:08:00+00:00","dateModified":"2021-01-11T10:20:37+00:00","author":{"@id":"https:\/\/www.groupestarservice.com\/blog\/#\/schema\/person\/2cd9c82e5121ab8f6aa61975d746e0d1"},"description":"D\u00e9couvrez la logistique \u00e9coresponsable propos\u00e9e par Star Service en r\u00e9ponse au r\u00e9chauffement plan\u00e9taire, un enjeu majeur du secteur !","breadcrumb":{"@id":"https:\/\/www.groupestarservice.com\/blog\/logistique-ecoresponsable-mouvement\/#breadcrumb"},"inLanguage":"fr-FR","potentialAction":[{"@type":"ReadAction","target":["https:\/\/www.groupestarservice.com\/blog\/logistique-ecoresponsable-mouvement\/"]}]},{"@type":"ImageObject","inLanguage":"fr-FR","@id":"https:\/\/www.groupestarservice.com\/blog\/logistique-ecoresponsable-mouvement\/#primaryimage","url":"https:\/\/www.groupestarservice.com\/blog\/wp-content\/uploads\/2021\/01\/main-verte.jpg","contentUrl":"https:\/\/www.groupestarservice.com\/blog\/wp-content\/uploads\/2021\/01\/main-verte.jpg","width":640,"height":411,"caption":"logistique \u00e9coresponsable"},{"@type":"BreadcrumbList","@id":"https:\/\/www.groupestarservice.com\/blog\/logistique-ecoresponsable-mouvement\/#breadcrumb","itemListElement":[{"@type":"ListItem","position":1,"name":"Accueil","item":"https:\/\/www.groupestarservice.com\/blog\/"},{"@type":"ListItem","position":2,"name":"Logistique \u00e9coresponsable : un mouvement en marche"}]},{"@type":"WebSite","@id":"https:\/\/www.groupestarservice.com\/blog\/#website","url":"https:\/\/www.groupestarservice.com\/blog\/","name":"Star Service - Le rendez-vous du dernier km","description":"","potentialAction":[{"@type":"SearchAction","target":{"@type":"EntryPoint","urlTemplate":"https:\/\/www.groupestarservice.com\/blog\/?s={search_term_string}"},"query-input":{"@type":"PropertyValueSpecification","valueRequired":true,"valueName":"search_term_string"}}],"inLanguage":"fr-FR"},{"@type":"Person","@id":"https:\/\/www.groupestarservice.com\/blog\/#\/schema\/person\/2cd9c82e5121ab8f6aa61975d746e0d1","name":"cyma","image":{"@type":"ImageObject","inLanguage":"fr-FR","@id":"https:\/\/www.groupestarservice.com\/blog\/#\/schema\/person\/image\/","url":"https:\/\/secure.gravatar.com\/avatar\/9b11ec004641ddc4ab2c2fcae2953aecd4f734fd8a0c354c98224ade6086999e?s=96&d=mm&r=g","contentUrl":"https:\/\/secure.gravatar.com\/avatar\/9b11ec004641ddc4ab2c2fcae2953aecd4f734fd8a0c354c98224ade6086999e?s=96&d=mm&r=g","caption":"cyma"},"url":"https:\/\/www.groupestarservice.com\/blog\/author\/claire\/"}]}},"_links":{"self":[{"href":"https:\/\/www.groupestarservice.com\/blog\/wp-json\/wp\/v2\/posts\/2826","targetHints":{"allow":["GET"]}}],"collection":[{"href":"https:\/\/www.groupestarservice.com\/blog\/wp-json\/wp\/v2\/posts"}],"about":[{"href":"https:\/\/www.groupestarservice.com\/blog\/wp-json\/wp\/v2\/types\/post"}],"author":[{"embeddable":true,"href":"https:\/\/www.groupestarservice.com\/blog\/wp-json\/wp\/v2\/users\/2"}],"replies":[{"embeddable":true,"href":"https:\/\/www.groupestarservice.com\/blog\/wp-json\/wp\/v2\/comments?post=2826"}],"version-history":[{"count":3,"href":"https:\/\/www.groupestarservice.com\/blog\/wp-json\/wp\/v2\/posts\/2826\/revisions"}],"predecessor-version":[{"id":2841,"href":"https:\/\/www.groupestarservice.com\/blog\/wp-json\/wp\/v2\/posts\/2826\/revisions\/2841"}],"wp:featuredmedia":[{"embeddable":true,"href":"https:\/\/www.groupestarservice.com\/blog\/wp-json\/wp\/v2\/media\/2840"}],"wp:attachment":[{"href":"https:\/\/www.groupestarservice.com\/blog\/wp-json\/wp\/v2\/media?parent=2826"}],"wp:term":[{"taxonomy":"category","embeddable":true,"href":"https:\/\/www.groupestarservice.com\/blog\/wp-json\/wp\/v2\/categories?post=2826"},{"taxonomy":"post_tag","embeddable":true,"href":"https:\/\/www.groupestarservice.com\/blog\/wp-json\/wp\/v2\/tags?post=2826"}],"curies":[{"name":"wp","href":"https:\/\/api.w.org\/{rel}","templated":true}]}}