{"id":2930,"date":"2021-02-08T10:42:34","date_gmt":"2021-02-08T09:42:34","guid":{"rendered":"https:\/\/www.groupestarservice.com\/blog\/\/?p=2930"},"modified":"2021-08-26T13:56:43","modified_gmt":"2021-08-26T11:56:43","slug":"la-supply-chain-au-coeur-du-hubday-future-of-retail-e-commerce","status":"publish","type":"post","link":"https:\/\/www.groupestarservice.com\/blog\/la-supply-chain-au-coeur-du-hubday-future-of-retail-e-commerce\/","title":{"rendered":"La Supply Chain au c\u0153ur du HubDay Future of Retail &#038; E-commerce"},"content":{"rendered":"\n<p>Comme chaque ann\u00e9e depuis cinq ans, s\u2019est tenue les 2 et 3 f\u00e9vrier derniers une nouvelle \u00e9dition du HubDay. Exclusivement digital cette ann\u00e9e, l&rsquo;\u00e9v\u00e9nement retail &amp; e-commerce r\u00e9unissait les d\u00e9cideurs issus de la grande distribution, de l\u2019automobile, la mode et des biens de consommation au travers trois parcours m\u00e9tiers&nbsp;: le marketing, l\u2019IT et la supply chain.<\/p>\n\n\n\n<p>Alors qu\u2019une nouvelle annonce vient bousculer les acteurs du retail en pleine p\u00e9riode de soldes &#8211; la fermeture des \u00ab centres commerciaux non alimentaires de plus de 20 000 m\u00e8tres carr\u00e9s \u00bb pour un mois \u2013 quels leviers de performance le secteur peut-il activer pour plus de r\u00e9silience&nbsp;? Des r\u00e9ponses \u00e0 cette question ont notamment \u00e9t\u00e9 apport\u00e9es \u00e0 l\u2019occasion d\u2019une nouvelle \u00e9dition du HubDay Future of Retail &amp; E-commerce, ces 2 et 3 f\u00e9vrier 2021. L\u2019ambition des organisateurs&nbsp;? <em>\u00ab&nbsp;Identifier les leviers de performance retail et e-commerce&nbsp;: du marketing, \u00e0 l\u2019exp\u00e9rience et la relation client, en passant par la supply chain et les infrastructures IT, sans oublier l\u2019impact environnemental&nbsp;\u00bb<\/em>. Bonnes pratiques, retours d\u2019exp\u00e9riences, pr\u00e9sentations, rendez-vous one-to-one et masterclass auront permis aux inscrits de d\u00e9couvrir, en ligne, les ressorts d\u2019une nouvelle strat\u00e9gie hybride et efficiente pour r\u00e9pondre aux nombreux enjeux qui agitent le secteur.<\/p>\n\n\n\n<h2 class=\"wp-block-heading\"><strong>La supply chain, levier majeur pour un futur vertueux du retail et du e-commerce<\/strong><\/h2>\n\n\n\n<p>Pour ce faire, l\u2019\u00e9v\u00e8nement a \u00e9t\u00e9 construit autour trois parcours. L\u2019un d\u00e9di\u00e9 au marketing, un autre \u00e0 l\u2019IT et un dernier autour de la supply chain. Le 2 f\u00e9vrier, se sont ainsi succ\u00e9d\u00e9 en live digital directeurs supply chain, des op\u00e9rations, Iogistique et transport pour partager leurs exp\u00e9riences et leurs savoirs. Des robots collaboratifs \u00e0 la cha\u00eene logistique durable, en passant par l&rsquo;intelligence artificielle, l\u2019analyse pr\u00e9dictive et les jumeaux num\u00e9riques, de nombreux sujets ont \u00e9t\u00e9 abord\u00e9s.<\/p>\n\n\n\n<p>En guise d\u2019introduction, Fabien, Esnoult, fondateur et pr\u00e9sident de SprintProject, a souhait\u00e9 dresser les grandes tendances en mati\u00e8re de supply chain pour 2021. Revenant sur le principe de \u00ab&nbsp;smart supply chain&nbsp;\u00bb, il \u00e9nonce d\u2019abord quatre facteurs de changement&nbsp;pour le secteur&nbsp;: l\u2019\u00e9volution des populations, la r\u00e9glementation et les enjeux RSE, le changement d\u2019habitudes de consommation ainsi que les d\u00e9veloppements technologiques.<\/p>\n\n\n\n<h2 class=\"wp-block-heading\"><strong>Dernier kilom\u00e8tre, robotique autonome et objets connect\u00e9s au c\u0153ur des tendances<\/strong><\/h2>\n\n\n\n<p>De ces changements, sont n\u00e9es de grandes tendances, dont de nombreuses s\u2019axent autour de la logistique du dernier kilom\u00e8tre.&nbsp;Parmi elles, Fabien Esnoult \u00e9voque l\u2019acc\u00e9l\u00e9ration dans la gestion des retours, les enjeux nationaux d\u2019am\u00e9nagement des territoires urbains qui entourent la question du dernier kilom\u00e8tre&nbsp;; la restructuration dans le premier kilom\u00e8tre mais \u00e9galement le d\u00e9veloppement des micro-hubs urbains. Dans les trois ans \u00e0 venir, le pr\u00e9sident de SprintProject souligne le d\u00e9ploiement des objets connect\u00e9s et l\u2019industrialisation de nouveaux v\u00e9hicules du dernier kilom\u00e8tre&nbsp;et anticipe m\u00eame au-del\u00e0 vers une maturit\u00e9 de la robotique autonome et des tests de v\u00e9hicules autonomes de livraison.<\/p>\n\n\n\n<p>A la suite de ce large panorama, de grands chargeurs tels que le Groupe Rocher, Fnac-Darty et Michelin ont tour \u00e0 tour pris la parole pour aborder la logistique durable, la gestion des retours ou bien encore l\u2019IA. Un \u00e9v\u00e8nement qui aura finalement en quelques heures de mieux comprendre et r\u00e9fl\u00e9chir aux grands enjeux qui font aujourd\u2019hui et feront demain la supply chain et la logistique.<\/p>\n\n\n\n<hr class=\"wp-block-separator\"\/>\n","protected":false},"excerpt":{"rendered":"<p>Comme chaque ann\u00e9e depuis cinq ans, s\u2019est tenue les 2 et 3 f\u00e9vrier derniers une nouvelle \u00e9dition du HubDay. Exclusivement digital cette ann\u00e9e, l&rsquo;\u00e9v\u00e9nement retail &amp; e-commerce r\u00e9unissait les d\u00e9cideurs issus de la grande distribution, de l\u2019automobile, la mode et&#8230;<\/p>\n","protected":false},"author":2,"featured_media":2932,"comment_status":"closed","ping_status":"closed","sticky":false,"template":"","format":"standard","meta":{"_acf_changed":false,"twitterCardType":"","cardImageID":0,"cardImage":"","cardTitle":"","cardDesc":"","cardImageAlt":"","cardPlayer":"","cardPlayerWidth":0,"cardPlayerHeight":0,"cardPlayerStream":"","cardPlayerCodec":"","footnotes":""},"categories":[26],"tags":[],"class_list":["post-2930","post","type-post","status-publish","format-standard","has-post-thumbnail","hentry","category-informations-marche"],"acf":[],"yoast_head":"<!-- This site is optimized with the Yoast SEO plugin v27.0 - https:\/\/yoast.com\/product\/yoast-seo-wordpress\/ -->\n<title>La Supply Chain au c\u0153ur du HubDay Future of Retail | Star Service<\/title>\n<meta name=\"description\" content=\"L\u2019\u00e9v\u00e9nement retail &amp; e-commerce a r\u00e9unis les d\u00e9cideurs de divers secteurs pour trois parcours m\u00e9tiers : le marketing, l\u2019IT et la supplychain.\" \/>\n<meta name=\"robots\" content=\"index, follow, max-snippet:-1, max-image-preview:large, max-video-preview:-1\" \/>\n<link rel=\"canonical\" href=\"https:\/\/www.groupestarservice.com\/blog\/la-supply-chain-au-coeur-du-hubday-future-of-retail-e-commerce\/\" \/>\n<meta property=\"og:locale\" content=\"fr_FR\" \/>\n<meta property=\"og:type\" content=\"article\" \/>\n<meta property=\"og:title\" content=\"La Supply Chain au c\u0153ur du HubDay Future of Retail | Star Service\" \/>\n<meta property=\"og:description\" content=\"L\u2019\u00e9v\u00e9nement retail &amp; e-commerce a r\u00e9unis les d\u00e9cideurs de divers secteurs pour trois parcours m\u00e9tiers : le marketing, l\u2019IT et la supplychain.\" \/>\n<meta property=\"og:url\" content=\"https:\/\/www.groupestarservice.com\/blog\/la-supply-chain-au-coeur-du-hubday-future-of-retail-e-commerce\/\" \/>\n<meta property=\"og:site_name\" content=\"Star Service - Le rendez-vous du dernier km\" \/>\n<meta property=\"article:published_time\" content=\"2021-02-08T09:42:34+00:00\" \/>\n<meta property=\"article:modified_time\" content=\"2021-08-26T11:56:43+00:00\" \/>\n<meta property=\"og:image\" content=\"https:\/\/www.groupestarservice.com\/blog\/wp-content\/uploads\/2021\/02\/x_Vignette-4.jpg\" \/>\n\t<meta property=\"og:image:width\" content=\"1140\" \/>\n\t<meta property=\"og:image:height\" content=\"530\" \/>\n\t<meta property=\"og:image:type\" content=\"image\/jpeg\" \/>\n<meta name=\"author\" content=\"cyma\" \/>\n<meta name=\"twitter:card\" content=\"summary_large_image\" \/>\n<meta name=\"twitter:creator\" content=\"@Starsservice\" \/>\n<meta name=\"twitter:site\" content=\"@Starsservice\" \/>\n<meta name=\"twitter:label1\" content=\"\u00c9crit par\" \/>\n\t<meta name=\"twitter:data1\" content=\"cyma\" \/>\n\t<meta name=\"twitter:label2\" content=\"Dur\u00e9e de lecture estim\u00e9e\" \/>\n\t<meta name=\"twitter:data2\" content=\"3 minutes\" \/>\n<script type=\"application\/ld+json\" class=\"yoast-schema-graph\">{\"@context\":\"https:\/\/schema.org\",\"@graph\":[{\"@type\":\"Article\",\"@id\":\"https:\/\/www.groupestarservice.com\/blog\/la-supply-chain-au-coeur-du-hubday-future-of-retail-e-commerce\/#article\",\"isPartOf\":{\"@id\":\"https:\/\/www.groupestarservice.com\/blog\/la-supply-chain-au-coeur-du-hubday-future-of-retail-e-commerce\/\"},\"author\":{\"name\":\"cyma\",\"@id\":\"https:\/\/www.groupestarservice.com\/blog\/#\/schema\/person\/2cd9c82e5121ab8f6aa61975d746e0d1\"},\"headline\":\"La Supply Chain au c\u0153ur du HubDay Future of Retail &#038; E-commerce\",\"datePublished\":\"2021-02-08T09:42:34+00:00\",\"dateModified\":\"2021-08-26T11:56:43+00:00\",\"mainEntityOfPage\":{\"@id\":\"https:\/\/www.groupestarservice.com\/blog\/la-supply-chain-au-coeur-du-hubday-future-of-retail-e-commerce\/\"},\"wordCount\":613,\"image\":{\"@id\":\"https:\/\/www.groupestarservice.com\/blog\/la-supply-chain-au-coeur-du-hubday-future-of-retail-e-commerce\/#primaryimage\"},\"thumbnailUrl\":\"https:\/\/www.groupestarservice.com\/blog\/wp-content\/uploads\/2021\/02\/x_Vignette-4.jpg\",\"articleSection\":[\"Informations march\u00e9\"],\"inLanguage\":\"fr-FR\"},{\"@type\":\"WebPage\",\"@id\":\"https:\/\/www.groupestarservice.com\/blog\/la-supply-chain-au-coeur-du-hubday-future-of-retail-e-commerce\/\",\"url\":\"https:\/\/www.groupestarservice.com\/blog\/la-supply-chain-au-coeur-du-hubday-future-of-retail-e-commerce\/\",\"name\":\"La Supply Chain au c\u0153ur du HubDay Future of Retail | Star Service\",\"isPartOf\":{\"@id\":\"https:\/\/www.groupestarservice.com\/blog\/#website\"},\"primaryImageOfPage\":{\"@id\":\"https:\/\/www.groupestarservice.com\/blog\/la-supply-chain-au-coeur-du-hubday-future-of-retail-e-commerce\/#primaryimage\"},\"image\":{\"@id\":\"https:\/\/www.groupestarservice.com\/blog\/la-supply-chain-au-coeur-du-hubday-future-of-retail-e-commerce\/#primaryimage\"},\"thumbnailUrl\":\"https:\/\/www.groupestarservice.com\/blog\/wp-content\/uploads\/2021\/02\/x_Vignette-4.jpg\",\"datePublished\":\"2021-02-08T09:42:34+00:00\",\"dateModified\":\"2021-08-26T11:56:43+00:00\",\"author\":{\"@id\":\"https:\/\/www.groupestarservice.com\/blog\/#\/schema\/person\/2cd9c82e5121ab8f6aa61975d746e0d1\"},\"description\":\"L\u2019\u00e9v\u00e9nement retail & e-commerce a r\u00e9unis les d\u00e9cideurs de divers secteurs pour trois parcours m\u00e9tiers : le marketing, l\u2019IT et la supplychain.\",\"breadcrumb\":{\"@id\":\"https:\/\/www.groupestarservice.com\/blog\/la-supply-chain-au-coeur-du-hubday-future-of-retail-e-commerce\/#breadcrumb\"},\"inLanguage\":\"fr-FR\",\"potentialAction\":[{\"@type\":\"ReadAction\",\"target\":[\"https:\/\/www.groupestarservice.com\/blog\/la-supply-chain-au-coeur-du-hubday-future-of-retail-e-commerce\/\"]}]},{\"@type\":\"ImageObject\",\"inLanguage\":\"fr-FR\",\"@id\":\"https:\/\/www.groupestarservice.com\/blog\/la-supply-chain-au-coeur-du-hubday-future-of-retail-e-commerce\/#primaryimage\",\"url\":\"https:\/\/www.groupestarservice.com\/blog\/wp-content\/uploads\/2021\/02\/x_Vignette-4.jpg\",\"contentUrl\":\"https:\/\/www.groupestarservice.com\/blog\/wp-content\/uploads\/2021\/02\/x_Vignette-4.jpg\",\"width\":1140,\"height\":530,\"caption\":\"supply chain au coeur du hubday future of retail\"},{\"@type\":\"BreadcrumbList\",\"@id\":\"https:\/\/www.groupestarservice.com\/blog\/la-supply-chain-au-coeur-du-hubday-future-of-retail-e-commerce\/#breadcrumb\",\"itemListElement\":[{\"@type\":\"ListItem\",\"position\":1,\"name\":\"Accueil\",\"item\":\"https:\/\/www.groupestarservice.com\/blog\/\"},{\"@type\":\"ListItem\",\"position\":2,\"name\":\"La Supply Chain au c\u0153ur du HubDay Future of Retail &#038; E-commerce\"}]},{\"@type\":\"WebSite\",\"@id\":\"https:\/\/www.groupestarservice.com\/blog\/#website\",\"url\":\"https:\/\/www.groupestarservice.com\/blog\/\",\"name\":\"Star Service - Le rendez-vous du dernier km\",\"description\":\"\",\"potentialAction\":[{\"@type\":\"SearchAction\",\"target\":{\"@type\":\"EntryPoint\",\"urlTemplate\":\"https:\/\/www.groupestarservice.com\/blog\/?s={search_term_string}\"},\"query-input\":{\"@type\":\"PropertyValueSpecification\",\"valueRequired\":true,\"valueName\":\"search_term_string\"}}],\"inLanguage\":\"fr-FR\"},{\"@type\":\"Person\",\"@id\":\"https:\/\/www.groupestarservice.com\/blog\/#\/schema\/person\/2cd9c82e5121ab8f6aa61975d746e0d1\",\"name\":\"cyma\",\"image\":{\"@type\":\"ImageObject\",\"inLanguage\":\"fr-FR\",\"@id\":\"https:\/\/www.groupestarservice.com\/blog\/#\/schema\/person\/image\/\",\"url\":\"https:\/\/secure.gravatar.com\/avatar\/9b11ec004641ddc4ab2c2fcae2953aecd4f734fd8a0c354c98224ade6086999e?s=96&d=mm&r=g\",\"contentUrl\":\"https:\/\/secure.gravatar.com\/avatar\/9b11ec004641ddc4ab2c2fcae2953aecd4f734fd8a0c354c98224ade6086999e?s=96&d=mm&r=g\",\"caption\":\"cyma\"},\"url\":\"https:\/\/www.groupestarservice.com\/blog\/author\/claire\/\"}]}<\/script>\n<!-- \/ Yoast SEO plugin. -->","yoast_head_json":{"title":"La Supply Chain au c\u0153ur du HubDay Future of Retail | Star Service","description":"L\u2019\u00e9v\u00e9nement retail & e-commerce a r\u00e9unis les d\u00e9cideurs de divers secteurs pour trois parcours m\u00e9tiers : le marketing, l\u2019IT et la supplychain.","robots":{"index":"index","follow":"follow","max-snippet":"max-snippet:-1","max-image-preview":"max-image-preview:large","max-video-preview":"max-video-preview:-1"},"canonical":"https:\/\/www.groupestarservice.com\/blog\/la-supply-chain-au-coeur-du-hubday-future-of-retail-e-commerce\/","og_locale":"fr_FR","og_type":"article","og_title":"La Supply Chain au c\u0153ur du HubDay Future of Retail | Star Service","og_description":"L\u2019\u00e9v\u00e9nement retail & e-commerce a r\u00e9unis les d\u00e9cideurs de divers secteurs pour trois parcours m\u00e9tiers : le marketing, l\u2019IT et la supplychain.","og_url":"https:\/\/www.groupestarservice.com\/blog\/la-supply-chain-au-coeur-du-hubday-future-of-retail-e-commerce\/","og_site_name":"Star Service - Le rendez-vous du dernier km","article_published_time":"2021-02-08T09:42:34+00:00","article_modified_time":"2021-08-26T11:56:43+00:00","og_image":[{"width":1140,"height":530,"url":"https:\/\/www.groupestarservice.com\/blog\/wp-content\/uploads\/2021\/02\/x_Vignette-4.jpg","type":"image\/jpeg"}],"author":"cyma","twitter_card":"summary_large_image","twitter_creator":"@Starsservice","twitter_site":"@Starsservice","twitter_misc":{"\u00c9crit par":"cyma","Dur\u00e9e de lecture estim\u00e9e":"3 minutes"},"schema":{"@context":"https:\/\/schema.org","@graph":[{"@type":"Article","@id":"https:\/\/www.groupestarservice.com\/blog\/la-supply-chain-au-coeur-du-hubday-future-of-retail-e-commerce\/#article","isPartOf":{"@id":"https:\/\/www.groupestarservice.com\/blog\/la-supply-chain-au-coeur-du-hubday-future-of-retail-e-commerce\/"},"author":{"name":"cyma","@id":"https:\/\/www.groupestarservice.com\/blog\/#\/schema\/person\/2cd9c82e5121ab8f6aa61975d746e0d1"},"headline":"La Supply Chain au c\u0153ur du HubDay Future of Retail &#038; E-commerce","datePublished":"2021-02-08T09:42:34+00:00","dateModified":"2021-08-26T11:56:43+00:00","mainEntityOfPage":{"@id":"https:\/\/www.groupestarservice.com\/blog\/la-supply-chain-au-coeur-du-hubday-future-of-retail-e-commerce\/"},"wordCount":613,"image":{"@id":"https:\/\/www.groupestarservice.com\/blog\/la-supply-chain-au-coeur-du-hubday-future-of-retail-e-commerce\/#primaryimage"},"thumbnailUrl":"https:\/\/www.groupestarservice.com\/blog\/wp-content\/uploads\/2021\/02\/x_Vignette-4.jpg","articleSection":["Informations march\u00e9"],"inLanguage":"fr-FR"},{"@type":"WebPage","@id":"https:\/\/www.groupestarservice.com\/blog\/la-supply-chain-au-coeur-du-hubday-future-of-retail-e-commerce\/","url":"https:\/\/www.groupestarservice.com\/blog\/la-supply-chain-au-coeur-du-hubday-future-of-retail-e-commerce\/","name":"La Supply Chain au c\u0153ur du HubDay Future of Retail | Star Service","isPartOf":{"@id":"https:\/\/www.groupestarservice.com\/blog\/#website"},"primaryImageOfPage":{"@id":"https:\/\/www.groupestarservice.com\/blog\/la-supply-chain-au-coeur-du-hubday-future-of-retail-e-commerce\/#primaryimage"},"image":{"@id":"https:\/\/www.groupestarservice.com\/blog\/la-supply-chain-au-coeur-du-hubday-future-of-retail-e-commerce\/#primaryimage"},"thumbnailUrl":"https:\/\/www.groupestarservice.com\/blog\/wp-content\/uploads\/2021\/02\/x_Vignette-4.jpg","datePublished":"2021-02-08T09:42:34+00:00","dateModified":"2021-08-26T11:56:43+00:00","author":{"@id":"https:\/\/www.groupestarservice.com\/blog\/#\/schema\/person\/2cd9c82e5121ab8f6aa61975d746e0d1"},"description":"L\u2019\u00e9v\u00e9nement retail & e-commerce a r\u00e9unis les d\u00e9cideurs de divers secteurs pour trois parcours m\u00e9tiers : le marketing, l\u2019IT et la supplychain.","breadcrumb":{"@id":"https:\/\/www.groupestarservice.com\/blog\/la-supply-chain-au-coeur-du-hubday-future-of-retail-e-commerce\/#breadcrumb"},"inLanguage":"fr-FR","potentialAction":[{"@type":"ReadAction","target":["https:\/\/www.groupestarservice.com\/blog\/la-supply-chain-au-coeur-du-hubday-future-of-retail-e-commerce\/"]}]},{"@type":"ImageObject","inLanguage":"fr-FR","@id":"https:\/\/www.groupestarservice.com\/blog\/la-supply-chain-au-coeur-du-hubday-future-of-retail-e-commerce\/#primaryimage","url":"https:\/\/www.groupestarservice.com\/blog\/wp-content\/uploads\/2021\/02\/x_Vignette-4.jpg","contentUrl":"https:\/\/www.groupestarservice.com\/blog\/wp-content\/uploads\/2021\/02\/x_Vignette-4.jpg","width":1140,"height":530,"caption":"supply chain au coeur du hubday future of retail"},{"@type":"BreadcrumbList","@id":"https:\/\/www.groupestarservice.com\/blog\/la-supply-chain-au-coeur-du-hubday-future-of-retail-e-commerce\/#breadcrumb","itemListElement":[{"@type":"ListItem","position":1,"name":"Accueil","item":"https:\/\/www.groupestarservice.com\/blog\/"},{"@type":"ListItem","position":2,"name":"La Supply Chain au c\u0153ur du HubDay Future of Retail &#038; E-commerce"}]},{"@type":"WebSite","@id":"https:\/\/www.groupestarservice.com\/blog\/#website","url":"https:\/\/www.groupestarservice.com\/blog\/","name":"Star Service - Le rendez-vous du dernier km","description":"","potentialAction":[{"@type":"SearchAction","target":{"@type":"EntryPoint","urlTemplate":"https:\/\/www.groupestarservice.com\/blog\/?s={search_term_string}"},"query-input":{"@type":"PropertyValueSpecification","valueRequired":true,"valueName":"search_term_string"}}],"inLanguage":"fr-FR"},{"@type":"Person","@id":"https:\/\/www.groupestarservice.com\/blog\/#\/schema\/person\/2cd9c82e5121ab8f6aa61975d746e0d1","name":"cyma","image":{"@type":"ImageObject","inLanguage":"fr-FR","@id":"https:\/\/www.groupestarservice.com\/blog\/#\/schema\/person\/image\/","url":"https:\/\/secure.gravatar.com\/avatar\/9b11ec004641ddc4ab2c2fcae2953aecd4f734fd8a0c354c98224ade6086999e?s=96&d=mm&r=g","contentUrl":"https:\/\/secure.gravatar.com\/avatar\/9b11ec004641ddc4ab2c2fcae2953aecd4f734fd8a0c354c98224ade6086999e?s=96&d=mm&r=g","caption":"cyma"},"url":"https:\/\/www.groupestarservice.com\/blog\/author\/claire\/"}]}},"_links":{"self":[{"href":"https:\/\/www.groupestarservice.com\/blog\/wp-json\/wp\/v2\/posts\/2930","targetHints":{"allow":["GET"]}}],"collection":[{"href":"https:\/\/www.groupestarservice.com\/blog\/wp-json\/wp\/v2\/posts"}],"about":[{"href":"https:\/\/www.groupestarservice.com\/blog\/wp-json\/wp\/v2\/types\/post"}],"author":[{"embeddable":true,"href":"https:\/\/www.groupestarservice.com\/blog\/wp-json\/wp\/v2\/users\/2"}],"replies":[{"embeddable":true,"href":"https:\/\/www.groupestarservice.com\/blog\/wp-json\/wp\/v2\/comments?post=2930"}],"version-history":[{"count":3,"href":"https:\/\/www.groupestarservice.com\/blog\/wp-json\/wp\/v2\/posts\/2930\/revisions"}],"predecessor-version":[{"id":3248,"href":"https:\/\/www.groupestarservice.com\/blog\/wp-json\/wp\/v2\/posts\/2930\/revisions\/3248"}],"wp:featuredmedia":[{"embeddable":true,"href":"https:\/\/www.groupestarservice.com\/blog\/wp-json\/wp\/v2\/media\/2932"}],"wp:attachment":[{"href":"https:\/\/www.groupestarservice.com\/blog\/wp-json\/wp\/v2\/media?parent=2930"}],"wp:term":[{"taxonomy":"category","embeddable":true,"href":"https:\/\/www.groupestarservice.com\/blog\/wp-json\/wp\/v2\/categories?post=2930"},{"taxonomy":"post_tag","embeddable":true,"href":"https:\/\/www.groupestarservice.com\/blog\/wp-json\/wp\/v2\/tags?post=2930"}],"curies":[{"name":"wp","href":"https:\/\/api.w.org\/{rel}","templated":true}]}}