{"id":3040,"date":"2021-04-08T14:39:21","date_gmt":"2021-04-08T12:39:21","guid":{"rendered":"https:\/\/www.groupestarservice.com\/blog\/\/?p=3040"},"modified":"2021-08-26T14:47:45","modified_gmt":"2021-08-26T12:47:45","slug":"les-leviers-de-la-decarbonation-en-transport-logistique-urbaine","status":"publish","type":"post","link":"https:\/\/www.groupestarservice.com\/blog\/les-leviers-de-la-decarbonation-en-transport-logistique-urbaine\/","title":{"rendered":"Les leviers de la d\u00e9carbonation en transport &#038; logistique urbaine"},"content":{"rendered":"\n<p>La d\u00e9carbonation consiste pour une entreprise, un pays, une \u00e9conomie, \u00e0 limiter et r\u00e9duire ses \u00e9missions de gaz \u00e0 effet de serre. En France, dans le contexte de \u00ab France Relance \u00bb, des mesures de d\u00e9carbonation de l\u2019industrie ont \u00e9t\u00e9 lanc\u00e9es avec pour objectif <em>\u00ab&nbsp;d\u2019accompagner les entreprises industrielles dans l\u2019investissement d\u2019\u00e9quipements et de proc\u00e9d\u00e9s moins \u00e9metteurs de CO2&nbsp;\u00bb<\/em>. Ainsi, une enveloppe de 1,2 milliard d\u2019euros d\u2019ici 2022 a \u00e9t\u00e9 pr\u00e9vue par le gouvernement pour <em>\u00ab&nbsp;am\u00e9liorer l\u2019efficacit\u00e9 \u00e9nerg\u00e9tique, faire \u00e9voluer les proc\u00e9d\u00e9s de fabrication, notamment par le biais de l\u2019\u00e9lectrification et d\u00e9carboner la production de chaleur&nbsp;\u00bb<\/em> et un appel \u00e0 projets lanc\u00e9 le 11 mars dernier.<\/p>\n\n\n\n<h2 class=\"wp-block-heading\"><strong>Logistique et transport&nbsp;: une prise de conscience et des actions<\/strong><\/h2>\n\n\n\n<p>Plus pr\u00e9cis\u00e9ment, en mati\u00e8re de <strong>logistique<\/strong> et de transport, qu\u2019en est-il&nbsp;? Le sujet est fort et pris \u00e0 bras le corps depuis plusieurs ann\u00e9es par les acteurs du secteur et experts du dernier kilom\u00e8tre. Selon Aur\u00e9lien Bigo, chercheur associ\u00e9 \u00e0 la Chaire \u00c9nergie et Prosp\u00e9rit\u00e9, cinq facteurs pourraient agir sur la r\u00e9duction des \u00e9missions de gaz \u00e0 effet de serre des <strong>transports<\/strong> :<\/p>\n\n\n\n<ul class=\"wp-block-list\"><li>Le report modal vers les modes de d\u00e9placement bas carbone,<\/li><li>Le remplissage des v\u00e9hicules,<\/li><li>L\u2019efficacit\u00e9 \u00e9nerg\u00e9tique des v\u00e9hicules (r\u00e9duire leur consommation par kilom\u00e8tre parcouru),<\/li><li>La d\u00e9carbonation de l&rsquo;\u00e9nergie utilis\u00e9e.<\/li><\/ul>\n\n\n\n<p>Flottes propres et d\u00e9carbon\u00e9es (v\u00e9los, triporteurs, v\u00e9hicules \u00e0 hydrog\u00e8ne\u2026), outils d\u2019optimisation de tourn\u00e9es, r\u00e9duction des retours \u00e0 vide, am\u00e9lioration des taux de remplissage des camions, ces nombreuses actions ont d\u2019ores et d\u00e9j\u00e0 \u00e9t\u00e9 initi\u00e9es par les professionnels du transport, de la <strong>logistique<\/strong> et du <strong>dernier kilom\u00e8tre<\/strong>. Ces derni\u00e8res participent ainsi \u00e0 limiter et r\u00e9duire les \u00e9missions de gaz \u00e0 effet. Parall\u00e8lement, des mod\u00e8les de logistique collaboratifs et multimodaux tels que celui initi\u00e9 par Nestl\u00e9 Waters France voient le jour. Sur ce dernier projet, le r\u00e9sultat est parlant&nbsp;: <em>\u00ab&nbsp;aucun kilom\u00e8tre perdu pour le transport de palettes avec la suppression de 3 700 camions annuellement, soit une r\u00e9duction des \u00e9missions de 600 tonnes d&rsquo;\u00e9quivalent CO2&nbsp;\u00bb<\/em>, d\u00e9taille le m\u00e9dia Voxlog sur <a href=\"https:\/\/www.voxlog.fr\/actualite\/4882\/chep-nestle-waters-france-et-combronde-engages-dans-une-demarche-vertueuse\">son site<\/a>.<\/p>\n\n\n\n<h2 class=\"wp-block-heading\"><strong>Vers une d\u00e9carbonation totale des transports de marchandises en ville&nbsp;?<\/strong><\/h2>\n\n\n\n<p>Un groupe de travail, le Deep Decarbonization Pathways (DDP), compos\u00e9 de l\u2019IFSTTAR, du CIRED, d\u2019EDF R&amp;D et de l\u2019Iddri m\u00e8ne notamment une r\u00e9flexion sur la d\u00e9carbonation du <strong>transport de marchandises<\/strong> en France. Le rapport d\u00e9di\u00e9, baptis\u00e9, <a href=\"http:\/\/iddri.org\/sites\/default\/files\/PDF\/Publications\/Catalogue%20Iddri\/Rapport\/202003-rapport%20fret%20FR_2.pdf\"><em>Trajectoires de d\u00e9carbonation profonde du transport de marchandises<\/em><\/a>, comprend deux sc\u00e9narios pour atteindre la d\u00e9carbonation compl\u00e8te du <strong>transport de marchandises<\/strong> en 2050, bas\u00e9s sur piliers diff\u00e9rents. <em>\u00ab&nbsp;Le premier sc\u00e9nario repose essentiellement sur des piliers \u00e9nerg\u00e9tiques li\u00e9s \u00e0 l\u2019am\u00e9lioration des consommations d\u2019\u00e9nergie des v\u00e9hicules et \u00e0 l\u2019usage exclusif de sources d\u2019\u00e9nergies d\u00e9carbon\u00e9es, et ce malgr\u00e9 une augmentation de la demande de transport de marchandises. Le second sc\u00e9nario repose quant \u00e0 lui sur une r\u00e9partition plus \u00e9quilibr\u00e9e des efforts entre les diff\u00e9rents piliers de la d\u00e9carbonation et met \u00e9galement l&rsquo;accent sur les changements potentiels dans la structure de la demande de marchandises, que ce soit en quantit\u00e9s ou en distances parcourues&nbsp;\u00bb,<\/em> explique le groupe de travail.<\/p>\n\n\n\n<p>Et si ces deux sc\u00e9narios <em>\u00ab&nbsp;se distinguent \u00e9galement par leurs cons\u00e9quences sur d\u2019autres crit\u00e8res de durabilit\u00e9\u00bb<\/em>, ils concluent n\u00e9anmoins \u00e0 une d\u00e9carbonation totale du <strong>transport de marchandises<\/strong> terrestres.<\/p>\n\n\n\n<p><strong>Sources&nbsp;:<\/strong><\/p>\n\n\n\n<ul class=\"wp-block-list\"><li><a href=\"https:\/\/www.cerema.fr\/fr\/actualites\/dossier-mobilites-decarbonees-construction-21-enjeux\">https:\/\/www.cerema.fr\/fr\/actualites\/dossier-mobilites-decarbonees-construction-21-enjeux<\/a><\/li><li><a href=\"https:\/\/www.construction21.org\/france\/articles\/h\/dossier-mobilites-1-la-decarbonation-de-la-mobilite-un-enjeu-multiscalaire-et-multiacteurs.html\">https:\/\/www.construction21.org\/france\/articles\/h\/dossier-mobilites-1-la-decarbonation-de-la-mobilite-un-enjeu-multiscalaire-et-multiacteurs.html<\/a><\/li><li><a href=\"https:\/\/www.voxlog.fr\/actualite\/4882\/chep-nestle-waters-france-et-combronde-engages-dans-une-demarche-vertueuse\">https:\/\/www.voxlog.fr\/actualite\/4882\/chep-nestle-waters-france-et-combronde-engages-dans-une-demarche-vertueuse<\/a><\/li><\/ul>\n","protected":false},"excerpt":{"rendered":"<p>La d\u00e9carbonation consiste pour une entreprise, un pays, une \u00e9conomie, \u00e0 limiter et r\u00e9duire ses \u00e9missions de gaz \u00e0 effet de serre. En France, dans le contexte de \u00ab France Relance \u00bb, des mesures de d\u00e9carbonation de l\u2019industrie ont \u00e9t\u00e9&#8230;<\/p>\n","protected":false},"author":2,"featured_media":3044,"comment_status":"closed","ping_status":"closed","sticky":false,"template":"","format":"standard","meta":{"_acf_changed":false,"twitterCardType":"","cardImageID":0,"cardImage":"","cardTitle":"","cardDesc":"","cardImageAlt":"","cardPlayer":"","cardPlayerWidth":0,"cardPlayerHeight":0,"cardPlayerStream":"","cardPlayerCodec":"","footnotes":""},"categories":[23],"tags":[],"class_list":["post-3040","post","type-post","status-publish","format-standard","has-post-thumbnail","hentry","category-rse"],"acf":[],"yoast_head":"<!-- This site is optimized with the Yoast SEO plugin v27.0 - https:\/\/yoast.com\/product\/yoast-seo-wordpress\/ -->\n<title>Les leviers de la d\u00e9carbonation en transport urbain | Star Service<\/title>\n<meta name=\"description\" content=\"La d\u00e9carbonation consiste pour une entreprise, un pays, une \u00e9conomie, \u00e0 limiter et r\u00e9duire ses \u00e9missions de gaz \u00e0 effet de serre.\" \/>\n<meta name=\"robots\" content=\"index, follow, max-snippet:-1, max-image-preview:large, max-video-preview:-1\" \/>\n<link rel=\"canonical\" href=\"https:\/\/www.groupestarservice.com\/blog\/les-leviers-de-la-decarbonation-en-transport-logistique-urbaine\/\" \/>\n<meta property=\"og:locale\" content=\"fr_FR\" \/>\n<meta property=\"og:type\" content=\"article\" \/>\n<meta property=\"og:title\" content=\"Les leviers de la d\u00e9carbonation en transport urbain | Star Service\" \/>\n<meta property=\"og:description\" content=\"La d\u00e9carbonation consiste pour une entreprise, un pays, une \u00e9conomie, \u00e0 limiter et r\u00e9duire ses \u00e9missions de gaz \u00e0 effet de serre.\" \/>\n<meta property=\"og:url\" content=\"https:\/\/www.groupestarservice.com\/blog\/les-leviers-de-la-decarbonation-en-transport-logistique-urbaine\/\" \/>\n<meta property=\"og:site_name\" content=\"Star Service - Le rendez-vous du dernier km\" \/>\n<meta property=\"article:published_time\" content=\"2021-04-08T12:39:21+00:00\" \/>\n<meta property=\"article:modified_time\" content=\"2021-08-26T12:47:45+00:00\" \/>\n<meta property=\"og:image\" content=\"https:\/\/www.groupestarservice.com\/blog\/wp-content\/uploads\/2021\/04\/x_Header_article2.jpg\" \/>\n\t<meta property=\"og:image:width\" content=\"1920\" \/>\n\t<meta property=\"og:image:height\" content=\"890\" \/>\n\t<meta property=\"og:image:type\" content=\"image\/jpeg\" \/>\n<meta name=\"author\" content=\"cyma\" \/>\n<meta name=\"twitter:card\" content=\"summary_large_image\" \/>\n<meta name=\"twitter:creator\" content=\"@Starsservice\" \/>\n<meta name=\"twitter:site\" content=\"@Starsservice\" \/>\n<meta name=\"twitter:label1\" content=\"\u00c9crit par\" \/>\n\t<meta name=\"twitter:data1\" content=\"cyma\" \/>\n\t<meta name=\"twitter:label2\" content=\"Dur\u00e9e de lecture estim\u00e9e\" \/>\n\t<meta name=\"twitter:data2\" content=\"3 minutes\" \/>\n<script type=\"application\/ld+json\" class=\"yoast-schema-graph\">{\"@context\":\"https:\/\/schema.org\",\"@graph\":[{\"@type\":\"Article\",\"@id\":\"https:\/\/www.groupestarservice.com\/blog\/les-leviers-de-la-decarbonation-en-transport-logistique-urbaine\/#article\",\"isPartOf\":{\"@id\":\"https:\/\/www.groupestarservice.com\/blog\/les-leviers-de-la-decarbonation-en-transport-logistique-urbaine\/\"},\"author\":{\"name\":\"cyma\",\"@id\":\"https:\/\/www.groupestarservice.com\/blog\/#\/schema\/person\/2cd9c82e5121ab8f6aa61975d746e0d1\"},\"headline\":\"Les leviers de la d\u00e9carbonation en transport &#038; logistique urbaine\",\"datePublished\":\"2021-04-08T12:39:21+00:00\",\"dateModified\":\"2021-08-26T12:47:45+00:00\",\"mainEntityOfPage\":{\"@id\":\"https:\/\/www.groupestarservice.com\/blog\/les-leviers-de-la-decarbonation-en-transport-logistique-urbaine\/\"},\"wordCount\":642,\"image\":{\"@id\":\"https:\/\/www.groupestarservice.com\/blog\/les-leviers-de-la-decarbonation-en-transport-logistique-urbaine\/#primaryimage\"},\"thumbnailUrl\":\"https:\/\/www.groupestarservice.com\/blog\/wp-content\/uploads\/2021\/04\/x_Header_article2.jpg\",\"articleSection\":[\"RSE\"],\"inLanguage\":\"fr-FR\"},{\"@type\":\"WebPage\",\"@id\":\"https:\/\/www.groupestarservice.com\/blog\/les-leviers-de-la-decarbonation-en-transport-logistique-urbaine\/\",\"url\":\"https:\/\/www.groupestarservice.com\/blog\/les-leviers-de-la-decarbonation-en-transport-logistique-urbaine\/\",\"name\":\"Les leviers de la d\u00e9carbonation en transport urbain | Star Service\",\"isPartOf\":{\"@id\":\"https:\/\/www.groupestarservice.com\/blog\/#website\"},\"primaryImageOfPage\":{\"@id\":\"https:\/\/www.groupestarservice.com\/blog\/les-leviers-de-la-decarbonation-en-transport-logistique-urbaine\/#primaryimage\"},\"image\":{\"@id\":\"https:\/\/www.groupestarservice.com\/blog\/les-leviers-de-la-decarbonation-en-transport-logistique-urbaine\/#primaryimage\"},\"thumbnailUrl\":\"https:\/\/www.groupestarservice.com\/blog\/wp-content\/uploads\/2021\/04\/x_Header_article2.jpg\",\"datePublished\":\"2021-04-08T12:39:21+00:00\",\"dateModified\":\"2021-08-26T12:47:45+00:00\",\"author\":{\"@id\":\"https:\/\/www.groupestarservice.com\/blog\/#\/schema\/person\/2cd9c82e5121ab8f6aa61975d746e0d1\"},\"description\":\"La d\u00e9carbonation consiste pour une entreprise, un pays, une \u00e9conomie, \u00e0 limiter et r\u00e9duire ses \u00e9missions de gaz \u00e0 effet de serre.\",\"breadcrumb\":{\"@id\":\"https:\/\/www.groupestarservice.com\/blog\/les-leviers-de-la-decarbonation-en-transport-logistique-urbaine\/#breadcrumb\"},\"inLanguage\":\"fr-FR\",\"potentialAction\":[{\"@type\":\"ReadAction\",\"target\":[\"https:\/\/www.groupestarservice.com\/blog\/les-leviers-de-la-decarbonation-en-transport-logistique-urbaine\/\"]}]},{\"@type\":\"ImageObject\",\"inLanguage\":\"fr-FR\",\"@id\":\"https:\/\/www.groupestarservice.com\/blog\/les-leviers-de-la-decarbonation-en-transport-logistique-urbaine\/#primaryimage\",\"url\":\"https:\/\/www.groupestarservice.com\/blog\/wp-content\/uploads\/2021\/04\/x_Header_article2.jpg\",\"contentUrl\":\"https:\/\/www.groupestarservice.com\/blog\/wp-content\/uploads\/2021\/04\/x_Header_article2.jpg\",\"width\":1920,\"height\":890,\"caption\":\"les leviers de d\u00e9carbonation en transport\"},{\"@type\":\"BreadcrumbList\",\"@id\":\"https:\/\/www.groupestarservice.com\/blog\/les-leviers-de-la-decarbonation-en-transport-logistique-urbaine\/#breadcrumb\",\"itemListElement\":[{\"@type\":\"ListItem\",\"position\":1,\"name\":\"Accueil\",\"item\":\"https:\/\/www.groupestarservice.com\/blog\/\"},{\"@type\":\"ListItem\",\"position\":2,\"name\":\"Les leviers de la d\u00e9carbonation en transport &#038; logistique urbaine\"}]},{\"@type\":\"WebSite\",\"@id\":\"https:\/\/www.groupestarservice.com\/blog\/#website\",\"url\":\"https:\/\/www.groupestarservice.com\/blog\/\",\"name\":\"Star Service - Le rendez-vous du dernier km\",\"description\":\"\",\"potentialAction\":[{\"@type\":\"SearchAction\",\"target\":{\"@type\":\"EntryPoint\",\"urlTemplate\":\"https:\/\/www.groupestarservice.com\/blog\/?s={search_term_string}\"},\"query-input\":{\"@type\":\"PropertyValueSpecification\",\"valueRequired\":true,\"valueName\":\"search_term_string\"}}],\"inLanguage\":\"fr-FR\"},{\"@type\":\"Person\",\"@id\":\"https:\/\/www.groupestarservice.com\/blog\/#\/schema\/person\/2cd9c82e5121ab8f6aa61975d746e0d1\",\"name\":\"cyma\",\"image\":{\"@type\":\"ImageObject\",\"inLanguage\":\"fr-FR\",\"@id\":\"https:\/\/www.groupestarservice.com\/blog\/#\/schema\/person\/image\/\",\"url\":\"https:\/\/secure.gravatar.com\/avatar\/9b11ec004641ddc4ab2c2fcae2953aecd4f734fd8a0c354c98224ade6086999e?s=96&d=mm&r=g\",\"contentUrl\":\"https:\/\/secure.gravatar.com\/avatar\/9b11ec004641ddc4ab2c2fcae2953aecd4f734fd8a0c354c98224ade6086999e?s=96&d=mm&r=g\",\"caption\":\"cyma\"},\"url\":\"https:\/\/www.groupestarservice.com\/blog\/author\/claire\/\"}]}<\/script>\n<!-- \/ Yoast SEO plugin. -->","yoast_head_json":{"title":"Les leviers de la d\u00e9carbonation en transport urbain | Star Service","description":"La d\u00e9carbonation consiste pour une entreprise, un pays, une \u00e9conomie, \u00e0 limiter et r\u00e9duire ses \u00e9missions de gaz \u00e0 effet de serre.","robots":{"index":"index","follow":"follow","max-snippet":"max-snippet:-1","max-image-preview":"max-image-preview:large","max-video-preview":"max-video-preview:-1"},"canonical":"https:\/\/www.groupestarservice.com\/blog\/les-leviers-de-la-decarbonation-en-transport-logistique-urbaine\/","og_locale":"fr_FR","og_type":"article","og_title":"Les leviers de la d\u00e9carbonation en transport urbain | Star Service","og_description":"La d\u00e9carbonation consiste pour une entreprise, un pays, une \u00e9conomie, \u00e0 limiter et r\u00e9duire ses \u00e9missions de gaz \u00e0 effet de serre.","og_url":"https:\/\/www.groupestarservice.com\/blog\/les-leviers-de-la-decarbonation-en-transport-logistique-urbaine\/","og_site_name":"Star Service - Le rendez-vous du dernier km","article_published_time":"2021-04-08T12:39:21+00:00","article_modified_time":"2021-08-26T12:47:45+00:00","og_image":[{"width":1920,"height":890,"url":"https:\/\/www.groupestarservice.com\/blog\/wp-content\/uploads\/2021\/04\/x_Header_article2.jpg","type":"image\/jpeg"}],"author":"cyma","twitter_card":"summary_large_image","twitter_creator":"@Starsservice","twitter_site":"@Starsservice","twitter_misc":{"\u00c9crit par":"cyma","Dur\u00e9e de lecture estim\u00e9e":"3 minutes"},"schema":{"@context":"https:\/\/schema.org","@graph":[{"@type":"Article","@id":"https:\/\/www.groupestarservice.com\/blog\/les-leviers-de-la-decarbonation-en-transport-logistique-urbaine\/#article","isPartOf":{"@id":"https:\/\/www.groupestarservice.com\/blog\/les-leviers-de-la-decarbonation-en-transport-logistique-urbaine\/"},"author":{"name":"cyma","@id":"https:\/\/www.groupestarservice.com\/blog\/#\/schema\/person\/2cd9c82e5121ab8f6aa61975d746e0d1"},"headline":"Les leviers de la d\u00e9carbonation en transport &#038; logistique urbaine","datePublished":"2021-04-08T12:39:21+00:00","dateModified":"2021-08-26T12:47:45+00:00","mainEntityOfPage":{"@id":"https:\/\/www.groupestarservice.com\/blog\/les-leviers-de-la-decarbonation-en-transport-logistique-urbaine\/"},"wordCount":642,"image":{"@id":"https:\/\/www.groupestarservice.com\/blog\/les-leviers-de-la-decarbonation-en-transport-logistique-urbaine\/#primaryimage"},"thumbnailUrl":"https:\/\/www.groupestarservice.com\/blog\/wp-content\/uploads\/2021\/04\/x_Header_article2.jpg","articleSection":["RSE"],"inLanguage":"fr-FR"},{"@type":"WebPage","@id":"https:\/\/www.groupestarservice.com\/blog\/les-leviers-de-la-decarbonation-en-transport-logistique-urbaine\/","url":"https:\/\/www.groupestarservice.com\/blog\/les-leviers-de-la-decarbonation-en-transport-logistique-urbaine\/","name":"Les leviers de la d\u00e9carbonation en transport urbain | Star Service","isPartOf":{"@id":"https:\/\/www.groupestarservice.com\/blog\/#website"},"primaryImageOfPage":{"@id":"https:\/\/www.groupestarservice.com\/blog\/les-leviers-de-la-decarbonation-en-transport-logistique-urbaine\/#primaryimage"},"image":{"@id":"https:\/\/www.groupestarservice.com\/blog\/les-leviers-de-la-decarbonation-en-transport-logistique-urbaine\/#primaryimage"},"thumbnailUrl":"https:\/\/www.groupestarservice.com\/blog\/wp-content\/uploads\/2021\/04\/x_Header_article2.jpg","datePublished":"2021-04-08T12:39:21+00:00","dateModified":"2021-08-26T12:47:45+00:00","author":{"@id":"https:\/\/www.groupestarservice.com\/blog\/#\/schema\/person\/2cd9c82e5121ab8f6aa61975d746e0d1"},"description":"La d\u00e9carbonation consiste pour une entreprise, un pays, une \u00e9conomie, \u00e0 limiter et r\u00e9duire ses \u00e9missions de gaz \u00e0 effet de serre.","breadcrumb":{"@id":"https:\/\/www.groupestarservice.com\/blog\/les-leviers-de-la-decarbonation-en-transport-logistique-urbaine\/#breadcrumb"},"inLanguage":"fr-FR","potentialAction":[{"@type":"ReadAction","target":["https:\/\/www.groupestarservice.com\/blog\/les-leviers-de-la-decarbonation-en-transport-logistique-urbaine\/"]}]},{"@type":"ImageObject","inLanguage":"fr-FR","@id":"https:\/\/www.groupestarservice.com\/blog\/les-leviers-de-la-decarbonation-en-transport-logistique-urbaine\/#primaryimage","url":"https:\/\/www.groupestarservice.com\/blog\/wp-content\/uploads\/2021\/04\/x_Header_article2.jpg","contentUrl":"https:\/\/www.groupestarservice.com\/blog\/wp-content\/uploads\/2021\/04\/x_Header_article2.jpg","width":1920,"height":890,"caption":"les leviers de d\u00e9carbonation en transport"},{"@type":"BreadcrumbList","@id":"https:\/\/www.groupestarservice.com\/blog\/les-leviers-de-la-decarbonation-en-transport-logistique-urbaine\/#breadcrumb","itemListElement":[{"@type":"ListItem","position":1,"name":"Accueil","item":"https:\/\/www.groupestarservice.com\/blog\/"},{"@type":"ListItem","position":2,"name":"Les leviers de la d\u00e9carbonation en transport &#038; logistique urbaine"}]},{"@type":"WebSite","@id":"https:\/\/www.groupestarservice.com\/blog\/#website","url":"https:\/\/www.groupestarservice.com\/blog\/","name":"Star Service - Le rendez-vous du dernier km","description":"","potentialAction":[{"@type":"SearchAction","target":{"@type":"EntryPoint","urlTemplate":"https:\/\/www.groupestarservice.com\/blog\/?s={search_term_string}"},"query-input":{"@type":"PropertyValueSpecification","valueRequired":true,"valueName":"search_term_string"}}],"inLanguage":"fr-FR"},{"@type":"Person","@id":"https:\/\/www.groupestarservice.com\/blog\/#\/schema\/person\/2cd9c82e5121ab8f6aa61975d746e0d1","name":"cyma","image":{"@type":"ImageObject","inLanguage":"fr-FR","@id":"https:\/\/www.groupestarservice.com\/blog\/#\/schema\/person\/image\/","url":"https:\/\/secure.gravatar.com\/avatar\/9b11ec004641ddc4ab2c2fcae2953aecd4f734fd8a0c354c98224ade6086999e?s=96&d=mm&r=g","contentUrl":"https:\/\/secure.gravatar.com\/avatar\/9b11ec004641ddc4ab2c2fcae2953aecd4f734fd8a0c354c98224ade6086999e?s=96&d=mm&r=g","caption":"cyma"},"url":"https:\/\/www.groupestarservice.com\/blog\/author\/claire\/"}]}},"_links":{"self":[{"href":"https:\/\/www.groupestarservice.com\/blog\/wp-json\/wp\/v2\/posts\/3040","targetHints":{"allow":["GET"]}}],"collection":[{"href":"https:\/\/www.groupestarservice.com\/blog\/wp-json\/wp\/v2\/posts"}],"about":[{"href":"https:\/\/www.groupestarservice.com\/blog\/wp-json\/wp\/v2\/types\/post"}],"author":[{"embeddable":true,"href":"https:\/\/www.groupestarservice.com\/blog\/wp-json\/wp\/v2\/users\/2"}],"replies":[{"embeddable":true,"href":"https:\/\/www.groupestarservice.com\/blog\/wp-json\/wp\/v2\/comments?post=3040"}],"version-history":[{"count":1,"href":"https:\/\/www.groupestarservice.com\/blog\/wp-json\/wp\/v2\/posts\/3040\/revisions"}],"predecessor-version":[{"id":3041,"href":"https:\/\/www.groupestarservice.com\/blog\/wp-json\/wp\/v2\/posts\/3040\/revisions\/3041"}],"wp:featuredmedia":[{"embeddable":true,"href":"https:\/\/www.groupestarservice.com\/blog\/wp-json\/wp\/v2\/media\/3044"}],"wp:attachment":[{"href":"https:\/\/www.groupestarservice.com\/blog\/wp-json\/wp\/v2\/media?parent=3040"}],"wp:term":[{"taxonomy":"category","embeddable":true,"href":"https:\/\/www.groupestarservice.com\/blog\/wp-json\/wp\/v2\/categories?post=3040"},{"taxonomy":"post_tag","embeddable":true,"href":"https:\/\/www.groupestarservice.com\/blog\/wp-json\/wp\/v2\/tags?post=3040"}],"curies":[{"name":"wp","href":"https:\/\/api.w.org\/{rel}","templated":true}]}}