{"id":30710,"date":"2025-09-05T14:16:56","date_gmt":"2025-09-05T12:16:56","guid":{"rendered":"https:\/\/www.groupestarservice.com\/blog\/?p=30710"},"modified":"2025-09-05T14:20:05","modified_gmt":"2025-09-05T12:20:05","slug":"en-ete-les-livraisons-ne-connaissent-pas-de-vacances","status":"publish","type":"post","link":"https:\/\/www.groupestarservice.com\/blog\/en-ete-les-livraisons-ne-connaissent-pas-de-vacances\/","title":{"rendered":"En \u00e9t\u00e9, les livraisons ne connaissent pas de vacances !"},"content":{"rendered":"\n<p><strong><em>Le secteur de la logistique ne conna\u00eet pas de grandes vacances durant la p\u00e9riode estivale. En France,\u00a0l\u2019\u00e9t\u00e9 correspond \u00e0 la fermeture des administrations et des services publics (en premier lieu scolaires). Mais certains secteurs professionnels (caf\u00e9s, h\u00f4tels, restaurants\u2026) font face \u00e0 un pic d\u2019activit\u00e9 d\u00fb \u00e0 la saisonnalit\u00e9 plus ou moins marqu\u00e9e de leur fr\u00e9quentation en \u00e9t\u00e9. Quels sont les impacts sur la <a href=\"https:\/\/www.groupestarservice.com\/logistique-du-dernier-kilometre\/\" target=\"_blank\" rel=\"noreferrer noopener\">livraison du dernier kilom\u00e8tre\u00a0<\/a>?<\/em><\/strong><\/p>\n\n\n\n<p><strong><em>Une pression d\u00e9mographique r\u00e9percut\u00e9e sur les livraisons<\/em><\/strong><\/p>\n\n\n\n<p>Certains territoires touristiques, littoraux et insulaires voient leur <strong>population fortement augmenter<\/strong> durant cette p\u00e9riode. Sur les 11,5 millions de touristes accueillis sur la <strong>C\u00f4te d\u2019Azur<\/strong> en 2024, presque la moiti\u00e9 y a s\u00e9journ\u00e9 entre juin et septembre \u2013 et jusqu\u2019\u00e0 650 000 lors du weekend du 15 ao\u00fbt \u2013 alors que les Alpes-Maritimes comptent 1,2 million d\u2019habitants. Soit un <em>ratio<\/em> de presque <strong>1 habitant pour 6 touristes durant la saison estivale<sup>1<\/sup><\/strong>.<\/p>\n\n\n\n<p>L\u2019augmentation des besoins de consommation qui en r\u00e9sulte g\u00e9n\u00e8re des <strong>hausses<\/strong> de livraisons en <strong>nombre<\/strong>, en <strong>volume<\/strong> et en <strong>fr\u00e9quence<\/strong>, \u00e0 destination des <strong>professionnels<\/strong>, mais aussi des <strong>particuliers<\/strong> (r\u00e9sidents ou touristes) qui se font <a href=\"https:\/\/www.groupestarservice.com\/livraison-a-domicile\/\" target=\"_blank\" rel=\"noreferrer noopener\">livrer \u00e0 domicile<\/a> des colis, des repas ou des courses alimentaires <em>via<\/em> les sites et applications de e-commerce.<\/p>\n\n\n\n<p><strong><em>Un dernier kilom\u00e8tre sous tension<\/em><\/strong><\/p>\n\n\n\n<p>Cette hausse de livraisons, ajout\u00e9e au trafic habituel, accentue \u00e0 la fois la <strong>tension sur les cha\u00eenes logistiques<\/strong> (saturation des espaces de stockage, multiplication des rotations, livraison de d\u00e9pannage\u2026) et la <strong>pression sur les axes routiers<\/strong>, tant pour acc\u00e9der aux espaces urbains que pour y parcourir le dernier kilom\u00e8tre (congestion, p\u00e9nurie de stationnement, occupation illicite ou abusive des aires de livraisons\u2026).<\/p>\n\n\n\n<p>Ces <strong>difficult\u00e9s<\/strong> n\u2019affectent pas de la m\u00eame mani\u00e8re tous les territoires concentrant un afflux touristique. Elles sont <strong>exacerb\u00e9es<\/strong> dans des espaces urbains accessibles par un <strong>nombre limit\u00e9 d\u2019axes routiers p\u00e9n\u00e9trants<\/strong> du fait de leur configuration topographique (comme Le Croisic, Quiberon, le Cap Ferret ou les \u00eeles non reli\u00e9es au continent comme Porquerolles) ; et parcourables \u00e0 travers un <strong>tissu urbain dense, \u00e9troit, sinueux ou en d\u00e9clivit\u00e9<\/strong> du fait de leur am\u00e9nagement historique (comme Cassis ou des villes de la C\u00f4te Vermeille).<\/p>\n\n\n\n<p>L\u2019enjeu consiste \u00e0 <strong>limiter<\/strong> l\u2019ampleur et l\u2019impact des <strong>externalit\u00e9s n\u00e9gatives<\/strong> g\u00e9n\u00e9r\u00e9es par cette p\u00e9riode de forte affluence due \u00e0 la conjonction de ces activit\u00e9s logistiques intenses avec le trafic routier (habituel ou touristique).<\/p>\n\n\n\n<p><strong><em>Des solutions pour une logistique estivale soutenable<\/em><\/strong><\/p>\n\n\n\n<p>Afin de r\u00e9duire les distances parcourues par les v\u00e9hicules de livraisons, il est possible de d\u00e9velopper les <strong>livraisons hors-domicile<\/strong> des produits pouvant faire l\u2019objet d\u2019une <strong>rupture de charge<\/strong> (cartons et colis en faible volume et grammage)&nbsp;: dans des <strong>points-relais<\/strong> assur\u00e9s par les commerces ouverts durant la p\u00e9riode estivale (sup\u00e9rettes, boutiques souvenirs, etc.) ou dans des <strong>consignes automatiques<\/strong> install\u00e9s dans les quartiers les plus commerciaux.<\/p>\n\n\n\n<p>Le <strong>report modal<\/strong> des livraisons vers des modes doux, comme la <strong>cyclo-logistique<\/strong>, peut aussi contribuer \u00e0 r\u00e9duire la pollution et \u00e0 apaiser les centres-villes tr\u00e8s fr\u00e9quent\u00e9s. Ce mode de <a href=\"https:\/\/www.groupestarservice.com\/logistique-ecologique\/\" target=\"_blank\" rel=\"noreferrer noopener\">livraison \u00e9cologique<\/a> convient aux produits de volume et de poids limit\u00e9s, et m\u00eame alimentaires (secs ou frais) gr\u00e2ce \u00e0 des <strong>compartiments isothermes ou r\u00e9frig\u00e9r\u00e9s<\/strong> indispensables au maintien de la cha\u00eene du froid. Cette solution est d\u00e9j\u00e0 exp\u00e9riment\u00e9e dans des villes comme Angers ou Tours pour des livraisons quotidiennes aux particuliers.<\/p>\n\n\n\n<p>Pour les marchandises lourdes ou encombrantes (comme les boissons), la <strong>transition \u00e9nerg\u00e9tique vers des flottes<\/strong> moins polluantes et \u00e9mettrices de gaz \u00e0 effet de serre est une option, notamment pour faire face \u00e0 des r\u00e9glementations contraignantes. Les restrictions d\u2019acc\u00e8s aux secteurs pi\u00e9tonnis\u00e9s pour les v\u00e9hicules de livraison, avec l\u2019am\u00e9nagement d\u2019une <strong>plage-horaires<\/strong> sp\u00e9cialement d\u00e9di\u00e9e avant l\u2019affluence touristique, sont fr\u00e9quentes. A Cassis, en haute saison, le port est par exemple interdit aux circulations motoris\u00e9es \u00e0 partir de 11h avec la fermeture de ses acc\u00e8s par des barri\u00e8res strictement contr\u00f4l\u00e9s par des policiers municipaux. Les restaurants et h\u00f4tels du port sont ainsi livr\u00e9s le matin.<\/p>\n\n\n\n<p>Diff\u00e9rentes solutions existent donc pour assurer la continuit\u00e9 des cha\u00eenes de livraisons en tension durant la haute saison dans les centres-villes urbanis\u00e9s \u00e0 la fr\u00e9quentation dop\u00e9e par l\u2019afflux de touristes. Le choix de chaque solution d\u00e9pend de la nature et du volume des marchandises \u00e0 livrer, ainsi que des sp\u00e9cificit\u00e9s fonctionnelles, organisationnelles et touristiques de chaque territoire.<br><br><\/p>\n\n\n\n<p><sup>1<\/sup>C\u00f4te d\u2019Azur France Tourisme, Chiffres Cl\u00e9s, \u00e9dition 2024 (Lien URL\u00a0: <a href=\"https:\/\/cotedazurfrance.fr\/professionnels-du-tourisme\/actualites\/barometre-chiffre-cles\/\" target=\"_blank\" rel=\"noreferrer noopener\">Barom\u00e8tre chiffres cl\u00e9s 2024 | Destination C\u00f4te d\u2019Azur France \u2013 Le Site officiel<\/a>)<\/p>\n\n\n\n<p><\/p>\n","protected":false},"excerpt":{"rendered":"<p>Le secteur de la logistique ne conna\u00eet pas de grandes vacances durant la p\u00e9riode estivale. En France,\u00a0l\u2019\u00e9t\u00e9 correspond \u00e0 la fermeture des administrations et des services publics (en premier lieu scolaires). Mais certains secteurs professionnels (caf\u00e9s, h\u00f4tels, restaurants\u2026) font face&#8230;<\/p>\n","protected":false},"author":7,"featured_media":30711,"comment_status":"closed","ping_status":"closed","sticky":false,"template":"","format":"standard","meta":{"_acf_changed":false,"twitterCardType":"","cardImageID":0,"cardImage":"","cardTitle":"","cardDesc":"","cardImageAlt":"","cardPlayer":"","cardPlayerWidth":0,"cardPlayerHeight":0,"cardPlayerStream":"","cardPlayerCodec":"","footnotes":""},"categories":[25,26,36],"tags":[],"class_list":["post-30710","post","type-post","status-publish","format-standard","has-post-thumbnail","hentry","category-experience-client","category-informations-marche","category-transport-logistique"],"acf":[],"yoast_head":"<!-- This site is optimized with the Yoast SEO plugin v27.0 - https:\/\/yoast.com\/product\/yoast-seo-wordpress\/ -->\n<title>En \u00e9t\u00e9, les livraisons ne connaissent pas de vacances !<\/title>\n<meta name=\"robots\" content=\"index, follow, max-snippet:-1, max-image-preview:large, max-video-preview:-1\" \/>\n<link rel=\"canonical\" href=\"https:\/\/www.groupestarservice.com\/blog\/en-ete-les-livraisons-ne-connaissent-pas-de-vacances\/\" \/>\n<meta property=\"og:locale\" content=\"fr_FR\" \/>\n<meta property=\"og:type\" content=\"article\" \/>\n<meta property=\"og:title\" content=\"En \u00e9t\u00e9, les livraisons ne connaissent pas de vacances !\" \/>\n<meta property=\"og:description\" content=\"Le secteur de la logistique ne conna\u00eet pas de grandes vacances durant la p\u00e9riode estivale. En France,\u00a0l\u2019\u00e9t\u00e9 correspond \u00e0 la fermeture des administrations et des services publics (en premier lieu scolaires). Mais certains secteurs professionnels (caf\u00e9s, h\u00f4tels, restaurants\u2026) font face...\" \/>\n<meta property=\"og:url\" content=\"https:\/\/www.groupestarservice.com\/blog\/en-ete-les-livraisons-ne-connaissent-pas-de-vacances\/\" \/>\n<meta property=\"og:site_name\" content=\"Star Service - Le rendez-vous du dernier km\" \/>\n<meta property=\"article:published_time\" content=\"2025-09-05T12:16:56+00:00\" \/>\n<meta property=\"article:modified_time\" content=\"2025-09-05T12:20:05+00:00\" \/>\n<meta property=\"og:image\" content=\"https:\/\/www.groupestarservice.com\/blog\/wp-content\/uploads\/2025\/09\/AdobeStock_1333833598-scaled.jpeg\" \/>\n\t<meta property=\"og:image:width\" content=\"2560\" \/>\n\t<meta property=\"og:image:height\" content=\"1752\" \/>\n\t<meta property=\"og:image:type\" content=\"image\/jpeg\" \/>\n<meta name=\"author\" content=\"therizol\" \/>\n<meta name=\"twitter:card\" content=\"summary_large_image\" \/>\n<meta name=\"twitter:creator\" content=\"@Starsservice\" \/>\n<meta name=\"twitter:site\" content=\"@Starsservice\" \/>\n<meta name=\"twitter:label1\" content=\"\u00c9crit par\" \/>\n\t<meta name=\"twitter:data1\" content=\"therizol\" \/>\n\t<meta name=\"twitter:label2\" content=\"Dur\u00e9e de lecture estim\u00e9e\" \/>\n\t<meta name=\"twitter:data2\" content=\"4 minutes\" \/>\n<script type=\"application\/ld+json\" class=\"yoast-schema-graph\">{\"@context\":\"https:\/\/schema.org\",\"@graph\":[{\"@type\":\"Article\",\"@id\":\"https:\/\/www.groupestarservice.com\/blog\/en-ete-les-livraisons-ne-connaissent-pas-de-vacances\/#article\",\"isPartOf\":{\"@id\":\"https:\/\/www.groupestarservice.com\/blog\/en-ete-les-livraisons-ne-connaissent-pas-de-vacances\/\"},\"author\":{\"name\":\"therizol\",\"@id\":\"https:\/\/www.groupestarservice.com\/blog\/#\/schema\/person\/81d0add9a60f60bbb2c5ee773a8ab03f\"},\"headline\":\"En \u00e9t\u00e9, les livraisons ne connaissent pas de vacances !\",\"datePublished\":\"2025-09-05T12:16:56+00:00\",\"dateModified\":\"2025-09-05T12:20:05+00:00\",\"mainEntityOfPage\":{\"@id\":\"https:\/\/www.groupestarservice.com\/blog\/en-ete-les-livraisons-ne-connaissent-pas-de-vacances\/\"},\"wordCount\":802,\"image\":{\"@id\":\"https:\/\/www.groupestarservice.com\/blog\/en-ete-les-livraisons-ne-connaissent-pas-de-vacances\/#primaryimage\"},\"thumbnailUrl\":\"https:\/\/www.groupestarservice.com\/blog\/wp-content\/uploads\/2025\/09\/AdobeStock_1333833598-scaled.jpeg\",\"articleSection\":[\"Exp\u00e9rience client\",\"Informations march\u00e9\",\"Transport Logistique\"],\"inLanguage\":\"fr-FR\"},{\"@type\":\"WebPage\",\"@id\":\"https:\/\/www.groupestarservice.com\/blog\/en-ete-les-livraisons-ne-connaissent-pas-de-vacances\/\",\"url\":\"https:\/\/www.groupestarservice.com\/blog\/en-ete-les-livraisons-ne-connaissent-pas-de-vacances\/\",\"name\":\"En \u00e9t\u00e9, les livraisons ne connaissent pas de vacances !\",\"isPartOf\":{\"@id\":\"https:\/\/www.groupestarservice.com\/blog\/#website\"},\"primaryImageOfPage\":{\"@id\":\"https:\/\/www.groupestarservice.com\/blog\/en-ete-les-livraisons-ne-connaissent-pas-de-vacances\/#primaryimage\"},\"image\":{\"@id\":\"https:\/\/www.groupestarservice.com\/blog\/en-ete-les-livraisons-ne-connaissent-pas-de-vacances\/#primaryimage\"},\"thumbnailUrl\":\"https:\/\/www.groupestarservice.com\/blog\/wp-content\/uploads\/2025\/09\/AdobeStock_1333833598-scaled.jpeg\",\"datePublished\":\"2025-09-05T12:16:56+00:00\",\"dateModified\":\"2025-09-05T12:20:05+00:00\",\"author\":{\"@id\":\"https:\/\/www.groupestarservice.com\/blog\/#\/schema\/person\/81d0add9a60f60bbb2c5ee773a8ab03f\"},\"breadcrumb\":{\"@id\":\"https:\/\/www.groupestarservice.com\/blog\/en-ete-les-livraisons-ne-connaissent-pas-de-vacances\/#breadcrumb\"},\"inLanguage\":\"fr-FR\",\"potentialAction\":[{\"@type\":\"ReadAction\",\"target\":[\"https:\/\/www.groupestarservice.com\/blog\/en-ete-les-livraisons-ne-connaissent-pas-de-vacances\/\"]}]},{\"@type\":\"ImageObject\",\"inLanguage\":\"fr-FR\",\"@id\":\"https:\/\/www.groupestarservice.com\/blog\/en-ete-les-livraisons-ne-connaissent-pas-de-vacances\/#primaryimage\",\"url\":\"https:\/\/www.groupestarservice.com\/blog\/wp-content\/uploads\/2025\/09\/AdobeStock_1333833598-scaled.jpeg\",\"contentUrl\":\"https:\/\/www.groupestarservice.com\/blog\/wp-content\/uploads\/2025\/09\/AdobeStock_1333833598-scaled.jpeg\",\"width\":2560,\"height\":1752},{\"@type\":\"BreadcrumbList\",\"@id\":\"https:\/\/www.groupestarservice.com\/blog\/en-ete-les-livraisons-ne-connaissent-pas-de-vacances\/#breadcrumb\",\"itemListElement\":[{\"@type\":\"ListItem\",\"position\":1,\"name\":\"Accueil\",\"item\":\"https:\/\/www.groupestarservice.com\/blog\/\"},{\"@type\":\"ListItem\",\"position\":2,\"name\":\"En \u00e9t\u00e9, les livraisons ne connaissent pas de vacances !\"}]},{\"@type\":\"WebSite\",\"@id\":\"https:\/\/www.groupestarservice.com\/blog\/#website\",\"url\":\"https:\/\/www.groupestarservice.com\/blog\/\",\"name\":\"Star Service - Le rendez-vous du dernier km\",\"description\":\"\",\"potentialAction\":[{\"@type\":\"SearchAction\",\"target\":{\"@type\":\"EntryPoint\",\"urlTemplate\":\"https:\/\/www.groupestarservice.com\/blog\/?s={search_term_string}\"},\"query-input\":{\"@type\":\"PropertyValueSpecification\",\"valueRequired\":true,\"valueName\":\"search_term_string\"}}],\"inLanguage\":\"fr-FR\"},{\"@type\":\"Person\",\"@id\":\"https:\/\/www.groupestarservice.com\/blog\/#\/schema\/person\/81d0add9a60f60bbb2c5ee773a8ab03f\",\"name\":\"therizol\",\"image\":{\"@type\":\"ImageObject\",\"inLanguage\":\"fr-FR\",\"@id\":\"https:\/\/www.groupestarservice.com\/blog\/#\/schema\/person\/image\/\",\"url\":\"https:\/\/secure.gravatar.com\/avatar\/4fd358b25c662c2d209008c1262395c0e130883ac945aa2205156694ed80ae12?s=96&d=mm&r=g\",\"contentUrl\":\"https:\/\/secure.gravatar.com\/avatar\/4fd358b25c662c2d209008c1262395c0e130883ac945aa2205156694ed80ae12?s=96&d=mm&r=g\",\"caption\":\"therizol\"},\"url\":\"https:\/\/www.groupestarservice.com\/blog\/author\/therizol\/\"}]}<\/script>\n<!-- \/ Yoast SEO plugin. -->","yoast_head_json":{"title":"En \u00e9t\u00e9, les livraisons ne connaissent pas de vacances !","robots":{"index":"index","follow":"follow","max-snippet":"max-snippet:-1","max-image-preview":"max-image-preview:large","max-video-preview":"max-video-preview:-1"},"canonical":"https:\/\/www.groupestarservice.com\/blog\/en-ete-les-livraisons-ne-connaissent-pas-de-vacances\/","og_locale":"fr_FR","og_type":"article","og_title":"En \u00e9t\u00e9, les livraisons ne connaissent pas de vacances !","og_description":"Le secteur de la logistique ne conna\u00eet pas de grandes vacances durant la p\u00e9riode estivale. En France,\u00a0l\u2019\u00e9t\u00e9 correspond \u00e0 la fermeture des administrations et des services publics (en premier lieu scolaires). Mais certains secteurs professionnels (caf\u00e9s, h\u00f4tels, restaurants\u2026) font face...","og_url":"https:\/\/www.groupestarservice.com\/blog\/en-ete-les-livraisons-ne-connaissent-pas-de-vacances\/","og_site_name":"Star Service - Le rendez-vous du dernier km","article_published_time":"2025-09-05T12:16:56+00:00","article_modified_time":"2025-09-05T12:20:05+00:00","og_image":[{"width":2560,"height":1752,"url":"https:\/\/www.groupestarservice.com\/blog\/wp-content\/uploads\/2025\/09\/AdobeStock_1333833598-scaled.jpeg","type":"image\/jpeg"}],"author":"therizol","twitter_card":"summary_large_image","twitter_creator":"@Starsservice","twitter_site":"@Starsservice","twitter_misc":{"\u00c9crit par":"therizol","Dur\u00e9e de lecture estim\u00e9e":"4 minutes"},"schema":{"@context":"https:\/\/schema.org","@graph":[{"@type":"Article","@id":"https:\/\/www.groupestarservice.com\/blog\/en-ete-les-livraisons-ne-connaissent-pas-de-vacances\/#article","isPartOf":{"@id":"https:\/\/www.groupestarservice.com\/blog\/en-ete-les-livraisons-ne-connaissent-pas-de-vacances\/"},"author":{"name":"therizol","@id":"https:\/\/www.groupestarservice.com\/blog\/#\/schema\/person\/81d0add9a60f60bbb2c5ee773a8ab03f"},"headline":"En \u00e9t\u00e9, les livraisons ne connaissent pas de vacances !","datePublished":"2025-09-05T12:16:56+00:00","dateModified":"2025-09-05T12:20:05+00:00","mainEntityOfPage":{"@id":"https:\/\/www.groupestarservice.com\/blog\/en-ete-les-livraisons-ne-connaissent-pas-de-vacances\/"},"wordCount":802,"image":{"@id":"https:\/\/www.groupestarservice.com\/blog\/en-ete-les-livraisons-ne-connaissent-pas-de-vacances\/#primaryimage"},"thumbnailUrl":"https:\/\/www.groupestarservice.com\/blog\/wp-content\/uploads\/2025\/09\/AdobeStock_1333833598-scaled.jpeg","articleSection":["Exp\u00e9rience client","Informations march\u00e9","Transport Logistique"],"inLanguage":"fr-FR"},{"@type":"WebPage","@id":"https:\/\/www.groupestarservice.com\/blog\/en-ete-les-livraisons-ne-connaissent-pas-de-vacances\/","url":"https:\/\/www.groupestarservice.com\/blog\/en-ete-les-livraisons-ne-connaissent-pas-de-vacances\/","name":"En \u00e9t\u00e9, les livraisons ne connaissent pas de vacances !","isPartOf":{"@id":"https:\/\/www.groupestarservice.com\/blog\/#website"},"primaryImageOfPage":{"@id":"https:\/\/www.groupestarservice.com\/blog\/en-ete-les-livraisons-ne-connaissent-pas-de-vacances\/#primaryimage"},"image":{"@id":"https:\/\/www.groupestarservice.com\/blog\/en-ete-les-livraisons-ne-connaissent-pas-de-vacances\/#primaryimage"},"thumbnailUrl":"https:\/\/www.groupestarservice.com\/blog\/wp-content\/uploads\/2025\/09\/AdobeStock_1333833598-scaled.jpeg","datePublished":"2025-09-05T12:16:56+00:00","dateModified":"2025-09-05T12:20:05+00:00","author":{"@id":"https:\/\/www.groupestarservice.com\/blog\/#\/schema\/person\/81d0add9a60f60bbb2c5ee773a8ab03f"},"breadcrumb":{"@id":"https:\/\/www.groupestarservice.com\/blog\/en-ete-les-livraisons-ne-connaissent-pas-de-vacances\/#breadcrumb"},"inLanguage":"fr-FR","potentialAction":[{"@type":"ReadAction","target":["https:\/\/www.groupestarservice.com\/blog\/en-ete-les-livraisons-ne-connaissent-pas-de-vacances\/"]}]},{"@type":"ImageObject","inLanguage":"fr-FR","@id":"https:\/\/www.groupestarservice.com\/blog\/en-ete-les-livraisons-ne-connaissent-pas-de-vacances\/#primaryimage","url":"https:\/\/www.groupestarservice.com\/blog\/wp-content\/uploads\/2025\/09\/AdobeStock_1333833598-scaled.jpeg","contentUrl":"https:\/\/www.groupestarservice.com\/blog\/wp-content\/uploads\/2025\/09\/AdobeStock_1333833598-scaled.jpeg","width":2560,"height":1752},{"@type":"BreadcrumbList","@id":"https:\/\/www.groupestarservice.com\/blog\/en-ete-les-livraisons-ne-connaissent-pas-de-vacances\/#breadcrumb","itemListElement":[{"@type":"ListItem","position":1,"name":"Accueil","item":"https:\/\/www.groupestarservice.com\/blog\/"},{"@type":"ListItem","position":2,"name":"En \u00e9t\u00e9, les livraisons ne connaissent pas de vacances !"}]},{"@type":"WebSite","@id":"https:\/\/www.groupestarservice.com\/blog\/#website","url":"https:\/\/www.groupestarservice.com\/blog\/","name":"Star Service - Le rendez-vous du dernier km","description":"","potentialAction":[{"@type":"SearchAction","target":{"@type":"EntryPoint","urlTemplate":"https:\/\/www.groupestarservice.com\/blog\/?s={search_term_string}"},"query-input":{"@type":"PropertyValueSpecification","valueRequired":true,"valueName":"search_term_string"}}],"inLanguage":"fr-FR"},{"@type":"Person","@id":"https:\/\/www.groupestarservice.com\/blog\/#\/schema\/person\/81d0add9a60f60bbb2c5ee773a8ab03f","name":"therizol","image":{"@type":"ImageObject","inLanguage":"fr-FR","@id":"https:\/\/www.groupestarservice.com\/blog\/#\/schema\/person\/image\/","url":"https:\/\/secure.gravatar.com\/avatar\/4fd358b25c662c2d209008c1262395c0e130883ac945aa2205156694ed80ae12?s=96&d=mm&r=g","contentUrl":"https:\/\/secure.gravatar.com\/avatar\/4fd358b25c662c2d209008c1262395c0e130883ac945aa2205156694ed80ae12?s=96&d=mm&r=g","caption":"therizol"},"url":"https:\/\/www.groupestarservice.com\/blog\/author\/therizol\/"}]}},"_links":{"self":[{"href":"https:\/\/www.groupestarservice.com\/blog\/wp-json\/wp\/v2\/posts\/30710","targetHints":{"allow":["GET"]}}],"collection":[{"href":"https:\/\/www.groupestarservice.com\/blog\/wp-json\/wp\/v2\/posts"}],"about":[{"href":"https:\/\/www.groupestarservice.com\/blog\/wp-json\/wp\/v2\/types\/post"}],"author":[{"embeddable":true,"href":"https:\/\/www.groupestarservice.com\/blog\/wp-json\/wp\/v2\/users\/7"}],"replies":[{"embeddable":true,"href":"https:\/\/www.groupestarservice.com\/blog\/wp-json\/wp\/v2\/comments?post=30710"}],"version-history":[{"count":4,"href":"https:\/\/www.groupestarservice.com\/blog\/wp-json\/wp\/v2\/posts\/30710\/revisions"}],"predecessor-version":[{"id":30715,"href":"https:\/\/www.groupestarservice.com\/blog\/wp-json\/wp\/v2\/posts\/30710\/revisions\/30715"}],"wp:featuredmedia":[{"embeddable":true,"href":"https:\/\/www.groupestarservice.com\/blog\/wp-json\/wp\/v2\/media\/30711"}],"wp:attachment":[{"href":"https:\/\/www.groupestarservice.com\/blog\/wp-json\/wp\/v2\/media?parent=30710"}],"wp:term":[{"taxonomy":"category","embeddable":true,"href":"https:\/\/www.groupestarservice.com\/blog\/wp-json\/wp\/v2\/categories?post=30710"},{"taxonomy":"post_tag","embeddable":true,"href":"https:\/\/www.groupestarservice.com\/blog\/wp-json\/wp\/v2\/tags?post=30710"}],"curies":[{"name":"wp","href":"https:\/\/api.w.org\/{rel}","templated":true}]}}