{"id":3202,"date":"2021-07-07T17:38:07","date_gmt":"2021-07-07T15:38:07","guid":{"rendered":"https:\/\/www.groupestarservice.com\/blog\/\/?p=3202"},"modified":"2024-05-02T08:41:31","modified_gmt":"2024-05-02T06:41:31","slug":"le-retrofit-des-vul-une-solution-pour-la-logistique-urbaine","status":"publish","type":"post","link":"https:\/\/www.groupestarservice.com\/blog\/le-retrofit-des-vul-une-solution-pour-la-logistique-urbaine\/","title":{"rendered":"Le r\u00e9trofit des VUL : une solution pour la logistique urbaine ?"},"content":{"rendered":"\n<p>Afin d\u2019acc\u00e9l\u00e9rer la transition \u00e9nerg\u00e9tique, le r\u00e9trofit \u00e9lectrique peut constituer un levier int\u00e9ressant pour les acteurs de la <a href=\"https:\/\/www.groupestarservice.com\/la-logistique-urbaine\/\">logistique urbaine<\/a>. Une r\u00e9cente \u00e9tude de l\u2019Ademe fait le point sur l\u2019int\u00e9r\u00eat, tant \u00e9cologique qu\u2019\u00e9conomique, de cette fili\u00e8re selon les usages.<strong><em>&nbsp;<\/em><\/strong><\/p>\n\n\n\n<p>D\u00e9mocratis\u00e9 par un arr\u00eat\u00e9 du 13 mars 2020 qui permet l\u2019homologation en s\u00e9rie de v\u00e9hicules r\u00e9trofit\u00e9s, le r\u00e9trofit permet d\u2019assurer la transformation d\u2019un v\u00e9hicule thermique en un v\u00e9hicule \u00e9lectrique. L\u2019op\u00e9ration consiste \u00e0 convertir les v\u00e9hicules thermiques en motorisation \u00e9lectrique \u00e0 batterie ou \u00e0 pile \u00e0 combustible. Une <a href=\"https:\/\/librairie.ademe.fr\/mobilite-et-transport\/4590-etude-retrofit.html\">r\u00e9cente \u00e9tude de l\u2019ADEME<\/a> s\u2019interroge sur l\u2019int\u00e9r\u00eat de cette pratique encore peu r\u00e9pandue et compare les b\u00e9n\u00e9fices environnementaux du r\u00e9trofit par rapport aux v\u00e9hicules thermiques et \u00e0 l\u2019achat de v\u00e9hicules \u00e9lectriques neufs.<\/p>\n\n\n\n<h2 class=\"wp-block-heading\"><strong>Un levier de r\u00e9duction d\u2019\u00e9missions de polluants<\/strong><\/h2>\n\n\n\n<p>L\u2019\u00e9tude de l\u2019ADEME soutient que le r\u00e9trofit de v\u00e9hicules thermiques en \u00e9lectrique est pertinent sur le plan environnemental. En effet, le r\u00e9emploi du v\u00e9hicule thermique permet d\u2019\u00e9conomiser des mati\u00e8res premi\u00e8res utilis\u00e9es pour la construction du v\u00e9hicule. Le r\u00e9trofit est d\u2019autant plus pertinent que le mix \u00e9nerg\u00e9tique fran\u00e7ais est bas carbone (l\u2019\u00e9lectricit\u00e9 produite est majoritairement d\u2019origine nucl\u00e9aire). Les \u00e9missions de gaz \u00e0 effet de serre induites par l\u2019usage de v\u00e9hicules \u00e9lectriques sont donc tr\u00e8s faibles. L\u2019analyse environnementale concerne tant les \u00e9missions de gaz \u00e0 effet de serre que la pollution de l\u2019air.<\/p>\n\n\n\n<p>Ainsi, le r\u00e9trofit s\u2019inscrit parfaitement dans une d\u00e9marche d\u2019\u00e9conomie circulaire. En effet, m\u00eame si le taux de recyclage des v\u00e9hicules hors d\u2019usage impos\u00e9 par la l\u00e9gislation est important (90%), la mati\u00e8re retrait\u00e9e sera moins qualitative et n\u00e9cessitera une consommation \u00e9nerg\u00e9tique importante. En r\u00e9employant la carrosserie d\u2019un v\u00e9hicule, une op\u00e9ration de r\u00e9trofit retarde donc la mise \u00e0 la casse et donne une seconde vie au v\u00e9hicule.<\/p>\n\n\n\n<h2 class=\"wp-block-heading\"><strong>Une solution pertinente pour les V\u00e9hicules Utilitaires&nbsp;?<\/strong><\/h2>\n\n\n\n<p>Selon l\u2019\u00e9tude de l\u2019Ademe, le r\u00e9trofit de VUL, qui ont un usage intensif et une dur\u00e9e de vie courte, serait moins pertinent que le r\u00e9trofit de fourgons dits \u00ab&nbsp;sp\u00e9ciaux&nbsp;\u00bb, c\u2019est-\u00e0-dire am\u00e9nag\u00e9s par exemple pour une activit\u00e9 d\u2019artisanat. Sur les territoires soumis aux ZFE (sujet <a href=\"https:\/\/www.groupestarservice.com\/blog\/\/nouvelles-zfe-de-grandes-ambitions-pour-des-faibles-emissions\/\">abord\u00e9 dans un pr\u00e9c\u00e9dent article<\/a>), le r\u00e9trofit de ces v\u00e9hicules peut donc \u00eatre une solution \u00e9conomique acceptable pour continuer de circuler dans ces zones. En effet, l\u2019\u00e9tude montre que cette option est plus rentable en comparaison \u00e0 l\u2019acquisition d\u2019un v\u00e9hicule neuf pour les fourgons sp\u00e9ciaux.<\/p>\n\n\n\n<p>Avec l\u2019hypoth\u00e8se de 5000km parcourus par an, l\u2019analyse des \u00e9missions entre leur 10<sup>\u00e8me<\/sup> et 20<sup>\u00e8me<\/sup> ann\u00e9e d\u2019utilisation montre que le r\u00e9trofit d\u2019un fourgon sp\u00e9cial thermique d\u00e8s l\u2019ann\u00e9e 10 permet de r\u00e9duire de 61% les \u00e9missions de GES par rapport \u00e0 un fourgon diesel dont l\u2019utilisation aurait \u00e9t\u00e9 prolong\u00e9e de 10 ans. Cette solution permet de r\u00e9duire \u00e9galement les \u00e9missions de 56% par rapport \u00e0 la mise \u00e0 la casse d\u2019un v\u00e9hicule diesel apr\u00e8s 10 ans d\u2019utilisation puis l\u2019achat d\u2019un v\u00e9hicule \u00e9lectrique neuf. De plus, dans un contexte o\u00f9 l\u2019offre de v\u00e9hicules \u00e9lectriques d\u2019occasion est quasiment inexistante, et o\u00f9 l\u2019offre de VUL \u00e9lectriques \u00e0 grande capacit\u00e9 est limit\u00e9e en choix et l\u2019acquisition neuve on\u00e9reuse, le r\u00e9trofit \u00e9lectrique peut \u00eatre une option int\u00e9ressante pour les acteurs de la <a href=\"https:\/\/www.groupestarservice.com\/la-logistique-urbaine\/\"><strong>logistique urbaine<\/strong><\/a><strong>.<\/strong><\/p>\n\n\n\n<h2 class=\"wp-block-heading\"><strong>Soutenir la fili\u00e8re du r\u00e9trofit<\/strong><\/h2>\n\n\n\n<p>Le document pose la question du mod\u00e8le \u00e9conomique du r\u00e9trofit. En effet, alors que les march\u00e9s des v\u00e9hicules \u00e9lectriques neufs et d\u2019occasion se consolident, le r\u00e9trofit \u00e9lectrique doit trouver son positionnement. Aujourd\u2019hui, les co\u00fbts de d\u00e9veloppement et d\u2019homologation de la fili\u00e8re constituent des freins \u00e0 son d\u00e9veloppement. Une aide au r\u00e9trofit a \u00e9t\u00e9 mise en place le 1<sup>er<\/sup> juin pour les v\u00e9hicules ayant au minimum 5 ans d\u2019anciennet\u00e9 et 6000km au compteur. Elle s\u2019\u00e9l\u00e8ve \u00e0 5000\u20ac pour un v\u00e9hicule utilitaire.<a href=\"#_ftn1\">[1]<\/a><\/p>\n\n\n\n<p>Afin de soutenir la fili\u00e8re, l\u2019\u00e9tude pr\u00e9conise aux collectivit\u00e9s qui mettent en \u0153uvre des ZFE de d\u00e9ployer des aides \u00e0 l\u2019investissement dans des op\u00e9rations de r\u00e9trofit. Il est \u00e9galement recommand\u00e9 de \u00ab&nbsp;sensibiliser les villes et m\u00e9tropoles sur le caract\u00e8re polluant de la cat\u00e9gorie des v\u00e9hicules utilitaires urbains am\u00e9nag\u00e9s qui circulent r\u00e9guli\u00e8rement \u00e0 froid<a href=\"#_ftn2\">[2]<\/a>.&nbsp;\u00bb Par ailleurs, les commandes d\u2019achat publics peuvent encourager les v\u00e9hicules r\u00e9trofit\u00e9s, pour leurs propres flottes ou pour la mise \u00e0 disposition de v\u00e9hicules professionnels en location courte et longue dur\u00e9e.<\/p>\n\n\n\n<p>Enfin, les activit\u00e9s de r\u00e9trofit sont cr\u00e9atrices d\u2019emplois locaux et non d\u00e9localisables. Les v\u00e9hicules \u00e9lectriques n\u00e9cessitant moins de maintenance, les r\u00e9gions pourraient ainsi pr\u00e9server les emplois de garagistes gr\u00e2ce \u00e0 cette fili\u00e8re. Certains acteurs, comme <a href=\"https:\/\/rev-mobilities.com\/\">REV MOBILITES<\/a>, se sont empar\u00e9s de ce cr\u00e9neau porteur en proposant du r\u00e9trofit \u00e9lectrique (hydrog\u00e8ne \u00e0 l\u2019\u00e9tude) de voitures anciennes, de v\u00e9hicules utilitaires ou de flottes. <a href=\"https:\/\/association-aire.org\/\">L\u2019association AIRe<\/a> r\u00e9unit plusieurs acteurs de l\u2019industrie du r\u00e9trofit \u00e9lectrique.<\/p>\n\n\n\n<h2 class=\"wp-block-heading\"><strong>Comment aller plus loin&nbsp;?<\/strong><\/h2>\n\n\n\n<p>Il est possible d\u2019aller encore plus loin dans cette d\u00e9marche, gr\u00e2ce \u00e0 la production de batteries en Europe. La production des batteries compterait en effet pour plus d\u2019un quart de l\u2019empreinte carbone des v\u00e9hicules \u00e9lectriques les plus r\u00e9cents. Dans le cadre du Green Deal, la commission europ\u00e9enne souhaite encourager l\u2019\u00e9coconception de batteries pour les v\u00e9hicules \u00e9lectriques selon une approche normative. Il s\u2019agit d\u2019exiger la transparence sur des crit\u00e8res cl\u00e9s, comme l\u2019empreinte carbone, la dur\u00e9e de vie ou le taux de mat\u00e9riaux recycl\u00e9s utilis\u00e9s. <a href=\"#_ftn3\">[3]<\/a><\/p>\n\n\n\n<p>Dans un second temps, la commission pourrait introduire des \u00ab&nbsp;classes de performance&nbsp;\u00bb, puis enfin imposer des seuils obligatoires.<\/p>\n\n\n\n<p>En conclusion, la fili\u00e8re r\u00e9trofit est un levier qui peut \u00eatre tr\u00e8s int\u00e9ressant sur le plan environnemental, mais ce gain varie fortement selon les usages. Ces op\u00e9rations seraient ainsi plus pertinences pour la <a href=\"https:\/\/www.groupestarservice.com\/la-logistique-urbaine\/\"><strong>logistique urbaine<\/strong><\/a><strong> <\/strong>des comptes propres (artisans, commer\u00e7ants, v\u00e9hicules sp\u00e9cifiques), et ainsi accompagner les acteurs \u00e9conomiques locaux dans les changements de r\u00e9glementation des centres urbains. Le r\u00e9trofit est \u00e9galement une opportunit\u00e9 de transformer des VUL thermiques en \u00e9lectrique, dont l\u2019offre est aujourd\u2019hui tr\u00e8s restreinte pour la <strong>logistique du dernier kilom\u00e8tre<\/strong>.<\/p>\n\n\n\n<hr class=\"wp-block-separator has-css-opacity\"\/>\n\n\n\n<p><a href=\"#_ftnref1\">[1]<\/a> https:\/\/www.ecologie.gouv.fr\/tout-savoir-sur-r\u00e9trofit-electrique<\/p>\n\n\n\n<p><a href=\"#_ftnref2\">[2]<\/a> Au d\u00e9marrage des v\u00e9hicules thermiques, les pots catalytiques sont \u00ab\u00a0froids\u00a0\u00bb et augmentent la consommation de carburant. Or les d\u00e9placements urbains sur de faibles distances laissent peu de temps au moteur de se r\u00e9chauffer. L\u2019ADEME estime une surconsommation en ville de 45% sur le premier kilom\u00e8tre et de 25% sur le second. Source\u00a0: https:\/\/www.ademe.fr\/sites\/default\/files\/assets\/documents\/guide-pratique-mobilite-10-questions.pdf<\/p>\n\n\n\n<p><a href=\"#_ftnref3\">[3]<\/a> https:\/\/theconversation.com\/batteries-vertes-un-avantage-competitif-pour-leurope-161385<\/p>\n","protected":false},"excerpt":{"rendered":"<p>Afin d\u2019acc\u00e9l\u00e9rer la transition \u00e9nerg\u00e9tique, le r\u00e9trofit \u00e9lectrique peut constituer un levier int\u00e9ressant pour les acteurs de la logistique urbaine. Une r\u00e9cente \u00e9tude de l\u2019Ademe fait le point sur l\u2019int\u00e9r\u00eat, tant \u00e9cologique qu\u2019\u00e9conomique, de cette fili\u00e8re selon les usages.&nbsp; D\u00e9mocratis\u00e9&#8230;<\/p>\n","protected":false},"author":2,"featured_media":3205,"comment_status":"closed","ping_status":"closed","sticky":false,"template":"","format":"standard","meta":{"_acf_changed":false,"twitterCardType":"","cardImageID":0,"cardImage":"","cardTitle":"","cardDesc":"","cardImageAlt":"","cardPlayer":"","cardPlayerWidth":0,"cardPlayerHeight":0,"cardPlayerStream":"","cardPlayerCodec":"","footnotes":""},"categories":[26],"tags":[],"class_list":["post-3202","post","type-post","status-publish","format-standard","has-post-thumbnail","hentry","category-informations-marche"],"acf":[],"yoast_head":"<!-- This site is optimized with the Yoast SEO plugin v27.0 - https:\/\/yoast.com\/product\/yoast-seo-wordpress\/ -->\n<title>Le r\u00e9trofit des VUL : une solution pour la logistique urbaine ?<\/title>\n<meta name=\"description\" content=\"Afin d\u2019acc\u00e9l\u00e9rer la transition \u00e9nerg\u00e9tique, le r\u00e9trofit \u00e9lectrique peut constituer un levier int\u00e9ressant pour les acteurs de la logistique urbaine.\" \/>\n<meta name=\"robots\" content=\"index, follow, max-snippet:-1, max-image-preview:large, max-video-preview:-1\" \/>\n<link rel=\"canonical\" href=\"https:\/\/www.groupestarservice.com\/blog\/le-retrofit-des-vul-une-solution-pour-la-logistique-urbaine\/\" \/>\n<meta property=\"og:locale\" content=\"fr_FR\" \/>\n<meta property=\"og:type\" content=\"article\" \/>\n<meta property=\"og:title\" content=\"Le r\u00e9trofit des VUL : une solution pour la logistique urbaine ?\" \/>\n<meta property=\"og:description\" content=\"Afin d\u2019acc\u00e9l\u00e9rer la transition \u00e9nerg\u00e9tique, le r\u00e9trofit \u00e9lectrique peut constituer un levier int\u00e9ressant pour les acteurs de la logistique urbaine.\" \/>\n<meta property=\"og:url\" content=\"https:\/\/www.groupestarservice.com\/blog\/le-retrofit-des-vul-une-solution-pour-la-logistique-urbaine\/\" \/>\n<meta property=\"og:site_name\" content=\"Star Service - Le rendez-vous du dernier km\" \/>\n<meta property=\"article:published_time\" content=\"2021-07-07T15:38:07+00:00\" \/>\n<meta property=\"article:modified_time\" content=\"2024-05-02T06:41:31+00:00\" \/>\n<meta property=\"og:image\" content=\"https:\/\/www.groupestarservice.com\/blog\/wp-content\/uploads\/2021\/07\/x_Vignette_Slider.jpg\" \/>\n\t<meta property=\"og:image:width\" content=\"1140\" \/>\n\t<meta property=\"og:image:height\" content=\"530\" \/>\n\t<meta property=\"og:image:type\" content=\"image\/jpeg\" \/>\n<meta name=\"author\" content=\"cyma\" \/>\n<meta name=\"twitter:card\" content=\"summary_large_image\" \/>\n<meta name=\"twitter:creator\" content=\"@Starsservice\" \/>\n<meta name=\"twitter:site\" content=\"@Starsservice\" \/>\n<meta name=\"twitter:label1\" content=\"\u00c9crit par\" \/>\n\t<meta name=\"twitter:data1\" content=\"cyma\" \/>\n\t<meta name=\"twitter:label2\" content=\"Dur\u00e9e de lecture estim\u00e9e\" \/>\n\t<meta name=\"twitter:data2\" content=\"6 minutes\" \/>\n<script type=\"application\/ld+json\" class=\"yoast-schema-graph\">{\"@context\":\"https:\/\/schema.org\",\"@graph\":[{\"@type\":\"Article\",\"@id\":\"https:\/\/www.groupestarservice.com\/blog\/le-retrofit-des-vul-une-solution-pour-la-logistique-urbaine\/#article\",\"isPartOf\":{\"@id\":\"https:\/\/www.groupestarservice.com\/blog\/le-retrofit-des-vul-une-solution-pour-la-logistique-urbaine\/\"},\"author\":{\"name\":\"cyma\",\"@id\":\"https:\/\/www.groupestarservice.com\/blog\/#\/schema\/person\/2cd9c82e5121ab8f6aa61975d746e0d1\"},\"headline\":\"Le r\u00e9trofit des VUL : une solution pour la logistique urbaine ?\",\"datePublished\":\"2021-07-07T15:38:07+00:00\",\"dateModified\":\"2024-05-02T06:41:31+00:00\",\"mainEntityOfPage\":{\"@id\":\"https:\/\/www.groupestarservice.com\/blog\/le-retrofit-des-vul-une-solution-pour-la-logistique-urbaine\/\"},\"wordCount\":1231,\"image\":{\"@id\":\"https:\/\/www.groupestarservice.com\/blog\/le-retrofit-des-vul-une-solution-pour-la-logistique-urbaine\/#primaryimage\"},\"thumbnailUrl\":\"https:\/\/www.groupestarservice.com\/blog\/wp-content\/uploads\/2021\/07\/x_Vignette_Slider.jpg\",\"articleSection\":[\"Informations march\u00e9\"],\"inLanguage\":\"fr-FR\"},{\"@type\":\"WebPage\",\"@id\":\"https:\/\/www.groupestarservice.com\/blog\/le-retrofit-des-vul-une-solution-pour-la-logistique-urbaine\/\",\"url\":\"https:\/\/www.groupestarservice.com\/blog\/le-retrofit-des-vul-une-solution-pour-la-logistique-urbaine\/\",\"name\":\"Le r\u00e9trofit des VUL : une solution pour la logistique urbaine ?\",\"isPartOf\":{\"@id\":\"https:\/\/www.groupestarservice.com\/blog\/#website\"},\"primaryImageOfPage\":{\"@id\":\"https:\/\/www.groupestarservice.com\/blog\/le-retrofit-des-vul-une-solution-pour-la-logistique-urbaine\/#primaryimage\"},\"image\":{\"@id\":\"https:\/\/www.groupestarservice.com\/blog\/le-retrofit-des-vul-une-solution-pour-la-logistique-urbaine\/#primaryimage\"},\"thumbnailUrl\":\"https:\/\/www.groupestarservice.com\/blog\/wp-content\/uploads\/2021\/07\/x_Vignette_Slider.jpg\",\"datePublished\":\"2021-07-07T15:38:07+00:00\",\"dateModified\":\"2024-05-02T06:41:31+00:00\",\"author\":{\"@id\":\"https:\/\/www.groupestarservice.com\/blog\/#\/schema\/person\/2cd9c82e5121ab8f6aa61975d746e0d1\"},\"description\":\"Afin d\u2019acc\u00e9l\u00e9rer la transition \u00e9nerg\u00e9tique, le r\u00e9trofit \u00e9lectrique peut constituer un levier int\u00e9ressant pour les acteurs de la logistique urbaine.\",\"breadcrumb\":{\"@id\":\"https:\/\/www.groupestarservice.com\/blog\/le-retrofit-des-vul-une-solution-pour-la-logistique-urbaine\/#breadcrumb\"},\"inLanguage\":\"fr-FR\",\"potentialAction\":[{\"@type\":\"ReadAction\",\"target\":[\"https:\/\/www.groupestarservice.com\/blog\/le-retrofit-des-vul-une-solution-pour-la-logistique-urbaine\/\"]}]},{\"@type\":\"ImageObject\",\"inLanguage\":\"fr-FR\",\"@id\":\"https:\/\/www.groupestarservice.com\/blog\/le-retrofit-des-vul-une-solution-pour-la-logistique-urbaine\/#primaryimage\",\"url\":\"https:\/\/www.groupestarservice.com\/blog\/wp-content\/uploads\/2021\/07\/x_Vignette_Slider.jpg\",\"contentUrl\":\"https:\/\/www.groupestarservice.com\/blog\/wp-content\/uploads\/2021\/07\/x_Vignette_Slider.jpg\",\"width\":1140,\"height\":530,\"caption\":\"Recharge de v\u00e9hicules \u00e9lectriques\"},{\"@type\":\"BreadcrumbList\",\"@id\":\"https:\/\/www.groupestarservice.com\/blog\/le-retrofit-des-vul-une-solution-pour-la-logistique-urbaine\/#breadcrumb\",\"itemListElement\":[{\"@type\":\"ListItem\",\"position\":1,\"name\":\"Accueil\",\"item\":\"https:\/\/www.groupestarservice.com\/blog\/\"},{\"@type\":\"ListItem\",\"position\":2,\"name\":\"Le r\u00e9trofit des VUL : une solution pour la logistique urbaine ?\"}]},{\"@type\":\"WebSite\",\"@id\":\"https:\/\/www.groupestarservice.com\/blog\/#website\",\"url\":\"https:\/\/www.groupestarservice.com\/blog\/\",\"name\":\"Star Service - Le rendez-vous du dernier km\",\"description\":\"\",\"potentialAction\":[{\"@type\":\"SearchAction\",\"target\":{\"@type\":\"EntryPoint\",\"urlTemplate\":\"https:\/\/www.groupestarservice.com\/blog\/?s={search_term_string}\"},\"query-input\":{\"@type\":\"PropertyValueSpecification\",\"valueRequired\":true,\"valueName\":\"search_term_string\"}}],\"inLanguage\":\"fr-FR\"},{\"@type\":\"Person\",\"@id\":\"https:\/\/www.groupestarservice.com\/blog\/#\/schema\/person\/2cd9c82e5121ab8f6aa61975d746e0d1\",\"name\":\"cyma\",\"image\":{\"@type\":\"ImageObject\",\"inLanguage\":\"fr-FR\",\"@id\":\"https:\/\/www.groupestarservice.com\/blog\/#\/schema\/person\/image\/\",\"url\":\"https:\/\/secure.gravatar.com\/avatar\/9b11ec004641ddc4ab2c2fcae2953aecd4f734fd8a0c354c98224ade6086999e?s=96&d=mm&r=g\",\"contentUrl\":\"https:\/\/secure.gravatar.com\/avatar\/9b11ec004641ddc4ab2c2fcae2953aecd4f734fd8a0c354c98224ade6086999e?s=96&d=mm&r=g\",\"caption\":\"cyma\"},\"url\":\"https:\/\/www.groupestarservice.com\/blog\/author\/claire\/\"}]}<\/script>\n<!-- \/ Yoast SEO plugin. -->","yoast_head_json":{"title":"Le r\u00e9trofit des VUL : une solution pour la logistique urbaine ?","description":"Afin d\u2019acc\u00e9l\u00e9rer la transition \u00e9nerg\u00e9tique, le r\u00e9trofit \u00e9lectrique peut constituer un levier int\u00e9ressant pour les acteurs de la logistique urbaine.","robots":{"index":"index","follow":"follow","max-snippet":"max-snippet:-1","max-image-preview":"max-image-preview:large","max-video-preview":"max-video-preview:-1"},"canonical":"https:\/\/www.groupestarservice.com\/blog\/le-retrofit-des-vul-une-solution-pour-la-logistique-urbaine\/","og_locale":"fr_FR","og_type":"article","og_title":"Le r\u00e9trofit des VUL : une solution pour la logistique urbaine ?","og_description":"Afin d\u2019acc\u00e9l\u00e9rer la transition \u00e9nerg\u00e9tique, le r\u00e9trofit \u00e9lectrique peut constituer un levier int\u00e9ressant pour les acteurs de la logistique urbaine.","og_url":"https:\/\/www.groupestarservice.com\/blog\/le-retrofit-des-vul-une-solution-pour-la-logistique-urbaine\/","og_site_name":"Star Service - Le rendez-vous du dernier km","article_published_time":"2021-07-07T15:38:07+00:00","article_modified_time":"2024-05-02T06:41:31+00:00","og_image":[{"width":1140,"height":530,"url":"https:\/\/www.groupestarservice.com\/blog\/wp-content\/uploads\/2021\/07\/x_Vignette_Slider.jpg","type":"image\/jpeg"}],"author":"cyma","twitter_card":"summary_large_image","twitter_creator":"@Starsservice","twitter_site":"@Starsservice","twitter_misc":{"\u00c9crit par":"cyma","Dur\u00e9e de lecture estim\u00e9e":"6 minutes"},"schema":{"@context":"https:\/\/schema.org","@graph":[{"@type":"Article","@id":"https:\/\/www.groupestarservice.com\/blog\/le-retrofit-des-vul-une-solution-pour-la-logistique-urbaine\/#article","isPartOf":{"@id":"https:\/\/www.groupestarservice.com\/blog\/le-retrofit-des-vul-une-solution-pour-la-logistique-urbaine\/"},"author":{"name":"cyma","@id":"https:\/\/www.groupestarservice.com\/blog\/#\/schema\/person\/2cd9c82e5121ab8f6aa61975d746e0d1"},"headline":"Le r\u00e9trofit des VUL : une solution pour la logistique urbaine ?","datePublished":"2021-07-07T15:38:07+00:00","dateModified":"2024-05-02T06:41:31+00:00","mainEntityOfPage":{"@id":"https:\/\/www.groupestarservice.com\/blog\/le-retrofit-des-vul-une-solution-pour-la-logistique-urbaine\/"},"wordCount":1231,"image":{"@id":"https:\/\/www.groupestarservice.com\/blog\/le-retrofit-des-vul-une-solution-pour-la-logistique-urbaine\/#primaryimage"},"thumbnailUrl":"https:\/\/www.groupestarservice.com\/blog\/wp-content\/uploads\/2021\/07\/x_Vignette_Slider.jpg","articleSection":["Informations march\u00e9"],"inLanguage":"fr-FR"},{"@type":"WebPage","@id":"https:\/\/www.groupestarservice.com\/blog\/le-retrofit-des-vul-une-solution-pour-la-logistique-urbaine\/","url":"https:\/\/www.groupestarservice.com\/blog\/le-retrofit-des-vul-une-solution-pour-la-logistique-urbaine\/","name":"Le r\u00e9trofit des VUL : une solution pour la logistique urbaine ?","isPartOf":{"@id":"https:\/\/www.groupestarservice.com\/blog\/#website"},"primaryImageOfPage":{"@id":"https:\/\/www.groupestarservice.com\/blog\/le-retrofit-des-vul-une-solution-pour-la-logistique-urbaine\/#primaryimage"},"image":{"@id":"https:\/\/www.groupestarservice.com\/blog\/le-retrofit-des-vul-une-solution-pour-la-logistique-urbaine\/#primaryimage"},"thumbnailUrl":"https:\/\/www.groupestarservice.com\/blog\/wp-content\/uploads\/2021\/07\/x_Vignette_Slider.jpg","datePublished":"2021-07-07T15:38:07+00:00","dateModified":"2024-05-02T06:41:31+00:00","author":{"@id":"https:\/\/www.groupestarservice.com\/blog\/#\/schema\/person\/2cd9c82e5121ab8f6aa61975d746e0d1"},"description":"Afin d\u2019acc\u00e9l\u00e9rer la transition \u00e9nerg\u00e9tique, le r\u00e9trofit \u00e9lectrique peut constituer un levier int\u00e9ressant pour les acteurs de la logistique urbaine.","breadcrumb":{"@id":"https:\/\/www.groupestarservice.com\/blog\/le-retrofit-des-vul-une-solution-pour-la-logistique-urbaine\/#breadcrumb"},"inLanguage":"fr-FR","potentialAction":[{"@type":"ReadAction","target":["https:\/\/www.groupestarservice.com\/blog\/le-retrofit-des-vul-une-solution-pour-la-logistique-urbaine\/"]}]},{"@type":"ImageObject","inLanguage":"fr-FR","@id":"https:\/\/www.groupestarservice.com\/blog\/le-retrofit-des-vul-une-solution-pour-la-logistique-urbaine\/#primaryimage","url":"https:\/\/www.groupestarservice.com\/blog\/wp-content\/uploads\/2021\/07\/x_Vignette_Slider.jpg","contentUrl":"https:\/\/www.groupestarservice.com\/blog\/wp-content\/uploads\/2021\/07\/x_Vignette_Slider.jpg","width":1140,"height":530,"caption":"Recharge de v\u00e9hicules \u00e9lectriques"},{"@type":"BreadcrumbList","@id":"https:\/\/www.groupestarservice.com\/blog\/le-retrofit-des-vul-une-solution-pour-la-logistique-urbaine\/#breadcrumb","itemListElement":[{"@type":"ListItem","position":1,"name":"Accueil","item":"https:\/\/www.groupestarservice.com\/blog\/"},{"@type":"ListItem","position":2,"name":"Le r\u00e9trofit des VUL : une solution pour la logistique urbaine ?"}]},{"@type":"WebSite","@id":"https:\/\/www.groupestarservice.com\/blog\/#website","url":"https:\/\/www.groupestarservice.com\/blog\/","name":"Star Service - Le rendez-vous du dernier km","description":"","potentialAction":[{"@type":"SearchAction","target":{"@type":"EntryPoint","urlTemplate":"https:\/\/www.groupestarservice.com\/blog\/?s={search_term_string}"},"query-input":{"@type":"PropertyValueSpecification","valueRequired":true,"valueName":"search_term_string"}}],"inLanguage":"fr-FR"},{"@type":"Person","@id":"https:\/\/www.groupestarservice.com\/blog\/#\/schema\/person\/2cd9c82e5121ab8f6aa61975d746e0d1","name":"cyma","image":{"@type":"ImageObject","inLanguage":"fr-FR","@id":"https:\/\/www.groupestarservice.com\/blog\/#\/schema\/person\/image\/","url":"https:\/\/secure.gravatar.com\/avatar\/9b11ec004641ddc4ab2c2fcae2953aecd4f734fd8a0c354c98224ade6086999e?s=96&d=mm&r=g","contentUrl":"https:\/\/secure.gravatar.com\/avatar\/9b11ec004641ddc4ab2c2fcae2953aecd4f734fd8a0c354c98224ade6086999e?s=96&d=mm&r=g","caption":"cyma"},"url":"https:\/\/www.groupestarservice.com\/blog\/author\/claire\/"}]}},"_links":{"self":[{"href":"https:\/\/www.groupestarservice.com\/blog\/wp-json\/wp\/v2\/posts\/3202","targetHints":{"allow":["GET"]}}],"collection":[{"href":"https:\/\/www.groupestarservice.com\/blog\/wp-json\/wp\/v2\/posts"}],"about":[{"href":"https:\/\/www.groupestarservice.com\/blog\/wp-json\/wp\/v2\/types\/post"}],"author":[{"embeddable":true,"href":"https:\/\/www.groupestarservice.com\/blog\/wp-json\/wp\/v2\/users\/2"}],"replies":[{"embeddable":true,"href":"https:\/\/www.groupestarservice.com\/blog\/wp-json\/wp\/v2\/comments?post=3202"}],"version-history":[{"count":6,"href":"https:\/\/www.groupestarservice.com\/blog\/wp-json\/wp\/v2\/posts\/3202\/revisions"}],"predecessor-version":[{"id":5059,"href":"https:\/\/www.groupestarservice.com\/blog\/wp-json\/wp\/v2\/posts\/3202\/revisions\/5059"}],"wp:featuredmedia":[{"embeddable":true,"href":"https:\/\/www.groupestarservice.com\/blog\/wp-json\/wp\/v2\/media\/3205"}],"wp:attachment":[{"href":"https:\/\/www.groupestarservice.com\/blog\/wp-json\/wp\/v2\/media?parent=3202"}],"wp:term":[{"taxonomy":"category","embeddable":true,"href":"https:\/\/www.groupestarservice.com\/blog\/wp-json\/wp\/v2\/categories?post=3202"},{"taxonomy":"post_tag","embeddable":true,"href":"https:\/\/www.groupestarservice.com\/blog\/wp-json\/wp\/v2\/tags?post=3202"}],"curies":[{"name":"wp","href":"https:\/\/api.w.org\/{rel}","templated":true}]}}