{"id":3351,"date":"2021-11-17T19:11:53","date_gmt":"2021-11-17T18:11:53","guid":{"rendered":"https:\/\/www.groupestarservice.com\/blog\/\/?p=3351"},"modified":"2024-05-02T08:36:23","modified_gmt":"2024-05-02T06:36:23","slug":"la-charte-e-commerce-vers-un-dernier-kilometre-plus-durable","status":"publish","type":"post","link":"https:\/\/www.groupestarservice.com\/blog\/la-charte-e-commerce-vers-un-dernier-kilometre-plus-durable\/","title":{"rendered":"La charte e-commerce : vers un dernier kilom\u00e8tre plus durable"},"content":{"rendered":"\n<p>Sign\u00e9e par la FEVAD et 14 entreprises du e-commerce, la Charte d\u2019engagement pour la r\u00e9duction de l\u2019impact environnemental du commerce en ligne vise \u00e0 rendre ce secteur plus vertueux. R\u00e9duction des emballages, d\u00e9veloppement des bonnes pratiques de livraison ou meilleure information du consommateur constituent des orientations cl\u00e9s de ce document cadre qui vise \u00e0 verdir la logistique e-commerce.<\/p>\n\n\n\n<p>Dans le prolongement du rapport \u00ab <a href=\"https:\/\/www.strategie.gouv.fr\/publications\/un-developpement-durable-commerce-ligne\">Pour un d\u00e9veloppement durable du commerce en ligne<\/a> \u00bb publi\u00e9 le 11 mars 2021, dont nous avons parl\u00e9 <a href=\"https:\/\/www.groupestarservice.com\/blog\/\/la-livraison-peut-elle-contribuer-a-un-e-commerce-durable\/\">dans un pr\u00e9c\u00e9dent article<\/a>, la pr\u00e9sidente de France Logistique Anne-Marie Idrac et le Commissaire g\u00e9n\u00e9ral de France Strat\u00e9gie, M. Gilles de Margerie, se sont vu attribuer une mission de concertation avec les acteurs de l\u2019immobilier (repr\u00e9sent\u00e9s par Afilog) et du e-commerce (repr\u00e9sent\u00e9s par la FEVAD).<\/p>\n\n\n\n<p>L\u2019objectif est de relever les engagements volontaires que les professionnels du secteur sont pr\u00eats \u00e0 appliquer, dans le but, entre autres, de r\u00e9duire leur impact environnemental et d\u2019inciter les consommateurs \u00e0 tendre vers des comportements plus responsables. Le processus de concertation a conduit \u00e0 l\u2019\u00e9laboration de deux chartes d\u2019engagements qui ont \u00e9t\u00e9 sign\u00e9es le 28 juillet 2021 au minist\u00e8re de la transition \u00e9cologique.<\/p>\n\n\n\n<p>La premi\u00e8re, intitul\u00e9e \u00ab&nbsp;<a href=\"https:\/\/www.strategie.gouv.fr\/sites\/strategie.gouv.fr\/files\/atoms\/files\/charte_dengagements_pour_la_performance_environnementale_et_economique_de_limmobilier_logistique_francais.pdf\">Charte d\u2019engagements r\u00e9ciproques entre l\u2019\u00e9tat et les membres de l\u2019association AFILOG, acteurs de l\u2019immobilier logistique pour la performance environnementale et \u00e9conomique de l\u2019immobilier logistique fran\u00e7ais&nbsp;<\/a>\u00bb traite de l\u2019immobilier logistique, et la seconde, \u00ab&nbsp;<a href=\"https:\/\/www.strategie.gouv.fr\/sites\/strategie.gouv.fr\/files\/atoms\/files\/charte_dengagements_pour_la_reduction_de_limpact_environnemental_du_commerce_en_ligne.pdf\">Charte d\u2019engagements pour la r\u00e9duction de l\u2019impact environnemental du commerce en ligne&nbsp;<\/a>\u00bb, porte sur les bonnes pratiques logistiques et d\u2019achat en ligne.<\/p>\n\n\n\n<h2 class=\"wp-block-heading\"><strong>Vers des projets immobiliers logistiques plus vertueux<\/strong><\/h2>\n\n\n\n<p>La charte pour la performance environnementale et \u00e9conomique de l\u2019immobilier logistique propose des engagements tant du c\u00f4t\u00e9 des acteurs de l\u2019immobilier que de l\u2019Etat. Le document rappelle que \u00ab&nbsp;la relance \u00e9conomique et notamment industrielle passe par une logistique de proximit\u00e9&nbsp;\u00bb et que \u00ab&nbsp;la logistique et la distribution urbaine&nbsp;\u00bb doivent \u00eatre r\u00e9alis\u00e9es \u00ab&nbsp;par des entrep\u00f4ts implant\u00e9s au plus pr\u00e8s des p\u00f4les et centralit\u00e9s&nbsp;\u00bb. Cela est d\u2019autant plus n\u00e9cessaire avec l\u2019essor du e-commerce qui complexifie la <a href=\"https:\/\/www.groupestarservice.com\/logistique-du-dernier-kilometre\/\"><strong>logistique du dernier kilom\u00e8tre<\/strong><\/a>. L\u2019implication des consommateurs est alors indispensable.<\/p>\n\n\n\n<p>La charte encourage la mise en place de dialogue constructif entre les parties prenantes d\u2019un projet immobilier logistique et la promotion de solutions respectueuses de l\u2019environnement dans toutes les \u00e9tapes du cycle de vie des b\u00e2timents.<\/p>\n\n\n\n<h2 class=\"wp-block-heading\"><strong>Sensibiliser et informer le consommateur<\/strong><\/h2>\n\n\n\n<p>La charte d\u2019engagements pour la r\u00e9duction de l\u2019impact environnemental du commerce en ligne<a href=\"#_ftn1\">[1]<\/a> propose plusieurs leviers pour int\u00e9grer le consommateur dans une d\u00e9marche \u00e9cologique, d\u00e8s le choix du produit jusqu\u2019\u00e0 la livraison et le traitement des emballages.<\/p>\n\n\n\n<p>Ainsi, d\u00e8s le 1<sup>er<\/sup> janvier 2023, les signataires s\u2019engagent \u00e0 proposer plusieurs modalit\u00e9s de <a href=\"https:\/\/www.groupestarservice.com\/livraison-de-colis\/\"><strong>livraison de colis<\/strong><\/a> en pr\u00e9cisant l\u2019impact environnemental de chacune sur la base des r\u00e9sultats des travaux de l\u2019ADEME. Il s\u2019agit \u00e9galement de r\u00e9duire le nombre de retours, en n\u2019incitant pas le consommateur \u00e0 commander plusieurs r\u00e9f\u00e9rences d\u2019un m\u00eame produit par exemple. La charte intervient aussi en amont, au niveau du produit en lui-m\u00eame, car les signataires s\u2019engagent \u00e0 \u00ab&nbsp;offrir au consommateur la possibilit\u00e9 d\u2019identifier les produits du catalogue au meilleur bilan environnemental&nbsp;\u00bb d\u00e8s le 1<sup>er <\/sup>septembre 2022, notamment en raison de leur lieu de production. La charte met ici l\u2019accent sur un sujet sensible. Trop souvent, l\u2019e-consommateur ne dispose pas d\u2019informations sur l\u2019origine du produit qu\u2019il ach\u00e8te. Un produit provenant d\u2019Asie a n\u00e9cessairement un impact environnemental plus important que le m\u00eame produit provenant d\u2019un territoire de proximit\u00e9.<\/p>\n\n\n\n<h2 class=\"wp-block-heading\"><strong>Agir sur la r\u00e9duction des emballages et leur volume.<\/strong><\/h2>\n\n\n\n<p>Une des principales critiques vis-\u00e0-vis du commerce \u00e9lectronique est l\u2019augmentation du volume transport\u00e9 du fait d\u2019emballages souvent disproportionn\u00e9s par rapport au volume des produits eux-m\u00eames. Cette augmentation de volume a pour cons\u00e9quence des v\u00e9hicules plus nombreux sur la route. Cette charte engage ses signataires \u00e0 conduire des actions de r\u00e9duction des volumes des emballages et quand cela est possible, \u00e0 supprimer le suremballage. L\u2019emballage commercial du produit est souvent suffisamment r\u00e9sistant pour servir lui-m\u00eame d\u2019emballage de transport. Notons toutefois que l\u2019objectif mentionn\u00e9 d\u2019engagement d\u2019actions dans ce sens \u00ab&nbsp;pour au moins 75% des produits ou des colis d\u2019ici au 31 d\u00e9cembre 2024&nbsp;\u00bb reste assez peu contraignant. Il s\u2019agit toutefois l\u00e0 d\u2019un premier pas qui, souhaitons-le, soit suivi d\u2019actions concr\u00e8tes en ce sens. Ces actions permettront in fine de r\u00e9duire la part de vide transport\u00e9 et de rendre la <a href=\"https:\/\/www.groupestarservice.com\/la-logistique-urbaine\/\"><strong>logistique urbaine<\/strong><\/a> plus efficiente.<\/p>\n\n\n\n<p>La charte incite les e-marchands signataires \u00e0 utiliser des emballages en mati\u00e8re recycl\u00e9e, recyclable ou r\u00e9utilisable. Elle reste \u00e0 ce stade tr\u00e8s g\u00e9n\u00e9rale mais le fait de mentionner ce point montre que des efforts souvent simples restent encore \u00e0 r\u00e9aliser dans ce secteur dont l\u2019impact environnemental commence \u00e0 \u00eatre montr\u00e9 du doigt. Les consignes de tri et de r\u00e9emploi seront aussi encourag\u00e9es aupr\u00e8s du consommateur.<\/p>\n\n\n\n<h2 class=\"wp-block-heading\"><strong>Encourager les bonnes pratiques de livraison<\/strong><\/h2>\n\n\n\n<p>Pour rendre la <strong>livraison \u00e9cologique<\/strong>, un des engagements de cette charte consiste \u00e0 \u00ab&nbsp;regrouper syst\u00e9matiquement l\u2019exp\u00e9dition des produits command\u00e9s en m\u00eame temps par un m\u00eame consommateur&nbsp;\u00bb lorsque cela est possible (hors livraison urgente).<\/p>\n\n\n\n<p>La charte encourage \u00e9galement le d\u00e9veloppement de modes de livraison d\u00e9carbon\u00e9s, en augmentant la part de v\u00e9hicules utilitaires \u00e0 faibles \u00e9missions et la cyclologistique pour la <a href=\"https:\/\/www.groupestarservice.com\/logistique-du-dernier-kilometre\/\"><strong>logistique du dernier kilom\u00e8tre<\/strong><\/a>. Enfin, la d\u00e9marche fret 21 du programme EVE de l\u2019ADEME est recommand\u00e9e.<strong><u><\/u><\/strong><\/p>\n\n\n\n<p>Ces deux chartes constituent une premi\u00e8re \u00e9tape pour favoriser l\u2019e-commerce durable et inciter l\u2019engagement d\u2019autres acteurs du e-commerce. Toutefois, aucune sanction n&rsquo;est pr\u00e9vue en cas de non-respect du dispositif par les signataires&nbsp;: le comit\u00e9 de suivi pourra simplement retirer de la liste les entreprises qui ne respectent pas leurs engagements. Le pari du volontariat suffira-t-il \u00e0 engager les acteurs dans une d\u00e9marche de <strong>logistique e-commerce<\/strong> durable&nbsp;?<\/p>\n\n\n\n<p>En tout cas, saluons ce premier pas qui a comme premier r\u00e9sultat de f\u00e9d\u00e9rer les principaux acteurs concern\u00e9s autour de l\u2019impact environnemental de leurs activit\u00e9s.<\/p>\n\n\n\n<hr class=\"wp-block-separator\"\/>\n\n\n\n<p><a href=\"#_ftnref1\">[1]<\/a> https:\/\/www.strategie.gouv.fr\/sites\/strategie.gouv.fr\/files\/atoms\/files\/charte_dengagements_pour_la_reduction_de_limpact_environnemental_du_commerce_en_ligne.pdf<\/p>\n","protected":false},"excerpt":{"rendered":"<p>Sign\u00e9e par la FEVAD et 14 entreprises du e-commerce, la Charte d\u2019engagement pour la r\u00e9duction de l\u2019impact environnemental du commerce en ligne vise \u00e0 rendre ce secteur plus vertueux. R\u00e9duction des emballages, d\u00e9veloppement des bonnes pratiques de livraison ou meilleure&#8230;<\/p>\n","protected":false},"author":2,"featured_media":3354,"comment_status":"closed","ping_status":"closed","sticky":false,"template":"","format":"standard","meta":{"_acf_changed":false,"twitterCardType":"","cardImageID":0,"cardImage":"","cardTitle":"","cardDesc":"","cardImageAlt":"","cardPlayer":"","cardPlayerWidth":0,"cardPlayerHeight":0,"cardPlayerStream":"","cardPlayerCodec":"","footnotes":""},"categories":[26],"tags":[],"class_list":["post-3351","post","type-post","status-publish","format-standard","has-post-thumbnail","hentry","category-informations-marche"],"acf":[],"yoast_head":"<!-- This site is optimized with the Yoast SEO plugin v27.0 - https:\/\/yoast.com\/product\/yoast-seo-wordpress\/ -->\n<title>La charte e-commerce : vers un dernier kilom\u00e8tre plus durable<\/title>\n<meta name=\"description\" content=\"La FEVAD et 14 entreprises du e-commerce ont sign\u00e9s la Charte d\u2019engagement pour la r\u00e9duction de l\u2019impact environnemental du commerce en ligne.\" \/>\n<meta name=\"robots\" content=\"index, follow, max-snippet:-1, max-image-preview:large, max-video-preview:-1\" \/>\n<link rel=\"canonical\" href=\"https:\/\/groupestarservice.com\/blog\/la-charte-e-commerce-vers-un-dernier-kilometre-plus-durable\/\" \/>\n<meta property=\"og:locale\" content=\"fr_FR\" \/>\n<meta property=\"og:type\" content=\"article\" \/>\n<meta property=\"og:title\" content=\"La charte e-commerce : vers un dernier kilom\u00e8tre plus durable\" \/>\n<meta property=\"og:description\" content=\"La FEVAD et 14 entreprises du e-commerce ont sign\u00e9s la Charte d\u2019engagement pour la r\u00e9duction de l\u2019impact environnemental du commerce en ligne.\" \/>\n<meta property=\"og:url\" content=\"https:\/\/groupestarservice.com\/blog\/la-charte-e-commerce-vers-un-dernier-kilometre-plus-durable\/\" \/>\n<meta property=\"og:site_name\" content=\"Star Service - Le rendez-vous du dernier km\" \/>\n<meta property=\"article:published_time\" content=\"2021-11-17T18:11:53+00:00\" \/>\n<meta property=\"article:modified_time\" content=\"2024-05-02T06:36:23+00:00\" \/>\n<meta property=\"og:image\" content=\"https:\/\/groupestarservice.com\/blog\/wp-content\/uploads\/2021\/11\/x_Vignette_Slider.jpg\" \/>\n\t<meta property=\"og:image:width\" content=\"1140\" \/>\n\t<meta property=\"og:image:height\" content=\"530\" \/>\n\t<meta property=\"og:image:type\" content=\"image\/jpeg\" \/>\n<meta name=\"author\" content=\"cyma\" \/>\n<meta name=\"twitter:card\" content=\"summary_large_image\" \/>\n<meta name=\"twitter:creator\" content=\"@Starsservice\" \/>\n<meta name=\"twitter:site\" content=\"@Starsservice\" \/>\n<meta name=\"twitter:label1\" content=\"\u00c9crit par\" \/>\n\t<meta name=\"twitter:data1\" content=\"cyma\" \/>\n\t<meta name=\"twitter:label2\" content=\"Dur\u00e9e de lecture estim\u00e9e\" \/>\n\t<meta name=\"twitter:data2\" content=\"6 minutes\" \/>\n<script type=\"application\/ld+json\" class=\"yoast-schema-graph\">{\"@context\":\"https:\/\/schema.org\",\"@graph\":[{\"@type\":\"Article\",\"@id\":\"https:\/\/groupestarservice.com\/blog\/la-charte-e-commerce-vers-un-dernier-kilometre-plus-durable\/#article\",\"isPartOf\":{\"@id\":\"https:\/\/groupestarservice.com\/blog\/la-charte-e-commerce-vers-un-dernier-kilometre-plus-durable\/\"},\"author\":{\"name\":\"cyma\",\"@id\":\"https:\/\/www.groupestarservice.com\/blog\/#\/schema\/person\/2cd9c82e5121ab8f6aa61975d746e0d1\"},\"headline\":\"La charte e-commerce : vers un dernier kilom\u00e8tre plus durable\",\"datePublished\":\"2021-11-17T18:11:53+00:00\",\"dateModified\":\"2024-05-02T06:36:23+00:00\",\"mainEntityOfPage\":{\"@id\":\"https:\/\/groupestarservice.com\/blog\/la-charte-e-commerce-vers-un-dernier-kilometre-plus-durable\/\"},\"wordCount\":1122,\"image\":{\"@id\":\"https:\/\/groupestarservice.com\/blog\/la-charte-e-commerce-vers-un-dernier-kilometre-plus-durable\/#primaryimage\"},\"thumbnailUrl\":\"https:\/\/www.groupestarservice.com\/blog\/wp-content\/uploads\/2021\/11\/x_Vignette_Slider.jpg\",\"articleSection\":[\"Informations march\u00e9\"],\"inLanguage\":\"fr-FR\"},{\"@type\":\"WebPage\",\"@id\":\"https:\/\/groupestarservice.com\/blog\/la-charte-e-commerce-vers-un-dernier-kilometre-plus-durable\/\",\"url\":\"https:\/\/groupestarservice.com\/blog\/la-charte-e-commerce-vers-un-dernier-kilometre-plus-durable\/\",\"name\":\"La charte e-commerce : vers un dernier kilom\u00e8tre plus durable\",\"isPartOf\":{\"@id\":\"https:\/\/www.groupestarservice.com\/blog\/#website\"},\"primaryImageOfPage\":{\"@id\":\"https:\/\/groupestarservice.com\/blog\/la-charte-e-commerce-vers-un-dernier-kilometre-plus-durable\/#primaryimage\"},\"image\":{\"@id\":\"https:\/\/groupestarservice.com\/blog\/la-charte-e-commerce-vers-un-dernier-kilometre-plus-durable\/#primaryimage\"},\"thumbnailUrl\":\"https:\/\/www.groupestarservice.com\/blog\/wp-content\/uploads\/2021\/11\/x_Vignette_Slider.jpg\",\"datePublished\":\"2021-11-17T18:11:53+00:00\",\"dateModified\":\"2024-05-02T06:36:23+00:00\",\"author\":{\"@id\":\"https:\/\/www.groupestarservice.com\/blog\/#\/schema\/person\/2cd9c82e5121ab8f6aa61975d746e0d1\"},\"description\":\"La FEVAD et 14 entreprises du e-commerce ont sign\u00e9s la Charte d\u2019engagement pour la r\u00e9duction de l\u2019impact environnemental du commerce en ligne.\",\"breadcrumb\":{\"@id\":\"https:\/\/groupestarservice.com\/blog\/la-charte-e-commerce-vers-un-dernier-kilometre-plus-durable\/#breadcrumb\"},\"inLanguage\":\"fr-FR\",\"potentialAction\":[{\"@type\":\"ReadAction\",\"target\":[\"https:\/\/groupestarservice.com\/blog\/la-charte-e-commerce-vers-un-dernier-kilometre-plus-durable\/\"]}]},{\"@type\":\"ImageObject\",\"inLanguage\":\"fr-FR\",\"@id\":\"https:\/\/groupestarservice.com\/blog\/la-charte-e-commerce-vers-un-dernier-kilometre-plus-durable\/#primaryimage\",\"url\":\"https:\/\/www.groupestarservice.com\/blog\/wp-content\/uploads\/2021\/11\/x_Vignette_Slider.jpg\",\"contentUrl\":\"https:\/\/www.groupestarservice.com\/blog\/wp-content\/uploads\/2021\/11\/x_Vignette_Slider.jpg\",\"width\":1140,\"height\":530,\"caption\":\"online shop\"},{\"@type\":\"BreadcrumbList\",\"@id\":\"https:\/\/groupestarservice.com\/blog\/la-charte-e-commerce-vers-un-dernier-kilometre-plus-durable\/#breadcrumb\",\"itemListElement\":[{\"@type\":\"ListItem\",\"position\":1,\"name\":\"Accueil\",\"item\":\"https:\/\/www.groupestarservice.com\/blog\/\"},{\"@type\":\"ListItem\",\"position\":2,\"name\":\"La charte e-commerce : vers un dernier kilom\u00e8tre plus durable\"}]},{\"@type\":\"WebSite\",\"@id\":\"https:\/\/www.groupestarservice.com\/blog\/#website\",\"url\":\"https:\/\/www.groupestarservice.com\/blog\/\",\"name\":\"Star Service - Le rendez-vous du dernier km\",\"description\":\"\",\"potentialAction\":[{\"@type\":\"SearchAction\",\"target\":{\"@type\":\"EntryPoint\",\"urlTemplate\":\"https:\/\/www.groupestarservice.com\/blog\/?s={search_term_string}\"},\"query-input\":{\"@type\":\"PropertyValueSpecification\",\"valueRequired\":true,\"valueName\":\"search_term_string\"}}],\"inLanguage\":\"fr-FR\"},{\"@type\":\"Person\",\"@id\":\"https:\/\/www.groupestarservice.com\/blog\/#\/schema\/person\/2cd9c82e5121ab8f6aa61975d746e0d1\",\"name\":\"cyma\",\"image\":{\"@type\":\"ImageObject\",\"inLanguage\":\"fr-FR\",\"@id\":\"https:\/\/www.groupestarservice.com\/blog\/#\/schema\/person\/image\/\",\"url\":\"https:\/\/secure.gravatar.com\/avatar\/9b11ec004641ddc4ab2c2fcae2953aecd4f734fd8a0c354c98224ade6086999e?s=96&d=mm&r=g\",\"contentUrl\":\"https:\/\/secure.gravatar.com\/avatar\/9b11ec004641ddc4ab2c2fcae2953aecd4f734fd8a0c354c98224ade6086999e?s=96&d=mm&r=g\",\"caption\":\"cyma\"},\"url\":\"https:\/\/www.groupestarservice.com\/blog\/author\/claire\/\"}]}<\/script>\n<!-- \/ Yoast SEO plugin. -->","yoast_head_json":{"title":"La charte e-commerce : vers un dernier kilom\u00e8tre plus durable","description":"La FEVAD et 14 entreprises du e-commerce ont sign\u00e9s la Charte d\u2019engagement pour la r\u00e9duction de l\u2019impact environnemental du commerce en ligne.","robots":{"index":"index","follow":"follow","max-snippet":"max-snippet:-1","max-image-preview":"max-image-preview:large","max-video-preview":"max-video-preview:-1"},"canonical":"https:\/\/groupestarservice.com\/blog\/la-charte-e-commerce-vers-un-dernier-kilometre-plus-durable\/","og_locale":"fr_FR","og_type":"article","og_title":"La charte e-commerce : vers un dernier kilom\u00e8tre plus durable","og_description":"La FEVAD et 14 entreprises du e-commerce ont sign\u00e9s la Charte d\u2019engagement pour la r\u00e9duction de l\u2019impact environnemental du commerce en ligne.","og_url":"https:\/\/groupestarservice.com\/blog\/la-charte-e-commerce-vers-un-dernier-kilometre-plus-durable\/","og_site_name":"Star Service - Le rendez-vous du dernier km","article_published_time":"2021-11-17T18:11:53+00:00","article_modified_time":"2024-05-02T06:36:23+00:00","og_image":[{"width":1140,"height":530,"url":"https:\/\/groupestarservice.com\/blog\/wp-content\/uploads\/2021\/11\/x_Vignette_Slider.jpg","type":"image\/jpeg"}],"author":"cyma","twitter_card":"summary_large_image","twitter_creator":"@Starsservice","twitter_site":"@Starsservice","twitter_misc":{"\u00c9crit par":"cyma","Dur\u00e9e de lecture estim\u00e9e":"6 minutes"},"schema":{"@context":"https:\/\/schema.org","@graph":[{"@type":"Article","@id":"https:\/\/groupestarservice.com\/blog\/la-charte-e-commerce-vers-un-dernier-kilometre-plus-durable\/#article","isPartOf":{"@id":"https:\/\/groupestarservice.com\/blog\/la-charte-e-commerce-vers-un-dernier-kilometre-plus-durable\/"},"author":{"name":"cyma","@id":"https:\/\/www.groupestarservice.com\/blog\/#\/schema\/person\/2cd9c82e5121ab8f6aa61975d746e0d1"},"headline":"La charte e-commerce : vers un dernier kilom\u00e8tre plus durable","datePublished":"2021-11-17T18:11:53+00:00","dateModified":"2024-05-02T06:36:23+00:00","mainEntityOfPage":{"@id":"https:\/\/groupestarservice.com\/blog\/la-charte-e-commerce-vers-un-dernier-kilometre-plus-durable\/"},"wordCount":1122,"image":{"@id":"https:\/\/groupestarservice.com\/blog\/la-charte-e-commerce-vers-un-dernier-kilometre-plus-durable\/#primaryimage"},"thumbnailUrl":"https:\/\/www.groupestarservice.com\/blog\/wp-content\/uploads\/2021\/11\/x_Vignette_Slider.jpg","articleSection":["Informations march\u00e9"],"inLanguage":"fr-FR"},{"@type":"WebPage","@id":"https:\/\/groupestarservice.com\/blog\/la-charte-e-commerce-vers-un-dernier-kilometre-plus-durable\/","url":"https:\/\/groupestarservice.com\/blog\/la-charte-e-commerce-vers-un-dernier-kilometre-plus-durable\/","name":"La charte e-commerce : vers un dernier kilom\u00e8tre plus durable","isPartOf":{"@id":"https:\/\/www.groupestarservice.com\/blog\/#website"},"primaryImageOfPage":{"@id":"https:\/\/groupestarservice.com\/blog\/la-charte-e-commerce-vers-un-dernier-kilometre-plus-durable\/#primaryimage"},"image":{"@id":"https:\/\/groupestarservice.com\/blog\/la-charte-e-commerce-vers-un-dernier-kilometre-plus-durable\/#primaryimage"},"thumbnailUrl":"https:\/\/www.groupestarservice.com\/blog\/wp-content\/uploads\/2021\/11\/x_Vignette_Slider.jpg","datePublished":"2021-11-17T18:11:53+00:00","dateModified":"2024-05-02T06:36:23+00:00","author":{"@id":"https:\/\/www.groupestarservice.com\/blog\/#\/schema\/person\/2cd9c82e5121ab8f6aa61975d746e0d1"},"description":"La FEVAD et 14 entreprises du e-commerce ont sign\u00e9s la Charte d\u2019engagement pour la r\u00e9duction de l\u2019impact environnemental du commerce en ligne.","breadcrumb":{"@id":"https:\/\/groupestarservice.com\/blog\/la-charte-e-commerce-vers-un-dernier-kilometre-plus-durable\/#breadcrumb"},"inLanguage":"fr-FR","potentialAction":[{"@type":"ReadAction","target":["https:\/\/groupestarservice.com\/blog\/la-charte-e-commerce-vers-un-dernier-kilometre-plus-durable\/"]}]},{"@type":"ImageObject","inLanguage":"fr-FR","@id":"https:\/\/groupestarservice.com\/blog\/la-charte-e-commerce-vers-un-dernier-kilometre-plus-durable\/#primaryimage","url":"https:\/\/www.groupestarservice.com\/blog\/wp-content\/uploads\/2021\/11\/x_Vignette_Slider.jpg","contentUrl":"https:\/\/www.groupestarservice.com\/blog\/wp-content\/uploads\/2021\/11\/x_Vignette_Slider.jpg","width":1140,"height":530,"caption":"online shop"},{"@type":"BreadcrumbList","@id":"https:\/\/groupestarservice.com\/blog\/la-charte-e-commerce-vers-un-dernier-kilometre-plus-durable\/#breadcrumb","itemListElement":[{"@type":"ListItem","position":1,"name":"Accueil","item":"https:\/\/www.groupestarservice.com\/blog\/"},{"@type":"ListItem","position":2,"name":"La charte e-commerce : vers un dernier kilom\u00e8tre plus durable"}]},{"@type":"WebSite","@id":"https:\/\/www.groupestarservice.com\/blog\/#website","url":"https:\/\/www.groupestarservice.com\/blog\/","name":"Star Service - Le rendez-vous du dernier km","description":"","potentialAction":[{"@type":"SearchAction","target":{"@type":"EntryPoint","urlTemplate":"https:\/\/www.groupestarservice.com\/blog\/?s={search_term_string}"},"query-input":{"@type":"PropertyValueSpecification","valueRequired":true,"valueName":"search_term_string"}}],"inLanguage":"fr-FR"},{"@type":"Person","@id":"https:\/\/www.groupestarservice.com\/blog\/#\/schema\/person\/2cd9c82e5121ab8f6aa61975d746e0d1","name":"cyma","image":{"@type":"ImageObject","inLanguage":"fr-FR","@id":"https:\/\/www.groupestarservice.com\/blog\/#\/schema\/person\/image\/","url":"https:\/\/secure.gravatar.com\/avatar\/9b11ec004641ddc4ab2c2fcae2953aecd4f734fd8a0c354c98224ade6086999e?s=96&d=mm&r=g","contentUrl":"https:\/\/secure.gravatar.com\/avatar\/9b11ec004641ddc4ab2c2fcae2953aecd4f734fd8a0c354c98224ade6086999e?s=96&d=mm&r=g","caption":"cyma"},"url":"https:\/\/www.groupestarservice.com\/blog\/author\/claire\/"}]}},"_links":{"self":[{"href":"https:\/\/www.groupestarservice.com\/blog\/wp-json\/wp\/v2\/posts\/3351","targetHints":{"allow":["GET"]}}],"collection":[{"href":"https:\/\/www.groupestarservice.com\/blog\/wp-json\/wp\/v2\/posts"}],"about":[{"href":"https:\/\/www.groupestarservice.com\/blog\/wp-json\/wp\/v2\/types\/post"}],"author":[{"embeddable":true,"href":"https:\/\/www.groupestarservice.com\/blog\/wp-json\/wp\/v2\/users\/2"}],"replies":[{"embeddable":true,"href":"https:\/\/www.groupestarservice.com\/blog\/wp-json\/wp\/v2\/comments?post=3351"}],"version-history":[{"count":2,"href":"https:\/\/www.groupestarservice.com\/blog\/wp-json\/wp\/v2\/posts\/3351\/revisions"}],"predecessor-version":[{"id":3353,"href":"https:\/\/www.groupestarservice.com\/blog\/wp-json\/wp\/v2\/posts\/3351\/revisions\/3353"}],"wp:featuredmedia":[{"embeddable":true,"href":"https:\/\/www.groupestarservice.com\/blog\/wp-json\/wp\/v2\/media\/3354"}],"wp:attachment":[{"href":"https:\/\/www.groupestarservice.com\/blog\/wp-json\/wp\/v2\/media?parent=3351"}],"wp:term":[{"taxonomy":"category","embeddable":true,"href":"https:\/\/www.groupestarservice.com\/blog\/wp-json\/wp\/v2\/categories?post=3351"},{"taxonomy":"post_tag","embeddable":true,"href":"https:\/\/www.groupestarservice.com\/blog\/wp-json\/wp\/v2\/tags?post=3351"}],"curies":[{"name":"wp","href":"https:\/\/api.w.org\/{rel}","templated":true}]}}