{"id":3411,"date":"2022-01-04T21:59:06","date_gmt":"2022-01-04T20:59:06","guid":{"rendered":"https:\/\/www.groupestarservice.com\/blog\/\/?p=3411"},"modified":"2024-05-02T08:37:51","modified_gmt":"2024-05-02T06:37:51","slug":"la-cooperation-au-coeur-du-rapport-logistique-urbaine-durable","status":"publish","type":"post","link":"https:\/\/www.groupestarservice.com\/blog\/la-cooperation-au-coeur-du-rapport-logistique-urbaine-durable\/","title":{"rendered":"La coop\u00e9ration au c\u0153ur du rapport \u00ab\u00a0Logistique urbaine durable\u00a0\u00bb"},"content":{"rendered":"\n<p>Publi\u00e9 en octobre dernier, <a href=\"https:\/\/www.vie-publique.fr\/\">le rapport de la mission Logistique Urbaine Durable (LUD)<\/a> appelle \u00e0 la collaboration des collectivit\u00e9s avec les transporteurs et chargeurs. De nombreux leviers comme l\u2019open data, le foncier logistique urbain ou encore la multimodalit\u00e9 y sont explor\u00e9s.<\/p>\n\n\n\n<p><a href=\"https:\/\/www.vie-publique.fr\/sites\/default\/files\/rapport\/pdf\/282046.pdf\">La mission LUD pour \u00ab&nbsp;Logistique Urbaine Durable&nbsp;\u00bb<\/a> a \u00e9t\u00e9 initi\u00e9e de janvier \u00e0 juin 2021 par la Direction G\u00e9n\u00e9rale des Entreprises, le Minist\u00e8re de la transition \u00e9cologique et la Direction g\u00e9n\u00e9rale des infrastructures, des transports et de la mer dans le cadre du Comit\u00e9 interminist\u00e9riel de la Logistique (CILOG). Jean-Jacques Bolzan, Anne-Marie Idrac et Anne-Marie Jean ont \u00e9t\u00e9 missionn\u00e9s pour ce rapport.<\/p>\n\n\n\n<p>Le document s\u2019articule autour de 8 familles de propositions dans lesquelles les collectivit\u00e9s locales jouent un r\u00f4le central. Voici quelques propositions pr\u00e9sent\u00e9es dans le rapport pour d\u00e9ployer une \u00ab&nbsp;<a href=\"https:\/\/www.groupestarservice.com\/la-logistique-urbaine\/\"><strong>logistique urbaine<\/strong><\/a><strong> <\/strong>efficace, respectueuse de l\u2019environnement et durable sur nos territoires&nbsp;\u00bb.<\/p>\n\n\n\n<h2 class=\"wp-block-heading\"><strong>Ouverture des donn\u00e9es et sensibilisation<\/strong><\/h2>\n\n\n\n<p>Le rapport soul\u00e8ve l\u2019enjeu essentiel de la mise \u00e0 disposition des donn\u00e9es aupr\u00e8s des acteurs \u00e9conomiques. Les donn\u00e9es relatives aux flux permettent, en les exploitant, d\u2019am\u00e9liorer l\u2019efficience de la <a href=\"https:\/\/www.groupestarservice.com\/logistique-du-dernier-kilometre\/\"><strong>livraison du dernier kilom\u00e8tre<\/strong><\/a> tout en r\u00e9duisant son impact environnemental. La collecte des donn\u00e9es statiques est \u00e9galement importante, par exemple concernant les aires de livraison ou la r\u00e9glementation locale. Le <a href=\"https:\/\/bac-idf.fr\/\">projet BAC IDF<\/a>, qui ambitionne de collecter l\u2019ensemble des r\u00e9glementations des communes franciliennes relatives aux <a href=\"https:\/\/www.groupestarservice.com\/la-logistique-urbaine\/\"><strong>livraisons urbaines<\/strong><\/a> pour les rendre accessibles aux acteurs \u00e9conomiques, ainsi que l\u2019initiative de la r\u00e9gion PACA<a href=\"#_ftn1\">[1]<\/a>, r\u00e9pondent \u00e0 ces attentes. Les collectivit\u00e9s peuvent \u00e9galement cartographier les aires de livraison pour aider les livreurs \u00e0 se stationner en toute s\u00e9curit\u00e9 pendant les op\u00e9rations de chargement et de d\u00e9chargement.<\/p>\n\n\n\n<p>Toutefois, l\u2019implication des collectivit\u00e9s au partage de leurs donn\u00e9es sera conditionn\u00e9e par leur sensibilisation \u00e0 ces sujets. Le rapport propose la mise en place de MOOC adapt\u00e9s aux besoins des collectivit\u00e9s pour mieux int\u00e9grer la <strong>logistique urbaine<\/strong> dans leurs politiques publiques. Ces supports seraient compl\u00e9mentaires aux fiches ADEME existantes et au programme <a href=\"https:\/\/www.interlud.green\/\">InterLUD<\/a>.<\/p>\n\n\n\n<p>Les auteurs de ce rapport pr\u00e9conisent de mettre en place un observatoire national de la <strong>logistique urbaine<\/strong>, qui serait un tiers neutre auquel les collectivit\u00e9s pourraient communiquer leurs donn\u00e9es en pleine confiance. Les observatoires r\u00e9gionaux des transports (ORT) et le GART ont \u00e9t\u00e9, entre autres, identifi\u00e9s comme de potentiels candidats.<\/p>\n\n\n\n<p>Il s\u2019agit \u00e9galement de sensibiliser les consommateurs aux impacts des modes de <strong>livraison de colis<\/strong>, notamment gr\u00e2ce \u00e0 \u00ab&nbsp;un label rendant visible l\u2019impact environnemental de la livraison \u00e0 destination des consommateurs, particuliers ou entreprises.&nbsp;\u00bb<a href=\"#_ftn2\">[2]<\/a> Un tel label indiquerait au consommateur l\u2019impact environnemental de sa livraison. Dans un premier temps bas\u00e9 sur le type de motorisation et les bonnes pratiques en mati\u00e8re de livraison, le calcul des \u00e9missions pourrait \u00eatre \u00e9tendu au type de v\u00e9hicule pr\u00e9cis utilis\u00e9, au taux de remplissage et au trajet effectu\u00e9.<\/p>\n\n\n\n<h2 class=\"wp-block-heading\"><strong>Un accent port\u00e9 sur le foncier logistique<\/strong><\/h2>\n\n\n\n<p>Les espaces logistiques se sont progressivement \u00e9loign\u00e9s des p\u00f4les de consommation, augmentant la distance parcourue entre les entrep\u00f4ts et les points de livraison.<\/p>\n\n\n\n<p>Pour y pallier, les collectivit\u00e9s peuvent s\u2019emparer d\u2019outils d\u2019am\u00e9nagement existants am\u00e9liorant l\u2019efficience de la <strong>logistique du dernier kilom\u00e8tre<\/strong> en pr\u00e9servant dans le PLU(i) ou en d\u00e9veloppant du foncier logistique dans les secteurs n\u00e9cessaires. Certaines villes, comme Paris, Nice et Barcelone, ont \u00e9tabli des ratios d\u2019espaces logistiques pour tout nouvel \u00e9tablissement commercial d\u00e9passant une certaine surface. Le rapport pr\u00e9conise d\u2019exp\u00e9rimenter ces ratios au travers des PLU(i) \u00ab&nbsp;pour la production de logements et de bureaux&nbsp;\u00bb, qui sont \u00e9galement g\u00e9n\u00e9rateurs de flux. La poursuite de concertations entre professionnels et collectivit\u00e9s est \u00e9galement recommand\u00e9e pour construire des espaces logistiques en ville. A l\u2019\u00e9chelle nationale, la mission propose d\u2019explorer la mixit\u00e9 des usages dans un m\u00eame b\u00e2timent, d\u2019\u00e9tudier la possibilit\u00e9 de construire en hauteur ou en sous-sol et d\u2019assouplir les r\u00e8gles relatives \u00e0 l\u2019installation de bornes de recharges \u00e9lectriques en sous-sol. Quant \u00e0 l\u2019\u00e9chelle locale, le rapport propose d\u2019\u00ab&nbsp;harmoniser les proc\u00e9dures d\u2019instruction des dossiers de construction d\u2019entrep\u00f4ts urbains&nbsp;\u00bb, d\u2019utiliser les friches qui sont g\u00e9n\u00e9ralement des espaces urbains sous-utilis\u00e9s et de favoriser l\u2019exp\u00e9rimentation de micro-hubs pour la <strong>logistique du dernier kilom\u00e8tre <\/strong>en modes doux. <strong><\/strong><\/p>\n\n\n\n<p>A l\u2019\u00e9chelle r\u00e9gionale, il est \u00e9galement recommand\u00e9 de renforcer la place de la logistique dans les SRADDET, et ce dans le but de les structurer et de les harmoniser. Cette d\u00e9marche permettrait de \u00ab&nbsp;cartographier pr\u00e9cis\u00e9ment les besoins et d\u2019organiser la planification.&nbsp;\u00bb<\/p>\n\n\n\n<h2 class=\"wp-block-heading\"><strong>Pour des flux optimis\u00e9s et d\u00e9carbon\u00e9s<\/strong><\/h2>\n\n\n\n<p>De nombreux leviers compl\u00e9mentaires concernant directement les acteurs de la livraison sont \u00e9tudi\u00e9s dans le rapport LUD.<\/p>\n\n\n\n<p>La mutualisation et la massification constituent le principal moyen de verdir la <a href=\"https:\/\/www.groupestarservice.com\/la-logistique-urbaine\/\"><strong>logistique urbaine<\/strong><\/a>. Alors que le camion est le premier acteur de massification en ville, le train et le transport fluvial peinent \u00e0 \u00e9merger. \u00ab&nbsp;Pourtant, selon VNF, le fluvial \u00e9met 5 fois moins que le routier par tonne-kilom\u00e8tre et le fret ferroviaire 9 fois moins d\u2019apr\u00e8s 4F&nbsp;\u00bb. L\u2019exp\u00e9rimentation cit\u00e9e d\u2019ULS \u00e0 Strasbourg, qui achemine des colis dans le centre-ville et dont le relais est assur\u00e9 par des v\u00e9locargos pour le <a href=\"https:\/\/www.groupestarservice.com\/logistique-du-dernier-kilometre\/\"><strong>dernier kilom\u00e8tre<\/strong><\/a>, montre que le transport fluvial est tout \u00e0 fait r\u00e9aliste et pertinent en zone urbaine dense.<\/p>\n\n\n\n<p>Favoriser la livraison en hubs plut\u00f4t qu\u2019\u00e0 domicile et r\u00e9duire la part de vide dans les colis font \u00e9galement partie des pistes d\u2019optimisation. D\u2019autre part, le rapport pointe les retours \u00e0 vide qui constituent des pertes op\u00e9rationnelles, \u00e9conomiques, \u00e9cologiques, ainsi qu\u2019en termes d\u2019emprise sur l\u2019espace public. La r\u00e9cup\u00e9ration de d\u00e9chets propres par les transporteurs pourrait les aider \u00e0 optimiser leurs flux retour.<\/p>\n\n\n\n<p>Enfin, le rapport pose l\u2019enjeu du renouvellement des flottes de v\u00e9hicules aux motorisations alternatives, frein\u00e9 par les faibles autonomies et le maillage insuffisant de stations de recharge. L\u2019accompagnement financier des acteurs de la livraison, facilit\u00e9 par une centralisation nationale des aides, reste un enjeu cl\u00e9. Il est propos\u00e9 de mettre en place \u00ab&nbsp;un guichet unique pour centraliser toutes les proc\u00e9dures, informant et formant par la m\u00eame occasion aux aides et bonnes pratiques.&nbsp;\u00bb<\/p>\n\n\n\n<p>Sans surprise, la collaboration entre collectivit\u00e9s, transporteurs et chargeurs est indispensable pour d\u00e9velopper la <strong>livraison \u00e9cologique<\/strong>. Le rapport LUD dresse un panel de solutions \u00e0 la port\u00e9e de tous les acteurs&nbsp;et leur mise en application contribuera au d\u00e9ploiement de la <a href=\"https:\/\/www.groupestarservice.com\/la-logistique-urbaine\/\"><strong>logistique urbaine<\/strong><\/a><strong> <\/strong>durable.<\/p>\n\n\n\n<p>Vous souhaitez consulter le rapport ? Cliquez <a href=\"https:\/\/www.vie-publique.fr\/sites\/default\/files\/rapport\/pdf\/282046.pdf\">ici<\/a><\/p>\n\n\n\n<hr class=\"wp-block-separator has-css-opacity\"\/>\n\n\n\n<p><a href=\"#_ftnref1\">[1]<\/a> http:\/\/schema.data.gouv.fr\/CEREMA\/schema-arrete-circulation-marchandises\/<\/p>\n\n\n\n<p><a href=\"#_ftnref2\">[2]<\/a> P. 51&nbsp;: https:\/\/www.vie-publique.fr\/sites\/default\/files\/rapport\/pdf\/282046.pdf<\/p>\n","protected":false},"excerpt":{"rendered":"<p>Publi\u00e9 en octobre dernier, le rapport de la mission Logistique Urbaine Durable (LUD) appelle \u00e0 la collaboration des collectivit\u00e9s avec les transporteurs et chargeurs. De nombreux leviers comme l\u2019open data, le foncier logistique urbain ou encore la multimodalit\u00e9 y sont&#8230;<\/p>\n","protected":false},"author":2,"featured_media":3414,"comment_status":"closed","ping_status":"closed","sticky":false,"template":"","format":"standard","meta":{"_acf_changed":false,"twitterCardType":"","cardImageID":0,"cardImage":"","cardTitle":"","cardDesc":"","cardImageAlt":"","cardPlayer":"","cardPlayerWidth":0,"cardPlayerHeight":0,"cardPlayerStream":"","cardPlayerCodec":"","footnotes":""},"categories":[26],"tags":[],"class_list":["post-3411","post","type-post","status-publish","format-standard","has-post-thumbnail","hentry","category-informations-marche"],"acf":[],"yoast_head":"<!-- This site is optimized with the Yoast SEO plugin v27.0 - https:\/\/yoast.com\/product\/yoast-seo-wordpress\/ -->\n<title>Tout Savoir sur Le Rapport &quot;Logistique urbaine durable&quot;<\/title>\n<meta name=\"description\" content=\"Le rapport de la mission Logistique Urbaine Durable appelle \u00e0 la collaboration des collectivit\u00e9s avec les transporteurs et chargeurs. D\u00e9couvrez les leviers explor\u00e9s.\" \/>\n<meta name=\"robots\" content=\"index, follow, max-snippet:-1, max-image-preview:large, max-video-preview:-1\" \/>\n<link rel=\"canonical\" href=\"https:\/\/www.groupestarservice.com\/blog\/la-cooperation-au-coeur-du-rapport-logistique-urbaine-durable\/\" \/>\n<meta property=\"og:locale\" content=\"fr_FR\" \/>\n<meta property=\"og:type\" content=\"article\" \/>\n<meta property=\"og:title\" content=\"Tout Savoir sur Le Rapport &quot;Logistique urbaine durable&quot;\" \/>\n<meta property=\"og:description\" content=\"Le rapport de la mission Logistique Urbaine Durable appelle \u00e0 la collaboration des collectivit\u00e9s avec les transporteurs et chargeurs. D\u00e9couvrez les leviers explor\u00e9s.\" \/>\n<meta property=\"og:url\" content=\"https:\/\/www.groupestarservice.com\/blog\/la-cooperation-au-coeur-du-rapport-logistique-urbaine-durable\/\" \/>\n<meta property=\"og:site_name\" content=\"Star Service - Le rendez-vous du dernier km\" \/>\n<meta property=\"article:published_time\" content=\"2022-01-04T20:59:06+00:00\" \/>\n<meta property=\"article:modified_time\" content=\"2024-05-02T06:37:51+00:00\" \/>\n<meta property=\"og:image\" content=\"https:\/\/www.groupestarservice.com\/blog\/wp-content\/uploads\/2022\/01\/AdobeStock_90987270-scaled.jpeg\" \/>\n\t<meta property=\"og:image:width\" content=\"2560\" \/>\n\t<meta property=\"og:image:height\" content=\"1696\" \/>\n\t<meta property=\"og:image:type\" content=\"image\/jpeg\" \/>\n<meta name=\"author\" content=\"cyma\" \/>\n<meta name=\"twitter:card\" content=\"summary_large_image\" \/>\n<meta name=\"twitter:creator\" content=\"@Starsservice\" \/>\n<meta name=\"twitter:site\" content=\"@Starsservice\" \/>\n<meta name=\"twitter:label1\" content=\"\u00c9crit par\" \/>\n\t<meta name=\"twitter:data1\" content=\"cyma\" \/>\n\t<meta name=\"twitter:label2\" content=\"Dur\u00e9e de lecture estim\u00e9e\" \/>\n\t<meta name=\"twitter:data2\" content=\"6 minutes\" \/>\n<script type=\"application\/ld+json\" class=\"yoast-schema-graph\">{\"@context\":\"https:\/\/schema.org\",\"@graph\":[{\"@type\":\"Article\",\"@id\":\"https:\/\/www.groupestarservice.com\/blog\/la-cooperation-au-coeur-du-rapport-logistique-urbaine-durable\/#article\",\"isPartOf\":{\"@id\":\"https:\/\/www.groupestarservice.com\/blog\/la-cooperation-au-coeur-du-rapport-logistique-urbaine-durable\/\"},\"author\":{\"name\":\"cyma\",\"@id\":\"https:\/\/www.groupestarservice.com\/blog\/#\/schema\/person\/2cd9c82e5121ab8f6aa61975d746e0d1\"},\"headline\":\"La coop\u00e9ration au c\u0153ur du rapport \u00ab\u00a0Logistique urbaine durable\u00a0\u00bb\",\"datePublished\":\"2022-01-04T20:59:06+00:00\",\"dateModified\":\"2024-05-02T06:37:51+00:00\",\"mainEntityOfPage\":{\"@id\":\"https:\/\/www.groupestarservice.com\/blog\/la-cooperation-au-coeur-du-rapport-logistique-urbaine-durable\/\"},\"wordCount\":1185,\"image\":{\"@id\":\"https:\/\/www.groupestarservice.com\/blog\/la-cooperation-au-coeur-du-rapport-logistique-urbaine-durable\/#primaryimage\"},\"thumbnailUrl\":\"https:\/\/www.groupestarservice.com\/blog\/wp-content\/uploads\/2022\/01\/AdobeStock_90987270-scaled.jpeg\",\"articleSection\":[\"Informations march\u00e9\"],\"inLanguage\":\"fr-FR\"},{\"@type\":\"WebPage\",\"@id\":\"https:\/\/www.groupestarservice.com\/blog\/la-cooperation-au-coeur-du-rapport-logistique-urbaine-durable\/\",\"url\":\"https:\/\/www.groupestarservice.com\/blog\/la-cooperation-au-coeur-du-rapport-logistique-urbaine-durable\/\",\"name\":\"Tout Savoir sur Le Rapport \\\"Logistique urbaine durable\\\"\",\"isPartOf\":{\"@id\":\"https:\/\/www.groupestarservice.com\/blog\/#website\"},\"primaryImageOfPage\":{\"@id\":\"https:\/\/www.groupestarservice.com\/blog\/la-cooperation-au-coeur-du-rapport-logistique-urbaine-durable\/#primaryimage\"},\"image\":{\"@id\":\"https:\/\/www.groupestarservice.com\/blog\/la-cooperation-au-coeur-du-rapport-logistique-urbaine-durable\/#primaryimage\"},\"thumbnailUrl\":\"https:\/\/www.groupestarservice.com\/blog\/wp-content\/uploads\/2022\/01\/AdobeStock_90987270-scaled.jpeg\",\"datePublished\":\"2022-01-04T20:59:06+00:00\",\"dateModified\":\"2024-05-02T06:37:51+00:00\",\"author\":{\"@id\":\"https:\/\/www.groupestarservice.com\/blog\/#\/schema\/person\/2cd9c82e5121ab8f6aa61975d746e0d1\"},\"description\":\"Le rapport de la mission Logistique Urbaine Durable appelle \u00e0 la collaboration des collectivit\u00e9s avec les transporteurs et chargeurs. D\u00e9couvrez les leviers explor\u00e9s.\",\"breadcrumb\":{\"@id\":\"https:\/\/www.groupestarservice.com\/blog\/la-cooperation-au-coeur-du-rapport-logistique-urbaine-durable\/#breadcrumb\"},\"inLanguage\":\"fr-FR\",\"potentialAction\":[{\"@type\":\"ReadAction\",\"target\":[\"https:\/\/www.groupestarservice.com\/blog\/la-cooperation-au-coeur-du-rapport-logistique-urbaine-durable\/\"]}]},{\"@type\":\"ImageObject\",\"inLanguage\":\"fr-FR\",\"@id\":\"https:\/\/www.groupestarservice.com\/blog\/la-cooperation-au-coeur-du-rapport-logistique-urbaine-durable\/#primaryimage\",\"url\":\"https:\/\/www.groupestarservice.com\/blog\/wp-content\/uploads\/2022\/01\/AdobeStock_90987270-scaled.jpeg\",\"contentUrl\":\"https:\/\/www.groupestarservice.com\/blog\/wp-content\/uploads\/2022\/01\/AdobeStock_90987270-scaled.jpeg\",\"width\":2560,\"height\":1696,\"caption\":\"Paris vu de la tour eiffel\"},{\"@type\":\"BreadcrumbList\",\"@id\":\"https:\/\/www.groupestarservice.com\/blog\/la-cooperation-au-coeur-du-rapport-logistique-urbaine-durable\/#breadcrumb\",\"itemListElement\":[{\"@type\":\"ListItem\",\"position\":1,\"name\":\"Accueil\",\"item\":\"https:\/\/www.groupestarservice.com\/blog\/\"},{\"@type\":\"ListItem\",\"position\":2,\"name\":\"La coop\u00e9ration au c\u0153ur du rapport \u00ab\u00a0Logistique urbaine durable\u00a0\u00bb\"}]},{\"@type\":\"WebSite\",\"@id\":\"https:\/\/www.groupestarservice.com\/blog\/#website\",\"url\":\"https:\/\/www.groupestarservice.com\/blog\/\",\"name\":\"Star Service - Le rendez-vous du dernier km\",\"description\":\"\",\"potentialAction\":[{\"@type\":\"SearchAction\",\"target\":{\"@type\":\"EntryPoint\",\"urlTemplate\":\"https:\/\/www.groupestarservice.com\/blog\/?s={search_term_string}\"},\"query-input\":{\"@type\":\"PropertyValueSpecification\",\"valueRequired\":true,\"valueName\":\"search_term_string\"}}],\"inLanguage\":\"fr-FR\"},{\"@type\":\"Person\",\"@id\":\"https:\/\/www.groupestarservice.com\/blog\/#\/schema\/person\/2cd9c82e5121ab8f6aa61975d746e0d1\",\"name\":\"cyma\",\"image\":{\"@type\":\"ImageObject\",\"inLanguage\":\"fr-FR\",\"@id\":\"https:\/\/www.groupestarservice.com\/blog\/#\/schema\/person\/image\/\",\"url\":\"https:\/\/secure.gravatar.com\/avatar\/9b11ec004641ddc4ab2c2fcae2953aecd4f734fd8a0c354c98224ade6086999e?s=96&d=mm&r=g\",\"contentUrl\":\"https:\/\/secure.gravatar.com\/avatar\/9b11ec004641ddc4ab2c2fcae2953aecd4f734fd8a0c354c98224ade6086999e?s=96&d=mm&r=g\",\"caption\":\"cyma\"},\"url\":\"https:\/\/www.groupestarservice.com\/blog\/author\/claire\/\"}]}<\/script>\n<!-- \/ Yoast SEO plugin. -->","yoast_head_json":{"title":"Tout Savoir sur Le Rapport \"Logistique urbaine durable\"","description":"Le rapport de la mission Logistique Urbaine Durable appelle \u00e0 la collaboration des collectivit\u00e9s avec les transporteurs et chargeurs. D\u00e9couvrez les leviers explor\u00e9s.","robots":{"index":"index","follow":"follow","max-snippet":"max-snippet:-1","max-image-preview":"max-image-preview:large","max-video-preview":"max-video-preview:-1"},"canonical":"https:\/\/www.groupestarservice.com\/blog\/la-cooperation-au-coeur-du-rapport-logistique-urbaine-durable\/","og_locale":"fr_FR","og_type":"article","og_title":"Tout Savoir sur Le Rapport \"Logistique urbaine durable\"","og_description":"Le rapport de la mission Logistique Urbaine Durable appelle \u00e0 la collaboration des collectivit\u00e9s avec les transporteurs et chargeurs. D\u00e9couvrez les leviers explor\u00e9s.","og_url":"https:\/\/www.groupestarservice.com\/blog\/la-cooperation-au-coeur-du-rapport-logistique-urbaine-durable\/","og_site_name":"Star Service - Le rendez-vous du dernier km","article_published_time":"2022-01-04T20:59:06+00:00","article_modified_time":"2024-05-02T06:37:51+00:00","og_image":[{"width":2560,"height":1696,"url":"https:\/\/www.groupestarservice.com\/blog\/wp-content\/uploads\/2022\/01\/AdobeStock_90987270-scaled.jpeg","type":"image\/jpeg"}],"author":"cyma","twitter_card":"summary_large_image","twitter_creator":"@Starsservice","twitter_site":"@Starsservice","twitter_misc":{"\u00c9crit par":"cyma","Dur\u00e9e de lecture estim\u00e9e":"6 minutes"},"schema":{"@context":"https:\/\/schema.org","@graph":[{"@type":"Article","@id":"https:\/\/www.groupestarservice.com\/blog\/la-cooperation-au-coeur-du-rapport-logistique-urbaine-durable\/#article","isPartOf":{"@id":"https:\/\/www.groupestarservice.com\/blog\/la-cooperation-au-coeur-du-rapport-logistique-urbaine-durable\/"},"author":{"name":"cyma","@id":"https:\/\/www.groupestarservice.com\/blog\/#\/schema\/person\/2cd9c82e5121ab8f6aa61975d746e0d1"},"headline":"La coop\u00e9ration au c\u0153ur du rapport \u00ab\u00a0Logistique urbaine durable\u00a0\u00bb","datePublished":"2022-01-04T20:59:06+00:00","dateModified":"2024-05-02T06:37:51+00:00","mainEntityOfPage":{"@id":"https:\/\/www.groupestarservice.com\/blog\/la-cooperation-au-coeur-du-rapport-logistique-urbaine-durable\/"},"wordCount":1185,"image":{"@id":"https:\/\/www.groupestarservice.com\/blog\/la-cooperation-au-coeur-du-rapport-logistique-urbaine-durable\/#primaryimage"},"thumbnailUrl":"https:\/\/www.groupestarservice.com\/blog\/wp-content\/uploads\/2022\/01\/AdobeStock_90987270-scaled.jpeg","articleSection":["Informations march\u00e9"],"inLanguage":"fr-FR"},{"@type":"WebPage","@id":"https:\/\/www.groupestarservice.com\/blog\/la-cooperation-au-coeur-du-rapport-logistique-urbaine-durable\/","url":"https:\/\/www.groupestarservice.com\/blog\/la-cooperation-au-coeur-du-rapport-logistique-urbaine-durable\/","name":"Tout Savoir sur Le Rapport \"Logistique urbaine durable\"","isPartOf":{"@id":"https:\/\/www.groupestarservice.com\/blog\/#website"},"primaryImageOfPage":{"@id":"https:\/\/www.groupestarservice.com\/blog\/la-cooperation-au-coeur-du-rapport-logistique-urbaine-durable\/#primaryimage"},"image":{"@id":"https:\/\/www.groupestarservice.com\/blog\/la-cooperation-au-coeur-du-rapport-logistique-urbaine-durable\/#primaryimage"},"thumbnailUrl":"https:\/\/www.groupestarservice.com\/blog\/wp-content\/uploads\/2022\/01\/AdobeStock_90987270-scaled.jpeg","datePublished":"2022-01-04T20:59:06+00:00","dateModified":"2024-05-02T06:37:51+00:00","author":{"@id":"https:\/\/www.groupestarservice.com\/blog\/#\/schema\/person\/2cd9c82e5121ab8f6aa61975d746e0d1"},"description":"Le rapport de la mission Logistique Urbaine Durable appelle \u00e0 la collaboration des collectivit\u00e9s avec les transporteurs et chargeurs. D\u00e9couvrez les leviers explor\u00e9s.","breadcrumb":{"@id":"https:\/\/www.groupestarservice.com\/blog\/la-cooperation-au-coeur-du-rapport-logistique-urbaine-durable\/#breadcrumb"},"inLanguage":"fr-FR","potentialAction":[{"@type":"ReadAction","target":["https:\/\/www.groupestarservice.com\/blog\/la-cooperation-au-coeur-du-rapport-logistique-urbaine-durable\/"]}]},{"@type":"ImageObject","inLanguage":"fr-FR","@id":"https:\/\/www.groupestarservice.com\/blog\/la-cooperation-au-coeur-du-rapport-logistique-urbaine-durable\/#primaryimage","url":"https:\/\/www.groupestarservice.com\/blog\/wp-content\/uploads\/2022\/01\/AdobeStock_90987270-scaled.jpeg","contentUrl":"https:\/\/www.groupestarservice.com\/blog\/wp-content\/uploads\/2022\/01\/AdobeStock_90987270-scaled.jpeg","width":2560,"height":1696,"caption":"Paris vu de la tour eiffel"},{"@type":"BreadcrumbList","@id":"https:\/\/www.groupestarservice.com\/blog\/la-cooperation-au-coeur-du-rapport-logistique-urbaine-durable\/#breadcrumb","itemListElement":[{"@type":"ListItem","position":1,"name":"Accueil","item":"https:\/\/www.groupestarservice.com\/blog\/"},{"@type":"ListItem","position":2,"name":"La coop\u00e9ration au c\u0153ur du rapport \u00ab\u00a0Logistique urbaine durable\u00a0\u00bb"}]},{"@type":"WebSite","@id":"https:\/\/www.groupestarservice.com\/blog\/#website","url":"https:\/\/www.groupestarservice.com\/blog\/","name":"Star Service - Le rendez-vous du dernier km","description":"","potentialAction":[{"@type":"SearchAction","target":{"@type":"EntryPoint","urlTemplate":"https:\/\/www.groupestarservice.com\/blog\/?s={search_term_string}"},"query-input":{"@type":"PropertyValueSpecification","valueRequired":true,"valueName":"search_term_string"}}],"inLanguage":"fr-FR"},{"@type":"Person","@id":"https:\/\/www.groupestarservice.com\/blog\/#\/schema\/person\/2cd9c82e5121ab8f6aa61975d746e0d1","name":"cyma","image":{"@type":"ImageObject","inLanguage":"fr-FR","@id":"https:\/\/www.groupestarservice.com\/blog\/#\/schema\/person\/image\/","url":"https:\/\/secure.gravatar.com\/avatar\/9b11ec004641ddc4ab2c2fcae2953aecd4f734fd8a0c354c98224ade6086999e?s=96&d=mm&r=g","contentUrl":"https:\/\/secure.gravatar.com\/avatar\/9b11ec004641ddc4ab2c2fcae2953aecd4f734fd8a0c354c98224ade6086999e?s=96&d=mm&r=g","caption":"cyma"},"url":"https:\/\/www.groupestarservice.com\/blog\/author\/claire\/"}]}},"_links":{"self":[{"href":"https:\/\/www.groupestarservice.com\/blog\/wp-json\/wp\/v2\/posts\/3411","targetHints":{"allow":["GET"]}}],"collection":[{"href":"https:\/\/www.groupestarservice.com\/blog\/wp-json\/wp\/v2\/posts"}],"about":[{"href":"https:\/\/www.groupestarservice.com\/blog\/wp-json\/wp\/v2\/types\/post"}],"author":[{"embeddable":true,"href":"https:\/\/www.groupestarservice.com\/blog\/wp-json\/wp\/v2\/users\/2"}],"replies":[{"embeddable":true,"href":"https:\/\/www.groupestarservice.com\/blog\/wp-json\/wp\/v2\/comments?post=3411"}],"version-history":[{"count":5,"href":"https:\/\/www.groupestarservice.com\/blog\/wp-json\/wp\/v2\/posts\/3411\/revisions"}],"predecessor-version":[{"id":5052,"href":"https:\/\/www.groupestarservice.com\/blog\/wp-json\/wp\/v2\/posts\/3411\/revisions\/5052"}],"wp:featuredmedia":[{"embeddable":true,"href":"https:\/\/www.groupestarservice.com\/blog\/wp-json\/wp\/v2\/media\/3414"}],"wp:attachment":[{"href":"https:\/\/www.groupestarservice.com\/blog\/wp-json\/wp\/v2\/media?parent=3411"}],"wp:term":[{"taxonomy":"category","embeddable":true,"href":"https:\/\/www.groupestarservice.com\/blog\/wp-json\/wp\/v2\/categories?post=3411"},{"taxonomy":"post_tag","embeddable":true,"href":"https:\/\/www.groupestarservice.com\/blog\/wp-json\/wp\/v2\/tags?post=3411"}],"curies":[{"name":"wp","href":"https:\/\/api.w.org\/{rel}","templated":true}]}}