{"id":3429,"date":"2022-02-09T17:45:25","date_gmt":"2022-02-09T16:45:25","guid":{"rendered":"https:\/\/www.groupestarservice.com\/blog\/\/?p=3429"},"modified":"2022-08-18T13:19:00","modified_gmt":"2022-08-18T11:19:00","slug":"zoom-sur-le-programme-interlud-qui-comment-pourquoi","status":"publish","type":"post","link":"https:\/\/www.groupestarservice.com\/blog\/zoom-sur-le-programme-interlud-qui-comment-pourquoi\/","title":{"rendered":"Zoom sur le programme InTerLUD : Qui ? Comment ? Pourquoi ?"},"content":{"rendered":"\n<p>Dans le cadre de la strat\u00e9gie France Logistique 2025, en r\u00e9ponse aux enjeux environnementaux li\u00e9s \u00e0 la livraison du dernier kilom\u00e8tre est n\u00e9 InTerLUD, un programme r\u00e9unissant acteurs priv\u00e9s et publics autour d\u2019actions volontaires sur le transport de marchandises en ville.<\/p>\n\n\n\n<p>La logistique urbaine s\u2019illustre depuis plusieurs ann\u00e9es comme un sujet pr\u00e9gnant pour les acteurs priv\u00e9s et publics \u00e9voluant en ville. De nombreux prestataires de transport et du dernier kilom\u00e8tre ont d\u2019ores et d\u00e9j\u00e0 mis en place des politiques et strat\u00e9gies d\u00e9di\u00e9es pour minimiser l\u2019impact \u00e9cologique de la livraison en ville. Flotte de v\u00e9hicules propres, formation \u00e0 l\u2019\u00e9co-conduite ou bien encore r\u00e9duction des nuisances sonores sont parmi leurs principales initiatives.<\/p>\n\n\n\n<p>Au niveau institutionnel, plusieurs actions voient le jour. Des initiatives telles que le programme EVE et Fret21 mobilisent les acteurs du transport et de la logistique autour du d\u00e9veloppement durable. En parall\u00e8le, afin de donner les moyens de r\u00e9fl\u00e9chir et d\u2019innover collectivement autour de la question environnementale et \u00e9conomique des livraisons en ville, un programme d\u00e9di\u00e9 a \u00e9t\u00e9 lanc\u00e9 il y a deux ans. Baptis\u00e9 InTerLUD pour Innovations territoriales et logistique urbaine durable, il s\u2019inscrit au c\u0153ur de la strat\u00e9gie \u00ab&nbsp;France Logistique 2025&nbsp;\u00bb, s\u2019appuie sur un budget de 8,1 millions d\u2019euros et le concours de porteurs et partenaires tels que Rozo, Logistic-Low-Carbon, CGI, l\u2019ADEME et le Cerema (Centre d&rsquo;\u00e9tudes et d&rsquo;expertise sur les risques, l&rsquo;environnement, la mobilit\u00e9 et l&rsquo;am\u00e9nagement).<\/p>\n\n\n\n<h2 class=\"wp-block-heading\"><strong>InTerLUD, un programme au service de la logistique urbaine durable<\/strong><\/h2>\n\n\n\n<p>Ce programme CEE (Certificats d&rsquo;\u00c9conomies d&rsquo;\u00c9nergie), approuv\u00e9 par le Minist\u00e8re de la Transition \u00c9cologique le 27 f\u00e9vrier 2020, <em>\u00ab&nbsp;vise le d\u00e9ploiement, par les collectivit\u00e9s territoriales et les acteurs \u00e9conomiques, d\u2019actions volontaires sur le transport de marchandises en ville, dans le cadre de chartes de logistique urbaine durable sur l\u2019ensemble du territoire fran\u00e7ais.&nbsp;\u00bb<\/em><\/p>\n\n\n\n<p>L\u2019id\u00e9e&nbsp;? Favoriser la collaboration et le dialogue entre priv\u00e9s et publics pour faire \u00e9merger des initiatives durables au travers de chartes, de signatures de conventions et d\u2019accompagnements divers. Rendez-vous organis\u00e9s avec le Cerema, rencontres individuelles et collectives, \u00e9v\u00e8nements locaux, possibilit\u00e9 d\u2019une aide financi\u00e8re aux collectivit\u00e9s\u2026 sont ainsi mis en \u0153uvre afin de mener \u00e0 bien des objectifs pr\u00e9cis et atteindre des b\u00e9n\u00e9fices porteurs pour chacune des parties prenantes.<\/p>\n\n\n\n<h2 class=\"wp-block-heading\"><strong>Des objectifs et des b\u00e9n\u00e9fices ambitieux autour du transport et du dernier kilom\u00e8tre<\/strong><\/h2>\n\n\n\n<p>Un volet d\u00e9di\u00e9 \u00e0 la formation \u00e0 destination de trois cibles \u2013 acteurs \u00e9conomiques, collectivit\u00e9s et bureaux d\u2019\u00e9tudes \u2013 est \u00e9galement initi\u00e9. Enfin, l\u2019accent est mis sur la communication avec l\u2019ambition <em>\u00ab&nbsp;de consolider la dynamique des participants du Programme et toucher de nouveaux territoires ou acteurs pour les rallier \u00e0 des processus d\u2019\u00e9laboration de chartes d\u00e9j\u00e0 en cours&nbsp;\u00bb<\/em>.<\/p>\n\n\n\n<p>Au final, les porteurs du projet, les partenaires et les parties prenantes du programme visent la r\u00e9daction de 50 chartes dans 15 m\u00e9tropoles, 25 communaut\u00e9s d&rsquo;agglom\u00e9ration moyennes et 10 petites. Ensemble, ils entendent&nbsp;notamment&nbsp;: r\u00e9duire les impacts sur l\u2019environnement, minimiser la congestion et le bruit en centre-ville, am\u00e9liorer le cadre de vie de ses habitants, favoriser l\u2019emploi ou bien encore augmenter l\u2019attractivit\u00e9 des territoires et optimiser les op\u00e9rations de logistique du dernier kilom\u00e8tre.<\/p>\n\n\n\n<p>Le 30 novembre dernier, au Forum des Images de Paris, avait lieu la premi\u00e8re rencontre nationale du programme. Et si ce dernier fixe sa date butoir au 31 d\u00e9cembre 2022, un prolongement de l\u2019initiative pourrait \u00eatre \u00e0 l\u2019\u00e9tude.<\/p>\n\n\n\n<p>Pour en savoir plus : <a href=\"https:\/\/www.groupestarservice.com\/blog\/\/la-cooperation-au-coeur-du-rapport-logistique-urbaine-durable\">https:\/\/www.groupestarservice.com\/blog\/\/la-cooperation-au-coeur-du-rapport-logistique-urbaine-durable<\/a><\/p>\n\n\n\n<p>Toutes les infos&nbsp;: <a href=\"http:\/\/www.interlud.green\">www.interlud.green<\/a><\/p>\n\n\n\n<p><a href=\"https:\/\/www.voxlog.fr\/actualite\/5704\/rencontre-nationale-interlud-du-dialogue-naissent-les-solutions\">https:\/\/www.voxlog.fr\/actualite\/5704\/rencontre-nationale-interlud-du-dialogue-naissent-les-solutions<\/a><\/p>\n","protected":false},"excerpt":{"rendered":"<p>Dans le cadre de la strat\u00e9gie France Logistique 2025, en r\u00e9ponse aux enjeux environnementaux li\u00e9s \u00e0 la livraison du dernier kilom\u00e8tre est n\u00e9 InTerLUD, un programme r\u00e9unissant acteurs priv\u00e9s et publics autour d\u2019actions volontaires sur le transport de marchandises en&#8230;<\/p>\n","protected":false},"author":2,"featured_media":3432,"comment_status":"closed","ping_status":"closed","sticky":false,"template":"","format":"standard","meta":{"_acf_changed":false,"twitterCardType":"","cardImageID":0,"cardImage":"","cardTitle":"","cardDesc":"","cardImageAlt":"","cardPlayer":"","cardPlayerWidth":0,"cardPlayerHeight":0,"cardPlayerStream":"","cardPlayerCodec":"","footnotes":""},"categories":[23],"tags":[],"class_list":["post-3429","post","type-post","status-publish","format-standard","has-post-thumbnail","hentry","category-rse"],"acf":[],"yoast_head":"<!-- This site is optimized with the Yoast SEO plugin v27.0 - https:\/\/yoast.com\/product\/yoast-seo-wordpress\/ -->\n<title>Zoom sur le programme InTerLUD : Qui ? Comment ? Pourquoi ?<\/title>\n<meta name=\"description\" content=\"Star Service vous pr\u00e9sente InTerLUD, un programme r\u00e9unissant acteurs priv\u00e9s et publics autour d\u2019actions volontaires sur le transport de marchandises en ville.\" \/>\n<meta name=\"robots\" content=\"index, follow, max-snippet:-1, max-image-preview:large, max-video-preview:-1\" \/>\n<link rel=\"canonical\" href=\"https:\/\/www.groupestarservice.com\/blog\/zoom-sur-le-programme-interlud-qui-comment-pourquoi\/\" \/>\n<meta property=\"og:locale\" content=\"fr_FR\" \/>\n<meta property=\"og:type\" content=\"article\" \/>\n<meta property=\"og:title\" content=\"Zoom sur le programme InTerLUD : Qui ? Comment ? Pourquoi ?\" \/>\n<meta property=\"og:description\" content=\"Star Service vous pr\u00e9sente InTerLUD, un programme r\u00e9unissant acteurs priv\u00e9s et publics autour d\u2019actions volontaires sur le transport de marchandises en ville.\" \/>\n<meta property=\"og:url\" content=\"https:\/\/www.groupestarservice.com\/blog\/zoom-sur-le-programme-interlud-qui-comment-pourquoi\/\" \/>\n<meta property=\"og:site_name\" content=\"Star Service - Le rendez-vous du dernier km\" \/>\n<meta property=\"article:published_time\" content=\"2022-02-09T16:45:25+00:00\" \/>\n<meta property=\"article:modified_time\" content=\"2022-08-18T11:19:00+00:00\" \/>\n<meta property=\"og:image\" content=\"https:\/\/www.groupestarservice.com\/blog\/wp-content\/uploads\/2022\/02\/x_Header_article.jpg\" \/>\n\t<meta property=\"og:image:width\" content=\"1920\" \/>\n\t<meta property=\"og:image:height\" content=\"890\" \/>\n\t<meta property=\"og:image:type\" content=\"image\/jpeg\" \/>\n<meta name=\"author\" content=\"cyma\" \/>\n<meta name=\"twitter:card\" content=\"summary_large_image\" \/>\n<meta name=\"twitter:creator\" content=\"@Starsservice\" \/>\n<meta name=\"twitter:site\" content=\"@Starsservice\" \/>\n<meta name=\"twitter:label1\" content=\"\u00c9crit par\" \/>\n\t<meta name=\"twitter:data1\" content=\"cyma\" \/>\n\t<meta name=\"twitter:label2\" content=\"Dur\u00e9e de lecture estim\u00e9e\" \/>\n\t<meta name=\"twitter:data2\" content=\"3 minutes\" \/>\n<script type=\"application\/ld+json\" class=\"yoast-schema-graph\">{\"@context\":\"https:\/\/schema.org\",\"@graph\":[{\"@type\":\"Article\",\"@id\":\"https:\/\/www.groupestarservice.com\/blog\/zoom-sur-le-programme-interlud-qui-comment-pourquoi\/#article\",\"isPartOf\":{\"@id\":\"https:\/\/www.groupestarservice.com\/blog\/zoom-sur-le-programme-interlud-qui-comment-pourquoi\/\"},\"author\":{\"name\":\"cyma\",\"@id\":\"https:\/\/www.groupestarservice.com\/blog\/#\/schema\/person\/2cd9c82e5121ab8f6aa61975d746e0d1\"},\"headline\":\"Zoom sur le programme InTerLUD : Qui ? Comment ? Pourquoi ?\",\"datePublished\":\"2022-02-09T16:45:25+00:00\",\"dateModified\":\"2022-08-18T11:19:00+00:00\",\"mainEntityOfPage\":{\"@id\":\"https:\/\/www.groupestarservice.com\/blog\/zoom-sur-le-programme-interlud-qui-comment-pourquoi\/\"},\"wordCount\":645,\"image\":{\"@id\":\"https:\/\/www.groupestarservice.com\/blog\/zoom-sur-le-programme-interlud-qui-comment-pourquoi\/#primaryimage\"},\"thumbnailUrl\":\"https:\/\/www.groupestarservice.com\/blog\/wp-content\/uploads\/2022\/02\/x_Header_article.jpg\",\"articleSection\":[\"RSE\"],\"inLanguage\":\"fr-FR\"},{\"@type\":\"WebPage\",\"@id\":\"https:\/\/www.groupestarservice.com\/blog\/zoom-sur-le-programme-interlud-qui-comment-pourquoi\/\",\"url\":\"https:\/\/www.groupestarservice.com\/blog\/zoom-sur-le-programme-interlud-qui-comment-pourquoi\/\",\"name\":\"Zoom sur le programme InTerLUD : Qui ? Comment ? Pourquoi ?\",\"isPartOf\":{\"@id\":\"https:\/\/www.groupestarservice.com\/blog\/#website\"},\"primaryImageOfPage\":{\"@id\":\"https:\/\/www.groupestarservice.com\/blog\/zoom-sur-le-programme-interlud-qui-comment-pourquoi\/#primaryimage\"},\"image\":{\"@id\":\"https:\/\/www.groupestarservice.com\/blog\/zoom-sur-le-programme-interlud-qui-comment-pourquoi\/#primaryimage\"},\"thumbnailUrl\":\"https:\/\/www.groupestarservice.com\/blog\/wp-content\/uploads\/2022\/02\/x_Header_article.jpg\",\"datePublished\":\"2022-02-09T16:45:25+00:00\",\"dateModified\":\"2022-08-18T11:19:00+00:00\",\"author\":{\"@id\":\"https:\/\/www.groupestarservice.com\/blog\/#\/schema\/person\/2cd9c82e5121ab8f6aa61975d746e0d1\"},\"description\":\"Star Service vous pr\u00e9sente InTerLUD, un programme r\u00e9unissant acteurs priv\u00e9s et publics autour d\u2019actions volontaires sur le transport de marchandises en ville.\",\"breadcrumb\":{\"@id\":\"https:\/\/www.groupestarservice.com\/blog\/zoom-sur-le-programme-interlud-qui-comment-pourquoi\/#breadcrumb\"},\"inLanguage\":\"fr-FR\",\"potentialAction\":[{\"@type\":\"ReadAction\",\"target\":[\"https:\/\/www.groupestarservice.com\/blog\/zoom-sur-le-programme-interlud-qui-comment-pourquoi\/\"]}]},{\"@type\":\"ImageObject\",\"inLanguage\":\"fr-FR\",\"@id\":\"https:\/\/www.groupestarservice.com\/blog\/zoom-sur-le-programme-interlud-qui-comment-pourquoi\/#primaryimage\",\"url\":\"https:\/\/www.groupestarservice.com\/blog\/wp-content\/uploads\/2022\/02\/x_Header_article.jpg\",\"contentUrl\":\"https:\/\/www.groupestarservice.com\/blog\/wp-content\/uploads\/2022\/02\/x_Header_article.jpg\",\"width\":1920,\"height\":890,\"caption\":\"livraison dernier kilom\u00e8tre\"},{\"@type\":\"BreadcrumbList\",\"@id\":\"https:\/\/www.groupestarservice.com\/blog\/zoom-sur-le-programme-interlud-qui-comment-pourquoi\/#breadcrumb\",\"itemListElement\":[{\"@type\":\"ListItem\",\"position\":1,\"name\":\"Accueil\",\"item\":\"https:\/\/www.groupestarservice.com\/blog\/\"},{\"@type\":\"ListItem\",\"position\":2,\"name\":\"Zoom sur le programme InTerLUD : Qui ? Comment ? Pourquoi ?\"}]},{\"@type\":\"WebSite\",\"@id\":\"https:\/\/www.groupestarservice.com\/blog\/#website\",\"url\":\"https:\/\/www.groupestarservice.com\/blog\/\",\"name\":\"Star Service - Le rendez-vous du dernier km\",\"description\":\"\",\"potentialAction\":[{\"@type\":\"SearchAction\",\"target\":{\"@type\":\"EntryPoint\",\"urlTemplate\":\"https:\/\/www.groupestarservice.com\/blog\/?s={search_term_string}\"},\"query-input\":{\"@type\":\"PropertyValueSpecification\",\"valueRequired\":true,\"valueName\":\"search_term_string\"}}],\"inLanguage\":\"fr-FR\"},{\"@type\":\"Person\",\"@id\":\"https:\/\/www.groupestarservice.com\/blog\/#\/schema\/person\/2cd9c82e5121ab8f6aa61975d746e0d1\",\"name\":\"cyma\",\"image\":{\"@type\":\"ImageObject\",\"inLanguage\":\"fr-FR\",\"@id\":\"https:\/\/www.groupestarservice.com\/blog\/#\/schema\/person\/image\/\",\"url\":\"https:\/\/secure.gravatar.com\/avatar\/9b11ec004641ddc4ab2c2fcae2953aecd4f734fd8a0c354c98224ade6086999e?s=96&d=mm&r=g\",\"contentUrl\":\"https:\/\/secure.gravatar.com\/avatar\/9b11ec004641ddc4ab2c2fcae2953aecd4f734fd8a0c354c98224ade6086999e?s=96&d=mm&r=g\",\"caption\":\"cyma\"},\"url\":\"https:\/\/www.groupestarservice.com\/blog\/author\/claire\/\"}]}<\/script>\n<!-- \/ Yoast SEO plugin. -->","yoast_head_json":{"title":"Zoom sur le programme InTerLUD : Qui ? Comment ? Pourquoi ?","description":"Star Service vous pr\u00e9sente InTerLUD, un programme r\u00e9unissant acteurs priv\u00e9s et publics autour d\u2019actions volontaires sur le transport de marchandises en ville.","robots":{"index":"index","follow":"follow","max-snippet":"max-snippet:-1","max-image-preview":"max-image-preview:large","max-video-preview":"max-video-preview:-1"},"canonical":"https:\/\/www.groupestarservice.com\/blog\/zoom-sur-le-programme-interlud-qui-comment-pourquoi\/","og_locale":"fr_FR","og_type":"article","og_title":"Zoom sur le programme InTerLUD : Qui ? Comment ? Pourquoi ?","og_description":"Star Service vous pr\u00e9sente InTerLUD, un programme r\u00e9unissant acteurs priv\u00e9s et publics autour d\u2019actions volontaires sur le transport de marchandises en ville.","og_url":"https:\/\/www.groupestarservice.com\/blog\/zoom-sur-le-programme-interlud-qui-comment-pourquoi\/","og_site_name":"Star Service - Le rendez-vous du dernier km","article_published_time":"2022-02-09T16:45:25+00:00","article_modified_time":"2022-08-18T11:19:00+00:00","og_image":[{"width":1920,"height":890,"url":"https:\/\/www.groupestarservice.com\/blog\/wp-content\/uploads\/2022\/02\/x_Header_article.jpg","type":"image\/jpeg"}],"author":"cyma","twitter_card":"summary_large_image","twitter_creator":"@Starsservice","twitter_site":"@Starsservice","twitter_misc":{"\u00c9crit par":"cyma","Dur\u00e9e de lecture estim\u00e9e":"3 minutes"},"schema":{"@context":"https:\/\/schema.org","@graph":[{"@type":"Article","@id":"https:\/\/www.groupestarservice.com\/blog\/zoom-sur-le-programme-interlud-qui-comment-pourquoi\/#article","isPartOf":{"@id":"https:\/\/www.groupestarservice.com\/blog\/zoom-sur-le-programme-interlud-qui-comment-pourquoi\/"},"author":{"name":"cyma","@id":"https:\/\/www.groupestarservice.com\/blog\/#\/schema\/person\/2cd9c82e5121ab8f6aa61975d746e0d1"},"headline":"Zoom sur le programme InTerLUD : Qui ? Comment ? Pourquoi ?","datePublished":"2022-02-09T16:45:25+00:00","dateModified":"2022-08-18T11:19:00+00:00","mainEntityOfPage":{"@id":"https:\/\/www.groupestarservice.com\/blog\/zoom-sur-le-programme-interlud-qui-comment-pourquoi\/"},"wordCount":645,"image":{"@id":"https:\/\/www.groupestarservice.com\/blog\/zoom-sur-le-programme-interlud-qui-comment-pourquoi\/#primaryimage"},"thumbnailUrl":"https:\/\/www.groupestarservice.com\/blog\/wp-content\/uploads\/2022\/02\/x_Header_article.jpg","articleSection":["RSE"],"inLanguage":"fr-FR"},{"@type":"WebPage","@id":"https:\/\/www.groupestarservice.com\/blog\/zoom-sur-le-programme-interlud-qui-comment-pourquoi\/","url":"https:\/\/www.groupestarservice.com\/blog\/zoom-sur-le-programme-interlud-qui-comment-pourquoi\/","name":"Zoom sur le programme InTerLUD : Qui ? Comment ? Pourquoi ?","isPartOf":{"@id":"https:\/\/www.groupestarservice.com\/blog\/#website"},"primaryImageOfPage":{"@id":"https:\/\/www.groupestarservice.com\/blog\/zoom-sur-le-programme-interlud-qui-comment-pourquoi\/#primaryimage"},"image":{"@id":"https:\/\/www.groupestarservice.com\/blog\/zoom-sur-le-programme-interlud-qui-comment-pourquoi\/#primaryimage"},"thumbnailUrl":"https:\/\/www.groupestarservice.com\/blog\/wp-content\/uploads\/2022\/02\/x_Header_article.jpg","datePublished":"2022-02-09T16:45:25+00:00","dateModified":"2022-08-18T11:19:00+00:00","author":{"@id":"https:\/\/www.groupestarservice.com\/blog\/#\/schema\/person\/2cd9c82e5121ab8f6aa61975d746e0d1"},"description":"Star Service vous pr\u00e9sente InTerLUD, un programme r\u00e9unissant acteurs priv\u00e9s et publics autour d\u2019actions volontaires sur le transport de marchandises en ville.","breadcrumb":{"@id":"https:\/\/www.groupestarservice.com\/blog\/zoom-sur-le-programme-interlud-qui-comment-pourquoi\/#breadcrumb"},"inLanguage":"fr-FR","potentialAction":[{"@type":"ReadAction","target":["https:\/\/www.groupestarservice.com\/blog\/zoom-sur-le-programme-interlud-qui-comment-pourquoi\/"]}]},{"@type":"ImageObject","inLanguage":"fr-FR","@id":"https:\/\/www.groupestarservice.com\/blog\/zoom-sur-le-programme-interlud-qui-comment-pourquoi\/#primaryimage","url":"https:\/\/www.groupestarservice.com\/blog\/wp-content\/uploads\/2022\/02\/x_Header_article.jpg","contentUrl":"https:\/\/www.groupestarservice.com\/blog\/wp-content\/uploads\/2022\/02\/x_Header_article.jpg","width":1920,"height":890,"caption":"livraison dernier kilom\u00e8tre"},{"@type":"BreadcrumbList","@id":"https:\/\/www.groupestarservice.com\/blog\/zoom-sur-le-programme-interlud-qui-comment-pourquoi\/#breadcrumb","itemListElement":[{"@type":"ListItem","position":1,"name":"Accueil","item":"https:\/\/www.groupestarservice.com\/blog\/"},{"@type":"ListItem","position":2,"name":"Zoom sur le programme InTerLUD : Qui ? Comment ? Pourquoi ?"}]},{"@type":"WebSite","@id":"https:\/\/www.groupestarservice.com\/blog\/#website","url":"https:\/\/www.groupestarservice.com\/blog\/","name":"Star Service - Le rendez-vous du dernier km","description":"","potentialAction":[{"@type":"SearchAction","target":{"@type":"EntryPoint","urlTemplate":"https:\/\/www.groupestarservice.com\/blog\/?s={search_term_string}"},"query-input":{"@type":"PropertyValueSpecification","valueRequired":true,"valueName":"search_term_string"}}],"inLanguage":"fr-FR"},{"@type":"Person","@id":"https:\/\/www.groupestarservice.com\/blog\/#\/schema\/person\/2cd9c82e5121ab8f6aa61975d746e0d1","name":"cyma","image":{"@type":"ImageObject","inLanguage":"fr-FR","@id":"https:\/\/www.groupestarservice.com\/blog\/#\/schema\/person\/image\/","url":"https:\/\/secure.gravatar.com\/avatar\/9b11ec004641ddc4ab2c2fcae2953aecd4f734fd8a0c354c98224ade6086999e?s=96&d=mm&r=g","contentUrl":"https:\/\/secure.gravatar.com\/avatar\/9b11ec004641ddc4ab2c2fcae2953aecd4f734fd8a0c354c98224ade6086999e?s=96&d=mm&r=g","caption":"cyma"},"url":"https:\/\/www.groupestarservice.com\/blog\/author\/claire\/"}]}},"_links":{"self":[{"href":"https:\/\/www.groupestarservice.com\/blog\/wp-json\/wp\/v2\/posts\/3429","targetHints":{"allow":["GET"]}}],"collection":[{"href":"https:\/\/www.groupestarservice.com\/blog\/wp-json\/wp\/v2\/posts"}],"about":[{"href":"https:\/\/www.groupestarservice.com\/blog\/wp-json\/wp\/v2\/types\/post"}],"author":[{"embeddable":true,"href":"https:\/\/www.groupestarservice.com\/blog\/wp-json\/wp\/v2\/users\/2"}],"replies":[{"embeddable":true,"href":"https:\/\/www.groupestarservice.com\/blog\/wp-json\/wp\/v2\/comments?post=3429"}],"version-history":[{"count":3,"href":"https:\/\/www.groupestarservice.com\/blog\/wp-json\/wp\/v2\/posts\/3429\/revisions"}],"predecessor-version":[{"id":3434,"href":"https:\/\/www.groupestarservice.com\/blog\/wp-json\/wp\/v2\/posts\/3429\/revisions\/3434"}],"wp:featuredmedia":[{"embeddable":true,"href":"https:\/\/www.groupestarservice.com\/blog\/wp-json\/wp\/v2\/media\/3432"}],"wp:attachment":[{"href":"https:\/\/www.groupestarservice.com\/blog\/wp-json\/wp\/v2\/media?parent=3429"}],"wp:term":[{"taxonomy":"category","embeddable":true,"href":"https:\/\/www.groupestarservice.com\/blog\/wp-json\/wp\/v2\/categories?post=3429"},{"taxonomy":"post_tag","embeddable":true,"href":"https:\/\/www.groupestarservice.com\/blog\/wp-json\/wp\/v2\/tags?post=3429"}],"curies":[{"name":"wp","href":"https:\/\/api.w.org\/{rel}","templated":true}]}}