{"id":3463,"date":"2022-02-17T11:46:00","date_gmt":"2022-02-17T10:46:00","guid":{"rendered":"https:\/\/www.groupestarservice.com\/blog\/\/?p=3463"},"modified":"2024-07-31T09:16:40","modified_gmt":"2024-07-31T07:16:40","slug":"la-logistique-urbaine-simpose-avec-lexplosion-du-transport-et-de-la-livraison-de-colis","status":"publish","type":"post","link":"https:\/\/www.groupestarservice.com\/blog\/la-logistique-urbaine-simpose-avec-lexplosion-du-transport-et-de-la-livraison-de-colis\/","title":{"rendered":"Logistique urbaine : l\u2019explosion du transport et la livraison de colis"},"content":{"rendered":"\n<p>En supply chain management, il faut souvent r\u00e9pondre \u00e0 une \u00e9quation complexe : concilier l\u2019essor du e-commerce avec l\u2019explosion des offres de <strong><a href=\"https:\/\/www.groupestarservice.com\/blog\/\/comment-mettre-en-place-une-organisation-logistique-au-service-de-la-livraison-express\/\">livraison express<\/a><\/strong> et les pr\u00e9occupations environnementales des habitants (notamment la pollution atmosph\u00e9rique, sonore et visuelle en ville). Les achats en ligne ne cessent d\u2019augmenter alors que de nombreux quartiers intra-muros se pi\u00e9tonnisent, \u00e0 Paris comme dans d\u2019autres grandes villes. La<strong> <a href=\"https:\/\/www.groupestarservice.com\/blog\/\/guide-livraison-de-colis-et-dernier-kilometre\/\">livraison dernier kilom\u00e8tre<\/a><\/strong> doit r\u00e9ussir \u00e0 combiner performance et durabilit\u00e9.<\/p>\n\n\n\n<h2 class=\"wp-block-heading\" id=\"la-mutualisation-pour-consolider-les-flux\">La mutualisation pour consolider les flux<\/h2>\n\n\n\n<p>Pour r\u00e9pondre aux nouvelles attentes des consommateurs, il est vital pour les acteurs du transport et de la logistique d\u2019\u00e9voluer vers des<strong> solutions plus respectueuses de l\u2019environnement<\/strong> : v\u00e9hicules norm\u00e9s Euro 6, modes de transport doux et \u00e9cologiques, optimisation des flux, r\u00e9duction de la distance entre les marchandises et la demande, etc. Une r\u00e9organisation est n\u00e9cessaire pour satisfaire ces nouvelles habitudes de consommation : il faut passer d\u2019une logistique centralis\u00e9e \u00e0 une<strong> logistique mutualis\u00e9e<\/strong>. En effet, la <strong><a href=\"https:\/\/www.groupestarservice.com\/blog\/\/la-livraison-a-domicile-une-necessite-ou-une-opportunite\/\">livraison \u00e0 domicile<\/a> <\/strong>manque encore d\u2019efficacit\u00e9 \u00e0 cause de la dispersion g\u00e9ographique des points de livraison, de la fr\u00e9quence de l\u2019\u00e9chec de livraison, mais aussi de la concurrence entre les op\u00e9rateurs de <strong>livraison du dernier kilom\u00e8tre<\/strong>. Pour appuyer cette mutualisation, il est n\u00e9cessaire d\u2019utiliser des <strong>technologies et d&rsquo;infrastructures intelligentes<\/strong>.<\/p>\n\n\n\n<h2 class=\"wp-block-heading\" id=\"les-enjeux-actuels-de-la-logistique-urbaine\">Les enjeux actuels de la logistique urbaine<\/h2>\n\n\n\n<p>Il existe encore peu de mod\u00e8les collaboratifs, alors que leurs b\u00e9n\u00e9fices ne sont plus \u00e0 prouver. Pourtant, afin d\u2019apporter une meilleure exp\u00e9rience d\u2019achat et de livraison au client final, il est n\u00e9cessaire de repenser toute la <strong><a href=\"https:\/\/www.groupestarservice.com\/la-logistique-urbaine\/\">logistique urbaine<\/a><\/strong>. La mutualisation repr\u00e9sente la strat\u00e9gie la plus porteuse pour tous les acteurs du secteur. Actuellement, des progr\u00e8s sont d\u00e9j\u00e0 r\u00e9alis\u00e9s en mati\u00e8re de durabilit\u00e9 : le <strong>v\u00e9hicule propre<\/strong> devient progressivement la norme pour les livraisons en ville. En sachant que la logistique urbaine repr\u00e9sente pr\u00e8s de 10 millions de livraisons et d&rsquo;enl\u00e8vements quotidiens en France, cette avanc\u00e9e est loin d\u2019\u00eatre n\u00e9gligeable. Le trafic urbain g\u00e9n\u00e8re 30 % des gaz \u00e0 effet de serre, 40 % des \u00e9missions de particules fines et consomme 50 % du gazole en zone urbaine : il est plus qu\u2019urgent de g\u00e9n\u00e9raliser des <strong><a href=\"https:\/\/www.groupestarservice.com\/blog\/\/livraison-ecologique\/\" target=\"_blank\" rel=\"noreferrer noopener\">solutions de livraison propres et durables<\/a><\/strong>.<\/p>\n\n\n\n<h2 class=\"wp-block-heading\" id=\"star-service-une-alliance-parfaite-entre-mutualisation-et-logistique-propre\">Star Service : une alliance parfaite entre mutualisation et logistique propre<\/h2>\n\n\n\n<p>Star Service est un expert de la <strong><a href=\"https:\/\/www.groupestarservice.com\/blog\/\/enjeux-livraison-dernier-kilometre\/\" target=\"_blank\" rel=\"noreferrer noopener\">livraison dernier kilom\u00e8tre<\/a><\/strong> qui participe activement \u00e0 la mutation de la <strong><a href=\"https:\/\/www.groupestarservice.com\/blog\/\/logistique-urbaine-letat-sengage-un-peu-plus\/\" target=\"_blank\" rel=\"noreferrer noopener\">logistique urbaine<\/a><\/strong>. Pour faciliter le changement vers un monde plus vert tout en satisfaisant les attentes de nos clients, nous utilisons une flotte de plus de 250 v\u00e9hicules \u00e9lectriques et camions GNV. Notre entreprise a ainsi obtenu le<strong> label Objectif CO2<\/strong>, repr\u00e9sentatif d\u2019une baisse de 20 % de nos \u00e9missions de CO2 depuis 2010. Gr\u00e2ce \u00e0 notre organisation op\u00e9rationnelle, nous sommes en mesure d\u2019optimiser les tourn\u00e9es et les distances pour une v\u00e9ritable <strong>mutualisation des flux sur le dernier kilom\u00e8tre<\/strong>. Nos livreurs sont form\u00e9s \u00e0 l\u2019\u00e9co-conduite pour limiter au maximum leur impact sur l\u2019environnement.<\/p>\n\n\n\n<p>Ainsi, dans une actualit\u00e9 o\u00f9 les politiques locales comme europ\u00e9ennes sont de plus en plus contraignantes vis-\u00e0-vis de l\u2019environnement et dans un contexte o\u00f9 les consommateurs exigent des<strong> <a href=\"https:\/\/www.groupestarservice.com\/blog\/\/comment-mettre-en-place-une-organisation-logistique-au-service-de-la-livraison-express\/\" target=\"_blank\" rel=\"noreferrer noopener\">livraisons toujours plus rapides<\/a><\/strong>, Star Service se positionne comme le prestataire id\u00e9al. Soyez pr\u00e9sent sur tous les fronts en m\u00eame temps !<\/p>\n","protected":false},"excerpt":{"rendered":"<p>En supply chain management, il faut souvent r\u00e9pondre \u00e0 une \u00e9quation complexe : concilier l\u2019essor du e-commerce avec l\u2019explosion des offres de livraison express et les pr\u00e9occupations environnementales des habitants (notamment la pollution atmosph\u00e9rique, sonore et visuelle en ville). Les&#8230;<\/p>\n","protected":false},"author":2,"featured_media":3464,"comment_status":"closed","ping_status":"closed","sticky":false,"template":"","format":"standard","meta":{"_acf_changed":false,"twitterCardType":"","cardImageID":0,"cardImage":"","cardTitle":"","cardDesc":"","cardImageAlt":"","cardPlayer":"","cardPlayerWidth":0,"cardPlayerHeight":0,"cardPlayerStream":"","cardPlayerCodec":"","footnotes":""},"categories":[23,36],"tags":[],"class_list":["post-3463","post","type-post","status-publish","format-standard","has-post-thumbnail","hentry","category-rse","category-transport-logistique"],"acf":[],"yoast_head":"<!-- This site is optimized with the Yoast SEO plugin v27.0 - https:\/\/yoast.com\/product\/yoast-seo-wordpress\/ -->\n<title>Logistique urbaine : explosion du transport et de la livraison<\/title>\n<meta name=\"description\" content=\"D\u2019ici 5 ans, le nombre de colis sera multipli\u00e9 par 2. Comment coupler cette explosion avec les pr\u00e9occupations environnementales des habitants ?\" \/>\n<meta name=\"robots\" content=\"index, follow, max-snippet:-1, max-image-preview:large, max-video-preview:-1\" \/>\n<link rel=\"canonical\" href=\"https:\/\/www.groupestarservice.com\/blog\/la-logistique-urbaine-simpose-avec-lexplosion-du-transport-et-de-la-livraison-de-colis\/\" \/>\n<meta property=\"og:locale\" content=\"fr_FR\" \/>\n<meta property=\"og:type\" content=\"article\" \/>\n<meta property=\"og:title\" content=\"Logistique urbaine : explosion du transport et de la livraison\" \/>\n<meta property=\"og:description\" content=\"D\u2019ici 5 ans, le nombre de colis sera multipli\u00e9 par 2. Comment coupler cette explosion avec les pr\u00e9occupations environnementales des habitants ?\" \/>\n<meta property=\"og:url\" content=\"https:\/\/www.groupestarservice.com\/blog\/la-logistique-urbaine-simpose-avec-lexplosion-du-transport-et-de-la-livraison-de-colis\/\" \/>\n<meta property=\"og:site_name\" content=\"Star Service - Le rendez-vous du dernier km\" \/>\n<meta property=\"article:published_time\" content=\"2022-02-17T10:46:00+00:00\" \/>\n<meta property=\"article:modified_time\" content=\"2024-07-31T07:16:40+00:00\" \/>\n<meta property=\"og:image\" content=\"https:\/\/www.groupestarservice.com\/blog\/wp-content\/uploads\/2022\/03\/logistique-urbaine-scaled.jpg\" \/>\n\t<meta property=\"og:image:width\" content=\"2560\" \/>\n\t<meta property=\"og:image:height\" content=\"1442\" \/>\n\t<meta property=\"og:image:type\" content=\"image\/jpeg\" \/>\n<meta name=\"author\" content=\"cyma\" \/>\n<meta name=\"twitter:card\" content=\"summary_large_image\" \/>\n<meta name=\"twitter:creator\" content=\"@Starsservice\" \/>\n<meta name=\"twitter:site\" content=\"@Starsservice\" \/>\n<meta name=\"twitter:label1\" content=\"\u00c9crit par\" \/>\n\t<meta name=\"twitter:data1\" content=\"cyma\" \/>\n\t<meta name=\"twitter:label2\" content=\"Dur\u00e9e de lecture estim\u00e9e\" \/>\n\t<meta name=\"twitter:data2\" content=\"3 minutes\" \/>\n<script type=\"application\/ld+json\" class=\"yoast-schema-graph\">{\"@context\":\"https:\/\/schema.org\",\"@graph\":[{\"@type\":\"Article\",\"@id\":\"https:\/\/www.groupestarservice.com\/blog\/la-logistique-urbaine-simpose-avec-lexplosion-du-transport-et-de-la-livraison-de-colis\/#article\",\"isPartOf\":{\"@id\":\"https:\/\/www.groupestarservice.com\/blog\/la-logistique-urbaine-simpose-avec-lexplosion-du-transport-et-de-la-livraison-de-colis\/\"},\"author\":{\"name\":\"cyma\",\"@id\":\"https:\/\/www.groupestarservice.com\/blog\/#\/schema\/person\/2cd9c82e5121ab8f6aa61975d746e0d1\"},\"headline\":\"Logistique urbaine : l\u2019explosion du transport et la livraison de colis\",\"datePublished\":\"2022-02-17T10:46:00+00:00\",\"dateModified\":\"2024-07-31T07:16:40+00:00\",\"mainEntityOfPage\":{\"@id\":\"https:\/\/www.groupestarservice.com\/blog\/la-logistique-urbaine-simpose-avec-lexplosion-du-transport-et-de-la-livraison-de-colis\/\"},\"wordCount\":581,\"image\":{\"@id\":\"https:\/\/www.groupestarservice.com\/blog\/la-logistique-urbaine-simpose-avec-lexplosion-du-transport-et-de-la-livraison-de-colis\/#primaryimage\"},\"thumbnailUrl\":\"https:\/\/www.groupestarservice.com\/blog\/wp-content\/uploads\/2022\/03\/logistique-urbaine-scaled.jpg\",\"articleSection\":[\"RSE\",\"Transport Logistique\"],\"inLanguage\":\"fr-FR\"},{\"@type\":\"WebPage\",\"@id\":\"https:\/\/www.groupestarservice.com\/blog\/la-logistique-urbaine-simpose-avec-lexplosion-du-transport-et-de-la-livraison-de-colis\/\",\"url\":\"https:\/\/www.groupestarservice.com\/blog\/la-logistique-urbaine-simpose-avec-lexplosion-du-transport-et-de-la-livraison-de-colis\/\",\"name\":\"Logistique urbaine : explosion du transport et de la livraison\",\"isPartOf\":{\"@id\":\"https:\/\/www.groupestarservice.com\/blog\/#website\"},\"primaryImageOfPage\":{\"@id\":\"https:\/\/www.groupestarservice.com\/blog\/la-logistique-urbaine-simpose-avec-lexplosion-du-transport-et-de-la-livraison-de-colis\/#primaryimage\"},\"image\":{\"@id\":\"https:\/\/www.groupestarservice.com\/blog\/la-logistique-urbaine-simpose-avec-lexplosion-du-transport-et-de-la-livraison-de-colis\/#primaryimage\"},\"thumbnailUrl\":\"https:\/\/www.groupestarservice.com\/blog\/wp-content\/uploads\/2022\/03\/logistique-urbaine-scaled.jpg\",\"datePublished\":\"2022-02-17T10:46:00+00:00\",\"dateModified\":\"2024-07-31T07:16:40+00:00\",\"author\":{\"@id\":\"https:\/\/www.groupestarservice.com\/blog\/#\/schema\/person\/2cd9c82e5121ab8f6aa61975d746e0d1\"},\"description\":\"D\u2019ici 5 ans, le nombre de colis sera multipli\u00e9 par 2. Comment coupler cette explosion avec les pr\u00e9occupations environnementales des habitants ?\",\"breadcrumb\":{\"@id\":\"https:\/\/www.groupestarservice.com\/blog\/la-logistique-urbaine-simpose-avec-lexplosion-du-transport-et-de-la-livraison-de-colis\/#breadcrumb\"},\"inLanguage\":\"fr-FR\",\"potentialAction\":[{\"@type\":\"ReadAction\",\"target\":[\"https:\/\/www.groupestarservice.com\/blog\/la-logistique-urbaine-simpose-avec-lexplosion-du-transport-et-de-la-livraison-de-colis\/\"]}]},{\"@type\":\"ImageObject\",\"inLanguage\":\"fr-FR\",\"@id\":\"https:\/\/www.groupestarservice.com\/blog\/la-logistique-urbaine-simpose-avec-lexplosion-du-transport-et-de-la-livraison-de-colis\/#primaryimage\",\"url\":\"https:\/\/www.groupestarservice.com\/blog\/wp-content\/uploads\/2022\/03\/logistique-urbaine-scaled.jpg\",\"contentUrl\":\"https:\/\/www.groupestarservice.com\/blog\/wp-content\/uploads\/2022\/03\/logistique-urbaine-scaled.jpg\",\"width\":2560,\"height\":1442,\"caption\":\"logistique urbaine\"},{\"@type\":\"BreadcrumbList\",\"@id\":\"https:\/\/www.groupestarservice.com\/blog\/la-logistique-urbaine-simpose-avec-lexplosion-du-transport-et-de-la-livraison-de-colis\/#breadcrumb\",\"itemListElement\":[{\"@type\":\"ListItem\",\"position\":1,\"name\":\"Accueil\",\"item\":\"https:\/\/www.groupestarservice.com\/blog\/\"},{\"@type\":\"ListItem\",\"position\":2,\"name\":\"Logistique urbaine : l\u2019explosion du transport et la livraison de colis\"}]},{\"@type\":\"WebSite\",\"@id\":\"https:\/\/www.groupestarservice.com\/blog\/#website\",\"url\":\"https:\/\/www.groupestarservice.com\/blog\/\",\"name\":\"Star Service - Le rendez-vous du dernier km\",\"description\":\"\",\"potentialAction\":[{\"@type\":\"SearchAction\",\"target\":{\"@type\":\"EntryPoint\",\"urlTemplate\":\"https:\/\/www.groupestarservice.com\/blog\/?s={search_term_string}\"},\"query-input\":{\"@type\":\"PropertyValueSpecification\",\"valueRequired\":true,\"valueName\":\"search_term_string\"}}],\"inLanguage\":\"fr-FR\"},{\"@type\":\"Person\",\"@id\":\"https:\/\/www.groupestarservice.com\/blog\/#\/schema\/person\/2cd9c82e5121ab8f6aa61975d746e0d1\",\"name\":\"cyma\",\"image\":{\"@type\":\"ImageObject\",\"inLanguage\":\"fr-FR\",\"@id\":\"https:\/\/www.groupestarservice.com\/blog\/#\/schema\/person\/image\/\",\"url\":\"https:\/\/secure.gravatar.com\/avatar\/9b11ec004641ddc4ab2c2fcae2953aecd4f734fd8a0c354c98224ade6086999e?s=96&d=mm&r=g\",\"contentUrl\":\"https:\/\/secure.gravatar.com\/avatar\/9b11ec004641ddc4ab2c2fcae2953aecd4f734fd8a0c354c98224ade6086999e?s=96&d=mm&r=g\",\"caption\":\"cyma\"},\"url\":\"https:\/\/www.groupestarservice.com\/blog\/author\/claire\/\"}]}<\/script>\n<!-- \/ Yoast SEO plugin. -->","yoast_head_json":{"title":"Logistique urbaine : explosion du transport et de la livraison","description":"D\u2019ici 5 ans, le nombre de colis sera multipli\u00e9 par 2. Comment coupler cette explosion avec les pr\u00e9occupations environnementales des habitants ?","robots":{"index":"index","follow":"follow","max-snippet":"max-snippet:-1","max-image-preview":"max-image-preview:large","max-video-preview":"max-video-preview:-1"},"canonical":"https:\/\/www.groupestarservice.com\/blog\/la-logistique-urbaine-simpose-avec-lexplosion-du-transport-et-de-la-livraison-de-colis\/","og_locale":"fr_FR","og_type":"article","og_title":"Logistique urbaine : explosion du transport et de la livraison","og_description":"D\u2019ici 5 ans, le nombre de colis sera multipli\u00e9 par 2. Comment coupler cette explosion avec les pr\u00e9occupations environnementales des habitants ?","og_url":"https:\/\/www.groupestarservice.com\/blog\/la-logistique-urbaine-simpose-avec-lexplosion-du-transport-et-de-la-livraison-de-colis\/","og_site_name":"Star Service - Le rendez-vous du dernier km","article_published_time":"2022-02-17T10:46:00+00:00","article_modified_time":"2024-07-31T07:16:40+00:00","og_image":[{"width":2560,"height":1442,"url":"https:\/\/www.groupestarservice.com\/blog\/wp-content\/uploads\/2022\/03\/logistique-urbaine-scaled.jpg","type":"image\/jpeg"}],"author":"cyma","twitter_card":"summary_large_image","twitter_creator":"@Starsservice","twitter_site":"@Starsservice","twitter_misc":{"\u00c9crit par":"cyma","Dur\u00e9e de lecture estim\u00e9e":"3 minutes"},"schema":{"@context":"https:\/\/schema.org","@graph":[{"@type":"Article","@id":"https:\/\/www.groupestarservice.com\/blog\/la-logistique-urbaine-simpose-avec-lexplosion-du-transport-et-de-la-livraison-de-colis\/#article","isPartOf":{"@id":"https:\/\/www.groupestarservice.com\/blog\/la-logistique-urbaine-simpose-avec-lexplosion-du-transport-et-de-la-livraison-de-colis\/"},"author":{"name":"cyma","@id":"https:\/\/www.groupestarservice.com\/blog\/#\/schema\/person\/2cd9c82e5121ab8f6aa61975d746e0d1"},"headline":"Logistique urbaine : l\u2019explosion du transport et la livraison de colis","datePublished":"2022-02-17T10:46:00+00:00","dateModified":"2024-07-31T07:16:40+00:00","mainEntityOfPage":{"@id":"https:\/\/www.groupestarservice.com\/blog\/la-logistique-urbaine-simpose-avec-lexplosion-du-transport-et-de-la-livraison-de-colis\/"},"wordCount":581,"image":{"@id":"https:\/\/www.groupestarservice.com\/blog\/la-logistique-urbaine-simpose-avec-lexplosion-du-transport-et-de-la-livraison-de-colis\/#primaryimage"},"thumbnailUrl":"https:\/\/www.groupestarservice.com\/blog\/wp-content\/uploads\/2022\/03\/logistique-urbaine-scaled.jpg","articleSection":["RSE","Transport Logistique"],"inLanguage":"fr-FR"},{"@type":"WebPage","@id":"https:\/\/www.groupestarservice.com\/blog\/la-logistique-urbaine-simpose-avec-lexplosion-du-transport-et-de-la-livraison-de-colis\/","url":"https:\/\/www.groupestarservice.com\/blog\/la-logistique-urbaine-simpose-avec-lexplosion-du-transport-et-de-la-livraison-de-colis\/","name":"Logistique urbaine : explosion du transport et de la livraison","isPartOf":{"@id":"https:\/\/www.groupestarservice.com\/blog\/#website"},"primaryImageOfPage":{"@id":"https:\/\/www.groupestarservice.com\/blog\/la-logistique-urbaine-simpose-avec-lexplosion-du-transport-et-de-la-livraison-de-colis\/#primaryimage"},"image":{"@id":"https:\/\/www.groupestarservice.com\/blog\/la-logistique-urbaine-simpose-avec-lexplosion-du-transport-et-de-la-livraison-de-colis\/#primaryimage"},"thumbnailUrl":"https:\/\/www.groupestarservice.com\/blog\/wp-content\/uploads\/2022\/03\/logistique-urbaine-scaled.jpg","datePublished":"2022-02-17T10:46:00+00:00","dateModified":"2024-07-31T07:16:40+00:00","author":{"@id":"https:\/\/www.groupestarservice.com\/blog\/#\/schema\/person\/2cd9c82e5121ab8f6aa61975d746e0d1"},"description":"D\u2019ici 5 ans, le nombre de colis sera multipli\u00e9 par 2. Comment coupler cette explosion avec les pr\u00e9occupations environnementales des habitants ?","breadcrumb":{"@id":"https:\/\/www.groupestarservice.com\/blog\/la-logistique-urbaine-simpose-avec-lexplosion-du-transport-et-de-la-livraison-de-colis\/#breadcrumb"},"inLanguage":"fr-FR","potentialAction":[{"@type":"ReadAction","target":["https:\/\/www.groupestarservice.com\/blog\/la-logistique-urbaine-simpose-avec-lexplosion-du-transport-et-de-la-livraison-de-colis\/"]}]},{"@type":"ImageObject","inLanguage":"fr-FR","@id":"https:\/\/www.groupestarservice.com\/blog\/la-logistique-urbaine-simpose-avec-lexplosion-du-transport-et-de-la-livraison-de-colis\/#primaryimage","url":"https:\/\/www.groupestarservice.com\/blog\/wp-content\/uploads\/2022\/03\/logistique-urbaine-scaled.jpg","contentUrl":"https:\/\/www.groupestarservice.com\/blog\/wp-content\/uploads\/2022\/03\/logistique-urbaine-scaled.jpg","width":2560,"height":1442,"caption":"logistique urbaine"},{"@type":"BreadcrumbList","@id":"https:\/\/www.groupestarservice.com\/blog\/la-logistique-urbaine-simpose-avec-lexplosion-du-transport-et-de-la-livraison-de-colis\/#breadcrumb","itemListElement":[{"@type":"ListItem","position":1,"name":"Accueil","item":"https:\/\/www.groupestarservice.com\/blog\/"},{"@type":"ListItem","position":2,"name":"Logistique urbaine : l\u2019explosion du transport et la livraison de colis"}]},{"@type":"WebSite","@id":"https:\/\/www.groupestarservice.com\/blog\/#website","url":"https:\/\/www.groupestarservice.com\/blog\/","name":"Star Service - Le rendez-vous du dernier km","description":"","potentialAction":[{"@type":"SearchAction","target":{"@type":"EntryPoint","urlTemplate":"https:\/\/www.groupestarservice.com\/blog\/?s={search_term_string}"},"query-input":{"@type":"PropertyValueSpecification","valueRequired":true,"valueName":"search_term_string"}}],"inLanguage":"fr-FR"},{"@type":"Person","@id":"https:\/\/www.groupestarservice.com\/blog\/#\/schema\/person\/2cd9c82e5121ab8f6aa61975d746e0d1","name":"cyma","image":{"@type":"ImageObject","inLanguage":"fr-FR","@id":"https:\/\/www.groupestarservice.com\/blog\/#\/schema\/person\/image\/","url":"https:\/\/secure.gravatar.com\/avatar\/9b11ec004641ddc4ab2c2fcae2953aecd4f734fd8a0c354c98224ade6086999e?s=96&d=mm&r=g","contentUrl":"https:\/\/secure.gravatar.com\/avatar\/9b11ec004641ddc4ab2c2fcae2953aecd4f734fd8a0c354c98224ade6086999e?s=96&d=mm&r=g","caption":"cyma"},"url":"https:\/\/www.groupestarservice.com\/blog\/author\/claire\/"}]}},"_links":{"self":[{"href":"https:\/\/www.groupestarservice.com\/blog\/wp-json\/wp\/v2\/posts\/3463","targetHints":{"allow":["GET"]}}],"collection":[{"href":"https:\/\/www.groupestarservice.com\/blog\/wp-json\/wp\/v2\/posts"}],"about":[{"href":"https:\/\/www.groupestarservice.com\/blog\/wp-json\/wp\/v2\/types\/post"}],"author":[{"embeddable":true,"href":"https:\/\/www.groupestarservice.com\/blog\/wp-json\/wp\/v2\/users\/2"}],"replies":[{"embeddable":true,"href":"https:\/\/www.groupestarservice.com\/blog\/wp-json\/wp\/v2\/comments?post=3463"}],"version-history":[{"count":4,"href":"https:\/\/www.groupestarservice.com\/blog\/wp-json\/wp\/v2\/posts\/3463\/revisions"}],"predecessor-version":[{"id":4109,"href":"https:\/\/www.groupestarservice.com\/blog\/wp-json\/wp\/v2\/posts\/3463\/revisions\/4109"}],"wp:featuredmedia":[{"embeddable":true,"href":"https:\/\/www.groupestarservice.com\/blog\/wp-json\/wp\/v2\/media\/3464"}],"wp:attachment":[{"href":"https:\/\/www.groupestarservice.com\/blog\/wp-json\/wp\/v2\/media?parent=3463"}],"wp:term":[{"taxonomy":"category","embeddable":true,"href":"https:\/\/www.groupestarservice.com\/blog\/wp-json\/wp\/v2\/categories?post=3463"},{"taxonomy":"post_tag","embeddable":true,"href":"https:\/\/www.groupestarservice.com\/blog\/wp-json\/wp\/v2\/tags?post=3463"}],"curies":[{"name":"wp","href":"https:\/\/api.w.org\/{rel}","templated":true}]}}