{"id":3523,"date":"2022-04-21T17:25:34","date_gmt":"2022-04-21T15:25:34","guid":{"rendered":"https:\/\/www.groupestarservice.com\/blog\/\/?p=3523"},"modified":"2022-08-18T13:19:51","modified_gmt":"2022-08-18T11:19:51","slug":"lacte-2-du-pacte-pour-une-logistique-metropolitaine","status":"publish","type":"post","link":"https:\/\/www.groupestarservice.com\/blog\/lacte-2-du-pacte-pour-une-logistique-metropolitaine\/","title":{"rendered":"L&rsquo;Acte 2 du pacte pour une logistique m\u00e9tropolitaine"},"content":{"rendered":"\n<p>Apr\u00e8s un an de d\u00e9ploiement de l\u2019acte 2 du Pacte pour une logistique m\u00e9tropolitaine, la M\u00e9tropole du Grand Paris a organis\u00e9 le 29 mars un comit\u00e9 des partenaires pour faire un bilan et initier les travaux futurs. Arr\u00eat sur image\u2026<\/p>\n\n\n\n<p>Cet \u00e9v\u00e8nement, qui a rassembl\u00e9 plus de 150 participants&nbsp;; \u00e9lus, institutionnels et acteurs \u00e9conomiques de la M\u00e9tropole du Grand Paris, a permis de revenir sur les projets qui ont marqu\u00e9 le territoire. Des tables rondes, des pitchs de startups et des initiatives sociales et solidaires ont aliment\u00e9 la journ\u00e9e.<\/p>\n\n\n\n<h2 class=\"wp-block-heading\" id=\"retour-sur-les-faits-logistiques-marquants\"><strong>Retour sur les faits logistiques marquants<\/strong><\/h2>\n\n\n\n<p>Jean-Michel Genestier, conseiller d\u00e9l\u00e9gu\u00e9 \u00e0 la Logistique m\u00e9tropolitaine, a introduit cet \u00e9v\u00e8nement avec les r\u00e9alisations les plus marquantes depuis le lancement de l\u2019acte 2 en f\u00e9vrier 2021. Il est \u00e9galement revenu sur les perspectives 2022 \/ 2023. Sur le plan de l\u2019immobilier, la r\u00e9alisation du site P4 de Sogaris \u00e0 Pantin ainsi que le projet du site Goodman de 90 000 m\u00b2 pr\u00e9vu pour 2024 \u00e0 Gennevilliers, faciliteront la <a href=\"https:\/\/www.groupestarservice.com\/logistique-du-dernier-kilometre\/\"><strong>logistique du dernier kilom\u00e8tre<\/strong><\/a><strong> <\/strong>francilienne. De plus, une r\u00e9flexion est en cours pour d\u00e9cliner les orientations logistiques du Sch\u00e9ma de Coh\u00e9rence Territoriale (SCoT) m\u00e9tropolitain dans les Plans Locaux d\u2019Urbanisme Intercommunaux (PLUi). La M\u00e9tropole souhaite \u00e9galement lancer un appel \u00e0 projets logistiques sur une dizaine de sites \u00e0 un horizon moyen terme. Faisant suite \u00e0 l\u2019exp\u00e9rimentation d\u2019aires de livraison&nbsp;connect\u00e9es du 4ieme arrondissement, une exp\u00e9rience similaire devrait \u00eatre mise en place \u00e0 Argenteuil. Sur le plan de la transition \u00e9nerg\u00e9tique, une large enqu\u00eate a \u00e9t\u00e9 men\u00e9e avec la CCI afin de comprendre les attentes des artisans et des commer\u00e7ants dans le cadre de la ZFE-m. \u00ab&nbsp;Enfin, d\u2019ici la fin de l\u2019ann\u00e9e nous souhaitons poursuivre le travail d\u00e9but\u00e9 dans l\u2019Acte 1 du Pacte, \u00e0 savoir la simplification et l\u2019homog\u00e9n\u00e9isation des r\u00e9glementations marchandises. Nos r\u00e9flexions portent sur 4 zones de la M\u00e9tropole. Nous sommes un grand pays logistique \u00bb, a conclu Jean-Michel Genestier.<\/p>\n\n\n\n<p>Anne-Marie Idrac, pr\u00e9sidente de France Logistique, a rappel\u00e9 les 3 composantes essentielles du rapport sur la <a href=\"https:\/\/www.groupestarservice.com\/la-logistique-urbaine\/\"><strong>logistique urbaine<\/strong><\/a><strong><em> <\/em><\/strong>durable (abord\u00e9 dans <a href=\"https:\/\/www.groupestarservice.com\/blog\/\/la-cooperation-au-coeur-du-rapport-logistique-urbaine-durable\/\">un pr\u00e9c\u00e9dent article<\/a>). En premier lieu la gouvernance, pour laquelle la M\u00e9tropole du Grand Paris est pr\u00e9curseur. Ensuite, les am\u00e9nagements urbains, quelles que soient leurs tailles, car l\u2019\u00e9loignement des activit\u00e9s \u00e9conomiques en dehors des villes, cumul\u00e9 aux faibles disponibilit\u00e9s de foncier et \u00e0 l\u2019augmentation des loyers complexifient les op\u00e9rations de livraisons urbaines. Enfin, la circulation et le stationnement des v\u00e9hicules constituent un enjeu cl\u00e9, et le calendrier de la ZFE-m devra s\u2019articuler avec la disponibilit\u00e9 de moyens techniques.<\/p>\n\n\n\n<p>Pour finir cette introduction, David Belliard, adjoint \u00e0 la Mairie de Paris, a rappel\u00e9 les d\u00e9fis auxquels la <a href=\"https:\/\/www.groupestarservice.com\/la-logistique-urbaine\/\"><strong>logistique urbaine<\/strong><\/a><strong><em> <\/em><\/strong>est confront\u00e9e, notamment l\u2019explosion des flux, la protection sociale des livreurs et de l\u2019environnement. Des axes ont alors \u00e9t\u00e9 propos\u00e9s pour les relever, notamment l\u2019immobilier et la disponibilit\u00e9 de foncier, le partage de l\u2019espace public (avec un engagement de cr\u00e9er 1000 aires de livraison suppl\u00e9mentaires d\u2019ici 2026), l\u2019am\u00e9lioration des conditions de travail des livreurs et les aides financi\u00e8res pour aider les professionnels \u00e0 convertir leurs flottes.<\/p>\n\n\n\n<h2 class=\"wp-block-heading\" id=\"les-innovations-dans-la-logistique-du-dernier-kilometre\"><strong>Les innovations dans la logistique du dernier kilom\u00e8tre<\/strong><\/h2>\n\n\n\n<p>Introduite par Geoffroy BOULARD, Vice-Pr\u00e9sident de la M\u00e9tropole, la premi\u00e8re table ronde sur \u00ab&nbsp;l\u2019innovation au service de la transition \u00e9nerg\u00e9tique&nbsp;\u00bb a mis en lumi\u00e8re des initiatives d\u00e9carbon\u00e9es pour la <a href=\"https:\/\/www.groupestarservice.com\/logistique-du-dernier-kilometre\/\"><strong>logistique du dernier kilom\u00e8tre<\/strong><\/a>. En premier lieu, Phoenix Mobility r\u00e9alise le r\u00e9trofit<a href=\"#_ftn1\" id=\"_ftnref1\">[1]<\/a> de v\u00e9hicules thermiques, notamment des v\u00e9hicules utilitaires, en v\u00e9hicules \u00e9lectriques. Deux fois moins polluant par rapport \u00e0 un achat de v\u00e9hicule neuf, le r\u00e9trofit constitue un levier int\u00e9ressant pour acc\u00e9l\u00e9rer le renouvellement des flottes. C\u2019est \u00e9galement dans cette optique que le Groupe Renault transforme son usine de Flins autour du projet \u00ab&nbsp;Re-Factory&nbsp;\u00bb consacr\u00e9 \u00e0 l\u2019\u00e9conomie circulaire.<\/p>\n\n\n\n<p>La soci\u00e9t\u00e9 Clem\u2019 propose quant \u00e0 elle une flotte en autopartage \u00e0 destination des professionnels, notamment les comptes propres, logisticiens et acteurs du e-commerce.<\/p>\n\n\n\n<p>Enfin, l\u2019association des Bo\u00eetes \u00e0 V\u00e9lo a rappel\u00e9 les avantages \u00e9conomiques et environnementaux qu\u2019offre la cyclologistique, tout en confirmant que ces initiatives sont compl\u00e9mentaires au transport de marchandises en camions. Alors que la part modale de la cyclologistique est \u00e0 ce jour inf\u00e9rieure \u00e0 2%, l\u2019association vise 10% de part modale d\u2019ici 3 ans. En support \u00e0 cette ambition, le programme ColisActiv, pr\u00e9sent\u00e9 en pitch, soutient financi\u00e8rement et durablement les entreprises de cyclologistique.<\/p>\n\n\n\n<p>Du c\u00f4t\u00e9 des stands, nous retenons le concept original de collecte hippomobile&nbsp;initi\u00e9 par Les Alchimistes, \u00e0 Stains. Cette association r\u00e9alise des tourn\u00e9es de collecte des biod\u00e9chets \u00e0 cheval, avant de les transformer en compost. Voici un formidable vecteur de sensibilisation \u00e0 l\u2019\u00e9cologie aupr\u00e8s des habitants.<\/p>\n\n\n\n<h2 class=\"wp-block-heading\" id=\"le-foncier-logistique-vertueux-possible-a-toutes-les-echelles\"><strong>Le foncier logistique vertueux possible \u00e0 toutes les \u00e9chelles<\/strong><strong><\/strong><\/h2>\n\n\n\n<p>La seconde table ronde intitul\u00e9e \u00ab&nbsp;les nouvelles formes de foncier logistique&nbsp;\u00bb a permis de valoriser les diff\u00e9rentes initiatives priv\u00e9es et publiques facilitant la <a href=\"https:\/\/www.groupestarservice.com\/la-logistique-urbaine\/\"><strong>logistique urbaine<\/strong><\/a><strong> <\/strong>durable, et ce sur diff\u00e9rents niveaux d\u2019immobilier logistique.<\/p>\n\n\n\n<p>Prologis a rappel\u00e9 les bonnes pratiques mises en \u0153uvre dans l\u2019entrep\u00f4t XXL livr\u00e9 \u00e0 Moissy Cramayel pour Samada. L\u2019attractivit\u00e9 du site a \u00e9t\u00e9 renforc\u00e9e gr\u00e2ce \u00e0 une cr\u00e8che et des bus d\u00e9di\u00e9s qui ont \u00e9t\u00e9 mis en place pour s\u2019y rendre. Goodman est revenu sur le projet Green Dock, laur\u00e9at de l\u2019appel d\u2019offres d\u2019Haropa. Cet entrep\u00f4t trimodal (embranch\u00e9 fer, fleuve et route) sur 6 \u00e9tages, pour r\u00e9duire l\u2019emprise au sol, permettra de mettre en \u0153uvre des solutions de <a href=\"https:\/\/www.groupestarservice.com\/la-logistique-urbaine\/\"><strong>livraison urbaine<\/strong><\/a> d\u00e9carbon\u00e9e.<\/p>\n\n\n\n<p>Sp\u00e9cialiste de l\u2019immobilier logistique de proximit\u00e9, Sogaris a pr\u00e9sent\u00e9 trois projets int\u00e9gr\u00e9s dans le tissu urbain, desquels trois enseignements sont tir\u00e9s&nbsp;: les temps de d\u00e9veloppement sont longs, les espaces urbains sont contraints, mais cela oblige \u00e0 innover pour une meilleure int\u00e9gration dans la ville, et la <a href=\"https:\/\/www.groupestarservice.com\/la-logistique-urbaine\/\"><strong>logistique urbaine<\/strong><\/a> peut \u00eatre une fonction \u00e0 part enti\u00e8re en ville. C\u2019est sur le dernier maillon d\u2019hyper-proximit\u00e9 de la <a href=\"https:\/\/www.groupestarservice.com\/la-logistique-urbaine\/\"><strong>logistique urbaine<\/strong><\/a> que la startup Boks se positionne en proposant des consignes \u00e0 colis intelligentes et multi acteurs \u00e9vitant alors les \u00e9checs \u00e0 la livraison. Notons aussi la solution de livraison en l\u2019absence de destinataire KwikWink\u00ae, une serrure intelligente, qui permet aux livreurs de d\u00e9poser les colis dans les logements.<\/p>\n\n\n\n<h2 class=\"wp-block-heading\" id=\"quelle-est-la-position-des-acteurs-publics\"><strong>Quelle est la position des acteurs publics&nbsp;?<\/strong><\/h2>\n\n\n\n<p>Mathieu Defrel, \u00e9lu de Plaine Commune, a t\u00e9moign\u00e9 de la transformation de son territoire qui accueillera 5 gares du Grand Paris Express ainsi que des grands \u00e9quipements pour les JOP 2024. Une r\u00e9flexion sous le prisme de la logistique est donc port\u00e9e sur le territoire, dans un contexte o\u00f9 le ferroviaire a \u00e9t\u00e9 d\u00e9laiss\u00e9 et o\u00f9 s\u2019exerce une pression fonci\u00e8re. Ainsi, Plaine Commune souhaite anticiper les enjeux futurs et accompagner les activit\u00e9s logistiques afin qu\u2019elles soient les plus vertueuses possible et augmenter leur acceptabilit\u00e9 aupr\u00e8s des habitants.<\/p>\n\n\n\n<p>Le Maire de Rungis, Bruno Marcillaud, est conscient de pr\u00e9senter un territoire \u00e0 forte attractivit\u00e9 pour la logistique. Grand Orly Seine Bi\u00e8vre est en effet le premier territoire logistique m\u00e9tropolitain. Rungis accueille 5600 habitants, mais 40&nbsp;000 emplois, ce qui pr\u00e9sente d\u2019autres contraintes. Selon Bruno Marcillaud, il y a du foncier disponible mais il faut le rendre accessible aux activit\u00e9s de <a href=\"https:\/\/www.groupestarservice.com\/la-logistique-urbaine\/\"><strong>logistique urbaine<\/strong><\/a>.<\/p>\n\n\n\n<p>La dynamique de la <strong>livraison \u00e9cologique<\/strong> dans la M\u00e9tropole du Grand Paris est donc bien lanc\u00e9e et dresse une feuille de route ambitieuse, tant sur les modes de transport que sur l\u2019immobilier. L\u2019initiative de la M\u00e9tropole du Grand Paris montre qu\u2019il est possible d\u2019avancer en bonne intelligence avec tous les acteurs pour faire de la <a href=\"https:\/\/www.groupestarservice.com\/la-logistique-urbaine\/\"><strong>logistique urbaine<\/strong><\/a><strong><em> <\/em><\/strong>durable un atout pour les territoires.<\/p>\n\n\n\n<hr class=\"wp-block-separator has-css-opacity\"\/>\n\n\n\n<p><a href=\"#_ftnref1\" id=\"_ftn1\">[1]<\/a> Le r\u00e9trofit correspond \u00e0 la conversion de la motorisation essence ou diesel de v\u00e9hicules en motorisation \u00e9lectrique. L&rsquo;homologation du r\u00e9trofit&nbsp;est autoris\u00e9e en France (arr\u00eat\u00e9 minist\u00e9riel du 13 mars 2020 publi\u00e9 au journal officiel le 3 avril 2020). Le r\u00e9trofit b\u00e9n\u00e9ficie d&rsquo;aides publiques sous forme de versement de prime.<\/p>\n","protected":false},"excerpt":{"rendered":"<p>Apr\u00e8s un an de d\u00e9ploiement de l\u2019acte 2 du Pacte pour une logistique m\u00e9tropolitaine, la M\u00e9tropole du Grand Paris a organis\u00e9 le 29 mars un comit\u00e9 des partenaires pour faire un bilan et initier les travaux futurs. Arr\u00eat sur image\u2026&#8230;<\/p>\n","protected":false},"author":2,"featured_media":3525,"comment_status":"closed","ping_status":"closed","sticky":false,"template":"","format":"standard","meta":{"_acf_changed":false,"twitterCardType":"","cardImageID":0,"cardImage":"","cardTitle":"","cardDesc":"","cardImageAlt":"","cardPlayer":"","cardPlayerWidth":0,"cardPlayerHeight":0,"cardPlayerStream":"","cardPlayerCodec":"","footnotes":""},"categories":[23],"tags":[],"class_list":["post-3523","post","type-post","status-publish","format-standard","has-post-thumbnail","hentry","category-rse"],"acf":[],"yoast_head":"<!-- This site is optimized with the Yoast SEO plugin v27.0 - https:\/\/yoast.com\/product\/yoast-seo-wordpress\/ -->\n<title>L&#039;Acte 2 du pacte pour une logistique m\u00e9tropolitaine<\/title>\n<meta name=\"description\" content=\"La M\u00e9tropole du Grand Paris a organis\u00e9 le 29 mars un comit\u00e9 des partenaires pour faire un bilan et initier les travaux futurs. Star Service fait le point !\" \/>\n<meta name=\"robots\" content=\"index, follow, max-snippet:-1, max-image-preview:large, max-video-preview:-1\" \/>\n<link rel=\"canonical\" href=\"https:\/\/www.groupestarservice.com\/blog\/lacte-2-du-pacte-pour-une-logistique-metropolitaine\/\" \/>\n<meta property=\"og:locale\" content=\"fr_FR\" \/>\n<meta property=\"og:type\" content=\"article\" \/>\n<meta property=\"og:title\" content=\"L&#039;Acte 2 du pacte pour une logistique m\u00e9tropolitaine\" \/>\n<meta property=\"og:description\" content=\"La M\u00e9tropole du Grand Paris a organis\u00e9 le 29 mars un comit\u00e9 des partenaires pour faire un bilan et initier les travaux futurs. Star Service fait le point !\" \/>\n<meta property=\"og:url\" content=\"https:\/\/www.groupestarservice.com\/blog\/lacte-2-du-pacte-pour-une-logistique-metropolitaine\/\" \/>\n<meta property=\"og:site_name\" content=\"Star Service - Le rendez-vous du dernier km\" \/>\n<meta property=\"article:published_time\" content=\"2022-04-21T15:25:34+00:00\" \/>\n<meta property=\"article:modified_time\" content=\"2022-08-18T11:19:51+00:00\" \/>\n<meta property=\"og:image\" content=\"https:\/\/www.groupestarservice.com\/blog\/wp-content\/uploads\/2022\/04\/x_Header_article-1.jpg\" \/>\n\t<meta property=\"og:image:width\" content=\"1920\" \/>\n\t<meta property=\"og:image:height\" content=\"890\" \/>\n\t<meta property=\"og:image:type\" content=\"image\/jpeg\" \/>\n<meta name=\"author\" content=\"cyma\" \/>\n<meta name=\"twitter:card\" content=\"summary_large_image\" \/>\n<meta name=\"twitter:creator\" content=\"@Starsservice\" \/>\n<meta name=\"twitter:site\" content=\"@Starsservice\" \/>\n<meta name=\"twitter:label1\" content=\"\u00c9crit par\" \/>\n\t<meta name=\"twitter:data1\" content=\"cyma\" \/>\n\t<meta name=\"twitter:label2\" content=\"Dur\u00e9e de lecture estim\u00e9e\" \/>\n\t<meta name=\"twitter:data2\" content=\"7 minutes\" \/>\n<script type=\"application\/ld+json\" class=\"yoast-schema-graph\">{\"@context\":\"https:\/\/schema.org\",\"@graph\":[{\"@type\":\"Article\",\"@id\":\"https:\/\/www.groupestarservice.com\/blog\/lacte-2-du-pacte-pour-une-logistique-metropolitaine\/#article\",\"isPartOf\":{\"@id\":\"https:\/\/www.groupestarservice.com\/blog\/lacte-2-du-pacte-pour-une-logistique-metropolitaine\/\"},\"author\":{\"name\":\"cyma\",\"@id\":\"https:\/\/www.groupestarservice.com\/blog\/#\/schema\/person\/2cd9c82e5121ab8f6aa61975d746e0d1\"},\"headline\":\"L&rsquo;Acte 2 du pacte pour une logistique m\u00e9tropolitaine\",\"datePublished\":\"2022-04-21T15:25:34+00:00\",\"dateModified\":\"2022-08-18T11:19:51+00:00\",\"mainEntityOfPage\":{\"@id\":\"https:\/\/www.groupestarservice.com\/blog\/lacte-2-du-pacte-pour-une-logistique-metropolitaine\/\"},\"wordCount\":1397,\"image\":{\"@id\":\"https:\/\/www.groupestarservice.com\/blog\/lacte-2-du-pacte-pour-une-logistique-metropolitaine\/#primaryimage\"},\"thumbnailUrl\":\"https:\/\/www.groupestarservice.com\/blog\/wp-content\/uploads\/2022\/04\/x_Header_article-1.jpg\",\"articleSection\":[\"RSE\"],\"inLanguage\":\"fr-FR\"},{\"@type\":\"WebPage\",\"@id\":\"https:\/\/www.groupestarservice.com\/blog\/lacte-2-du-pacte-pour-une-logistique-metropolitaine\/\",\"url\":\"https:\/\/www.groupestarservice.com\/blog\/lacte-2-du-pacte-pour-une-logistique-metropolitaine\/\",\"name\":\"L'Acte 2 du pacte pour une logistique m\u00e9tropolitaine\",\"isPartOf\":{\"@id\":\"https:\/\/www.groupestarservice.com\/blog\/#website\"},\"primaryImageOfPage\":{\"@id\":\"https:\/\/www.groupestarservice.com\/blog\/lacte-2-du-pacte-pour-une-logistique-metropolitaine\/#primaryimage\"},\"image\":{\"@id\":\"https:\/\/www.groupestarservice.com\/blog\/lacte-2-du-pacte-pour-une-logistique-metropolitaine\/#primaryimage\"},\"thumbnailUrl\":\"https:\/\/www.groupestarservice.com\/blog\/wp-content\/uploads\/2022\/04\/x_Header_article-1.jpg\",\"datePublished\":\"2022-04-21T15:25:34+00:00\",\"dateModified\":\"2022-08-18T11:19:51+00:00\",\"author\":{\"@id\":\"https:\/\/www.groupestarservice.com\/blog\/#\/schema\/person\/2cd9c82e5121ab8f6aa61975d746e0d1\"},\"description\":\"La M\u00e9tropole du Grand Paris a organis\u00e9 le 29 mars un comit\u00e9 des partenaires pour faire un bilan et initier les travaux futurs. Star Service fait le point !\",\"breadcrumb\":{\"@id\":\"https:\/\/www.groupestarservice.com\/blog\/lacte-2-du-pacte-pour-une-logistique-metropolitaine\/#breadcrumb\"},\"inLanguage\":\"fr-FR\",\"potentialAction\":[{\"@type\":\"ReadAction\",\"target\":[\"https:\/\/www.groupestarservice.com\/blog\/lacte-2-du-pacte-pour-une-logistique-metropolitaine\/\"]}]},{\"@type\":\"ImageObject\",\"inLanguage\":\"fr-FR\",\"@id\":\"https:\/\/www.groupestarservice.com\/blog\/lacte-2-du-pacte-pour-une-logistique-metropolitaine\/#primaryimage\",\"url\":\"https:\/\/www.groupestarservice.com\/blog\/wp-content\/uploads\/2022\/04\/x_Header_article-1.jpg\",\"contentUrl\":\"https:\/\/www.groupestarservice.com\/blog\/wp-content\/uploads\/2022\/04\/x_Header_article-1.jpg\",\"width\":1920,\"height\":890,\"caption\":\"image paris\"},{\"@type\":\"BreadcrumbList\",\"@id\":\"https:\/\/www.groupestarservice.com\/blog\/lacte-2-du-pacte-pour-une-logistique-metropolitaine\/#breadcrumb\",\"itemListElement\":[{\"@type\":\"ListItem\",\"position\":1,\"name\":\"Accueil\",\"item\":\"https:\/\/www.groupestarservice.com\/blog\/\"},{\"@type\":\"ListItem\",\"position\":2,\"name\":\"L&rsquo;Acte 2 du pacte pour une logistique m\u00e9tropolitaine\"}]},{\"@type\":\"WebSite\",\"@id\":\"https:\/\/www.groupestarservice.com\/blog\/#website\",\"url\":\"https:\/\/www.groupestarservice.com\/blog\/\",\"name\":\"Star Service - Le rendez-vous du dernier km\",\"description\":\"\",\"potentialAction\":[{\"@type\":\"SearchAction\",\"target\":{\"@type\":\"EntryPoint\",\"urlTemplate\":\"https:\/\/www.groupestarservice.com\/blog\/?s={search_term_string}\"},\"query-input\":{\"@type\":\"PropertyValueSpecification\",\"valueRequired\":true,\"valueName\":\"search_term_string\"}}],\"inLanguage\":\"fr-FR\"},{\"@type\":\"Person\",\"@id\":\"https:\/\/www.groupestarservice.com\/blog\/#\/schema\/person\/2cd9c82e5121ab8f6aa61975d746e0d1\",\"name\":\"cyma\",\"image\":{\"@type\":\"ImageObject\",\"inLanguage\":\"fr-FR\",\"@id\":\"https:\/\/www.groupestarservice.com\/blog\/#\/schema\/person\/image\/\",\"url\":\"https:\/\/secure.gravatar.com\/avatar\/9b11ec004641ddc4ab2c2fcae2953aecd4f734fd8a0c354c98224ade6086999e?s=96&d=mm&r=g\",\"contentUrl\":\"https:\/\/secure.gravatar.com\/avatar\/9b11ec004641ddc4ab2c2fcae2953aecd4f734fd8a0c354c98224ade6086999e?s=96&d=mm&r=g\",\"caption\":\"cyma\"},\"url\":\"https:\/\/www.groupestarservice.com\/blog\/author\/claire\/\"}]}<\/script>\n<!-- \/ Yoast SEO plugin. -->","yoast_head_json":{"title":"L'Acte 2 du pacte pour une logistique m\u00e9tropolitaine","description":"La M\u00e9tropole du Grand Paris a organis\u00e9 le 29 mars un comit\u00e9 des partenaires pour faire un bilan et initier les travaux futurs. Star Service fait le point !","robots":{"index":"index","follow":"follow","max-snippet":"max-snippet:-1","max-image-preview":"max-image-preview:large","max-video-preview":"max-video-preview:-1"},"canonical":"https:\/\/www.groupestarservice.com\/blog\/lacte-2-du-pacte-pour-une-logistique-metropolitaine\/","og_locale":"fr_FR","og_type":"article","og_title":"L'Acte 2 du pacte pour une logistique m\u00e9tropolitaine","og_description":"La M\u00e9tropole du Grand Paris a organis\u00e9 le 29 mars un comit\u00e9 des partenaires pour faire un bilan et initier les travaux futurs. Star Service fait le point !","og_url":"https:\/\/www.groupestarservice.com\/blog\/lacte-2-du-pacte-pour-une-logistique-metropolitaine\/","og_site_name":"Star Service - Le rendez-vous du dernier km","article_published_time":"2022-04-21T15:25:34+00:00","article_modified_time":"2022-08-18T11:19:51+00:00","og_image":[{"width":1920,"height":890,"url":"https:\/\/www.groupestarservice.com\/blog\/wp-content\/uploads\/2022\/04\/x_Header_article-1.jpg","type":"image\/jpeg"}],"author":"cyma","twitter_card":"summary_large_image","twitter_creator":"@Starsservice","twitter_site":"@Starsservice","twitter_misc":{"\u00c9crit par":"cyma","Dur\u00e9e de lecture estim\u00e9e":"7 minutes"},"schema":{"@context":"https:\/\/schema.org","@graph":[{"@type":"Article","@id":"https:\/\/www.groupestarservice.com\/blog\/lacte-2-du-pacte-pour-une-logistique-metropolitaine\/#article","isPartOf":{"@id":"https:\/\/www.groupestarservice.com\/blog\/lacte-2-du-pacte-pour-une-logistique-metropolitaine\/"},"author":{"name":"cyma","@id":"https:\/\/www.groupestarservice.com\/blog\/#\/schema\/person\/2cd9c82e5121ab8f6aa61975d746e0d1"},"headline":"L&rsquo;Acte 2 du pacte pour une logistique m\u00e9tropolitaine","datePublished":"2022-04-21T15:25:34+00:00","dateModified":"2022-08-18T11:19:51+00:00","mainEntityOfPage":{"@id":"https:\/\/www.groupestarservice.com\/blog\/lacte-2-du-pacte-pour-une-logistique-metropolitaine\/"},"wordCount":1397,"image":{"@id":"https:\/\/www.groupestarservice.com\/blog\/lacte-2-du-pacte-pour-une-logistique-metropolitaine\/#primaryimage"},"thumbnailUrl":"https:\/\/www.groupestarservice.com\/blog\/wp-content\/uploads\/2022\/04\/x_Header_article-1.jpg","articleSection":["RSE"],"inLanguage":"fr-FR"},{"@type":"WebPage","@id":"https:\/\/www.groupestarservice.com\/blog\/lacte-2-du-pacte-pour-une-logistique-metropolitaine\/","url":"https:\/\/www.groupestarservice.com\/blog\/lacte-2-du-pacte-pour-une-logistique-metropolitaine\/","name":"L'Acte 2 du pacte pour une logistique m\u00e9tropolitaine","isPartOf":{"@id":"https:\/\/www.groupestarservice.com\/blog\/#website"},"primaryImageOfPage":{"@id":"https:\/\/www.groupestarservice.com\/blog\/lacte-2-du-pacte-pour-une-logistique-metropolitaine\/#primaryimage"},"image":{"@id":"https:\/\/www.groupestarservice.com\/blog\/lacte-2-du-pacte-pour-une-logistique-metropolitaine\/#primaryimage"},"thumbnailUrl":"https:\/\/www.groupestarservice.com\/blog\/wp-content\/uploads\/2022\/04\/x_Header_article-1.jpg","datePublished":"2022-04-21T15:25:34+00:00","dateModified":"2022-08-18T11:19:51+00:00","author":{"@id":"https:\/\/www.groupestarservice.com\/blog\/#\/schema\/person\/2cd9c82e5121ab8f6aa61975d746e0d1"},"description":"La M\u00e9tropole du Grand Paris a organis\u00e9 le 29 mars un comit\u00e9 des partenaires pour faire un bilan et initier les travaux futurs. Star Service fait le point !","breadcrumb":{"@id":"https:\/\/www.groupestarservice.com\/blog\/lacte-2-du-pacte-pour-une-logistique-metropolitaine\/#breadcrumb"},"inLanguage":"fr-FR","potentialAction":[{"@type":"ReadAction","target":["https:\/\/www.groupestarservice.com\/blog\/lacte-2-du-pacte-pour-une-logistique-metropolitaine\/"]}]},{"@type":"ImageObject","inLanguage":"fr-FR","@id":"https:\/\/www.groupestarservice.com\/blog\/lacte-2-du-pacte-pour-une-logistique-metropolitaine\/#primaryimage","url":"https:\/\/www.groupestarservice.com\/blog\/wp-content\/uploads\/2022\/04\/x_Header_article-1.jpg","contentUrl":"https:\/\/www.groupestarservice.com\/blog\/wp-content\/uploads\/2022\/04\/x_Header_article-1.jpg","width":1920,"height":890,"caption":"image paris"},{"@type":"BreadcrumbList","@id":"https:\/\/www.groupestarservice.com\/blog\/lacte-2-du-pacte-pour-une-logistique-metropolitaine\/#breadcrumb","itemListElement":[{"@type":"ListItem","position":1,"name":"Accueil","item":"https:\/\/www.groupestarservice.com\/blog\/"},{"@type":"ListItem","position":2,"name":"L&rsquo;Acte 2 du pacte pour une logistique m\u00e9tropolitaine"}]},{"@type":"WebSite","@id":"https:\/\/www.groupestarservice.com\/blog\/#website","url":"https:\/\/www.groupestarservice.com\/blog\/","name":"Star Service - Le rendez-vous du dernier km","description":"","potentialAction":[{"@type":"SearchAction","target":{"@type":"EntryPoint","urlTemplate":"https:\/\/www.groupestarservice.com\/blog\/?s={search_term_string}"},"query-input":{"@type":"PropertyValueSpecification","valueRequired":true,"valueName":"search_term_string"}}],"inLanguage":"fr-FR"},{"@type":"Person","@id":"https:\/\/www.groupestarservice.com\/blog\/#\/schema\/person\/2cd9c82e5121ab8f6aa61975d746e0d1","name":"cyma","image":{"@type":"ImageObject","inLanguage":"fr-FR","@id":"https:\/\/www.groupestarservice.com\/blog\/#\/schema\/person\/image\/","url":"https:\/\/secure.gravatar.com\/avatar\/9b11ec004641ddc4ab2c2fcae2953aecd4f734fd8a0c354c98224ade6086999e?s=96&d=mm&r=g","contentUrl":"https:\/\/secure.gravatar.com\/avatar\/9b11ec004641ddc4ab2c2fcae2953aecd4f734fd8a0c354c98224ade6086999e?s=96&d=mm&r=g","caption":"cyma"},"url":"https:\/\/www.groupestarservice.com\/blog\/author\/claire\/"}]}},"_links":{"self":[{"href":"https:\/\/www.groupestarservice.com\/blog\/wp-json\/wp\/v2\/posts\/3523","targetHints":{"allow":["GET"]}}],"collection":[{"href":"https:\/\/www.groupestarservice.com\/blog\/wp-json\/wp\/v2\/posts"}],"about":[{"href":"https:\/\/www.groupestarservice.com\/blog\/wp-json\/wp\/v2\/types\/post"}],"author":[{"embeddable":true,"href":"https:\/\/www.groupestarservice.com\/blog\/wp-json\/wp\/v2\/users\/2"}],"replies":[{"embeddable":true,"href":"https:\/\/www.groupestarservice.com\/blog\/wp-json\/wp\/v2\/comments?post=3523"}],"version-history":[{"count":2,"href":"https:\/\/www.groupestarservice.com\/blog\/wp-json\/wp\/v2\/posts\/3523\/revisions"}],"predecessor-version":[{"id":3725,"href":"https:\/\/www.groupestarservice.com\/blog\/wp-json\/wp\/v2\/posts\/3523\/revisions\/3725"}],"wp:featuredmedia":[{"embeddable":true,"href":"https:\/\/www.groupestarservice.com\/blog\/wp-json\/wp\/v2\/media\/3525"}],"wp:attachment":[{"href":"https:\/\/www.groupestarservice.com\/blog\/wp-json\/wp\/v2\/media?parent=3523"}],"wp:term":[{"taxonomy":"category","embeddable":true,"href":"https:\/\/www.groupestarservice.com\/blog\/wp-json\/wp\/v2\/categories?post=3523"},{"taxonomy":"post_tag","embeddable":true,"href":"https:\/\/www.groupestarservice.com\/blog\/wp-json\/wp\/v2\/tags?post=3523"}],"curies":[{"name":"wp","href":"https:\/\/api.w.org\/{rel}","templated":true}]}}