{"id":3935,"date":"2022-11-02T12:35:51","date_gmt":"2022-11-02T11:35:51","guid":{"rendered":"https:\/\/www.groupestarservice.com\/blog\/\/?p=3935"},"modified":"2023-02-21T16:55:21","modified_gmt":"2023-02-21T15:55:21","slug":"livraison-ecologique","status":"publish","type":"post","link":"https:\/\/www.groupestarservice.com\/blog\/livraison-ecologique\/","title":{"rendered":"Livraison \u00e9cologique : options et mesures mises en place"},"content":{"rendered":"\n<p>Face au d\u00e9r\u00e8glement climatique qui entra\u00eene des catastrophes naturelles r\u00e9currentes, <strong>les d\u00e9bats autour de l\u2019\u00e9cologie<\/strong> font partie de l\u2019actualit\u00e9 quotidienne. Parmi eux, la question de la pollution dans les transports prend une place pr\u00e9pond\u00e9rante. Pour tenter d\u2019y rem\u00e9dier, des mesures gouvernementales ont \u00e9t\u00e9 prises et plusieurs solutions sont envisag\u00e9es par les acteurs de la <a href=\"https:\/\/www.groupestarservice.com\/blog\/\/la-supply-chain-au-coeur-du-hubday-future-of-retail-e-commerce\/\" target=\"_blank\" rel=\"noreferrer noopener\">supply chain<\/a>. Voici donc un tour d\u2019horizon <strong>des options disponibles et des mesures mises en place pour ouvrir la voie \u00e0 la <a href=\"https:\/\/www.groupestarservice.com\/blog\/\/quest-ce-que-la-livraison-ecologique\/\" target=\"_blank\" rel=\"noreferrer noopener\">livraison \u00e9cologique<\/a>\u00a0<\/strong>!\u00a0\u00a0<\/p>\n\n\n\n<h2 class=\"wp-block-heading\">Les derni\u00e8res mesures gouvernementale pour une logistique durable<\/h2>\n\n\n\n<p>En octobre 2021, le gouvernement pr\u00e9sente sa <strong>strat\u00e9gie de \u00ab Digitalisation et D\u00e9carbonation des Mobilit\u00e9s \u00bb.<\/strong> \u00c9labor\u00e9e en concertation avec les f\u00e9d\u00e9rations, les acteurs des transports, les instituts de recherche et les collectivit\u00e9s, cette feuille de route comprend 13 mesures <strong>qui concernent directement la logistique 4.0<\/strong> et qui visent \u00e0 renforcer sa comp\u00e9titivit\u00e9 et son attractivit\u00e9 mais surtout son caract\u00e8re innovant et durable.<\/p>\n\n\n\n<p>Voici donc <strong>les mesures gouvernementales<\/strong> que Jean-Baptiste Djebbari, ministre d\u00e9l\u00e9gu\u00e9 charg\u00e9 des transports, et Agn\u00e8s Pannier-Runacher, ministre d\u00e9l\u00e9gu\u00e9e charg\u00e9e de l\u2019industrie, ont annonc\u00e9 le 21 octobre 2021 <strong>en faveur de la logistique 4.0 :<\/strong><\/p>\n\n\n\n<ol class=\"wp-block-list\">\n<li>La simplification de l\u2019implantation logistique responsable : \u00ab <strong>Territoires de logistique<\/strong> \u00bb&nbsp;;<\/li>\n\n\n\n<li>L\u2019organisation des conf\u00e9rences r\u00e9gionales de la Logistique&nbsp;;<\/li>\n\n\n\n<li>L\u2019accompagnement des transformations de l\u2019emploi et des comp\u00e9tences de la fili\u00e8re&nbsp;;<\/li>\n\n\n\n<li>Le Lancement de la <strong>Strat\u00e9gie Nationale Fret ferroviaire<\/strong>&nbsp;;<\/li>\n\n\n\n<li>La signature du Contrat d\u2019Objectifs et de Performance de VNF (Voies navigables de France) 2020-2029&nbsp;;<\/li>\n\n\n\n<li>L\u2019implication de la France pour conforter sa place comme <strong>premier hub a\u00e9rien europ\u00e9en<\/strong>&nbsp;;<\/li>\n\n\n\n<li>La <strong>signature d\u2019un engagement<\/strong> entre le Gouvernement et les principaux acteurs de l\u2019immobilier logistique&nbsp;;<\/li>\n\n\n\n<li>La remise du rapport \u00ab <strong>Pour une logistique urbaine durable<\/strong> \u00bb&nbsp;;<\/li>\n\n\n\n<li>L\u2019accompagnement \u00e0 la transition \u00e9nerg\u00e9tique du Transport routier de marchandises&nbsp;;<\/li>\n\n\n\n<li>La fluidification du passage aux fronti\u00e8res&nbsp;;<\/li>\n\n\n\n<li>Le lancement du premier <strong>Appel \u00e0 Projets (AAP) d\u00e9di\u00e9 \u00e0 la logistique<\/strong> : Logistique 4.0&nbsp;;<\/li>\n\n\n\n<li>L\u2019installation d\u2019un observatoire de la performance portuaire et des cha\u00eenes logistiques&nbsp;;<\/li>\n\n\n\n<li>Le lancement du premier \u00e9v\u00e9nement d\u00e9di\u00e9 aux <strong>entreprises innovantes de la Supply Tech<\/strong>.<\/li>\n<\/ol>\n\n\n\n<p>Ces mesures annonc\u00e9es par le gouvernement <strong>concernent tous les moyens de transports<\/strong> avec pour objectif de d\u00e9velopper des modes de d\u00e9placement plus vertueux tout en r\u00e9pondant aux besoins des usagers. Ainsi, <strong>la <a href=\"https:\/\/www.groupestarservice.com\/blog\/\/les-leviers-de-la-decarbonation-en-transport-logistique-urbaine\/\" target=\"_blank\" rel=\"noreferrer noopener\">d\u00e9carbonation<\/a> et la digitalisation des transports<\/strong> constituent de nouveaux enjeux pour le secteur des mobilit\u00e9s.<\/p>\n\n\n\n<h2 class=\"wp-block-heading\">Les diff\u00e9rentes options disponibles pour d\u00e9velopper la livraison \u00e9cologique&nbsp;<\/h2>\n\n\n\n<p>Au-del\u00e0 des mesures gouvernementales, les acteurs de la supply chain ont \u00e9galement voulu <strong>r\u00e9pondre \u00e0 la tendance \u00e9co-responsable<\/strong> de ses clients et tout particuli\u00e8rement les entreprises de transports <strong>en proposant des solutions alternatives<\/strong>&nbsp;:&nbsp;<\/p>\n\n\n\n<ul class=\"wp-block-list\">\n<li><strong>Des livreurs dot\u00e9s de v\u00e9hicules propres pour une livraison \u00e9cologique<\/strong><\/li>\n<\/ul>\n\n\n\n<p>Pour vous faire livrer de mani\u00e8re \u00e9cologique, vous pouvez choisir des transporteurs, comme <strong>Star Service<\/strong>, qui ont <strong>chang\u00e9 leur flotte de v\u00e9hicules par des solutions \u00e9co-responsables<\/strong>, telles que&nbsp;:&nbsp;<\/p>\n\n\n\n<ul class=\"wp-block-list\">\n<li>Des vans \u00e9lectriques ou hybrides&nbsp;;<\/li>\n\n\n\n<li>Des camions qui roulent au Biogaz ou au Gaz Naturel pour V\u00e9hicules (GNV).&nbsp;<\/li>\n<\/ul>\n\n\n\n<p><strong>Une option de livraison \u00e9cologique<\/strong> qui permet de r\u00e9duire significativement l\u2019impact carbone du transport.&nbsp;<\/p>\n\n\n\n<ul class=\"wp-block-list\">\n<li><strong>Les coursiers \u00e0 v\u00e9lo ou en cargo-cycles pour une livraison \u00e9cologique<\/strong><\/li>\n<\/ul>\n\n\n\n<p>Parce qu\u2019elle est non seulement tr\u00e8s on\u00e9reuse mais aussi particuli\u00e8rement polluante, <strong>la livraison du dernier kilom\u00e8tre<\/strong> est au centre des int\u00e9r\u00eats \u00e9cologiques. C\u2019est pour r\u00e9pondre \u00e0 ces enjeux que les transporteurs sp\u00e9cialistes de la livraison du dernier kilom\u00e8tre ont mis en place <strong>des solutions de <a href=\"https:\/\/www.groupestarservice.com\/star-service\/\" target=\"_blank\" rel=\"noreferrer noopener\">transport \u00e9cologiques<\/a> avec des coursiers \u00e0 v\u00e9lo, en <a href=\"https:\/\/www.groupestarservice.com\/blog\/\/eco-mobilite-triporteurs-electriques\/\" target=\"_blank\" rel=\"noreferrer noopener\">triporteur<\/a> ou cargo-cycles.<\/strong><\/p>\n\n\n\n<p>Ces v\u00e9hicules, g\u00e9n\u00e9ralement \u00e9quip\u00e9s de suspensions pour amortir les chocs, peuvent ainsi <strong>transporter des colis peu lourds et peu encombrants<\/strong>, mais \u00e9galement livrer des produits fragiles sans risque de casse. De plus, ces moyens de transports silencieux, <strong>limitent la pollution sonore<\/strong>, mais \u00e9galement <strong>l\u2019engorgement des espaces urbains<\/strong>.&nbsp;<\/p>\n\n\n\n<ul class=\"wp-block-list\">\n<li><strong>Des transporteurs qui s\u2019engagent pour l\u2019environnement<\/strong><\/li>\n<\/ul>\n\n\n\n<p>Lorsqu\u2019ils ne b\u00e9n\u00e9ficient pas d\u2019une flotte de v\u00e9hicules verte, certains transporteur se sont engag\u00e9s diff\u00e9remment pour limiter leurs \u00e9missions de <a href=\"https:\/\/www.groupestarservice.com\/blog\/\/label-objectif-co2-engagement-des-transporteurs-responsables\/\" target=\"_blank\" rel=\"noreferrer noopener\">CO2<\/a>&nbsp;:&nbsp;<strong>en formant leurs \u00e9quipes \u00e0 une conduite plus \u00e9co-responsable.&nbsp;&nbsp;<\/strong><\/p>\n\n\n\n<p>Parmi ces <strong>transporteurs \u00e9cologiques<\/strong>, il y a \u00e9galement ceux qui ont d\u00e9cid\u00e9 d\u2019optimiser les pneumatiques de leurs flottes. Conscients qu\u2019un sous-gonflage de 17% environ entraine une surconsommation de carburant (de l\u2019ordre d 1L\/100km), ils misent sur <strong>la r\u00e9duction de cet impact \u00e9cologique en entretenant minutieusement leur flotte de v\u00e9hicules<\/strong>.<\/p>\n\n\n\n<p>D\u2019ailleurs, l\u2019ensemble de ces \u00ab&nbsp;transporteurs \u00e9colos&nbsp;\u00bb ont g\u00e9n\u00e9ralement sign\u00e9 <strong>la charte Label CO2 valid\u00e9e par l\u2019ADEME<\/strong>, qui consiste, entre autre, \u00e0 <strong>respecter les normes Euro V et VI.<\/strong><br>Gr\u00e2ce \u00e0 toutes ces solutions et <strong>options \u00e9co-responsables<\/strong>, auxquelles participe <strong><a href=\"https:\/\/www.groupestarservice.com\/\" target=\"_blank\" rel=\"noreferrer noopener\">Star Service<\/a><\/strong>, on peut se f\u00e9liciter de voir que <strong>la machine de la livraison \u00e9cologique est en marche<\/strong>&nbsp;!<\/p>\n","protected":false},"excerpt":{"rendered":"<p>Face au d\u00e9r\u00e8glement climatique qui entra\u00eene des catastrophes naturelles r\u00e9currentes, les d\u00e9bats autour de l\u2019\u00e9cologie font partie de l\u2019actualit\u00e9 quotidienne. Parmi eux, la question de la pollution dans les transports prend une place pr\u00e9pond\u00e9rante. Pour tenter d\u2019y rem\u00e9dier, des mesures&#8230;<\/p>\n","protected":false},"author":2,"featured_media":2791,"comment_status":"closed","ping_status":"closed","sticky":false,"template":"","format":"standard","meta":{"_acf_changed":false,"twitterCardType":"","cardImageID":0,"cardImage":"","cardTitle":"","cardDesc":"","cardImageAlt":"","cardPlayer":"","cardPlayerWidth":0,"cardPlayerHeight":0,"cardPlayerStream":"","cardPlayerCodec":"","footnotes":""},"categories":[36],"tags":[],"class_list":["post-3935","post","type-post","status-publish","format-standard","has-post-thumbnail","hentry","category-transport-logistique"],"acf":[],"yoast_head":"<!-- This site is optimized with the Yoast SEO plugin v27.0 - https:\/\/yoast.com\/product\/yoast-seo-wordpress\/ -->\n<title>Livraison \u00e9cologique : options et mesures mises en place<\/title>\n<meta name=\"description\" content=\"Quelles sont les options disponibles et les mesures mises en place pour ouvrir la voie \u00e0 la livraison \u00e9cologique ?\" \/>\n<meta name=\"robots\" content=\"index, follow, max-snippet:-1, max-image-preview:large, max-video-preview:-1\" \/>\n<link rel=\"canonical\" href=\"https:\/\/www.groupestarservice.com\/blog\/livraison-ecologique\/\" \/>\n<meta property=\"og:locale\" content=\"fr_FR\" \/>\n<meta property=\"og:type\" content=\"article\" \/>\n<meta property=\"og:title\" content=\"Livraison \u00e9cologique : options et mesures mises en place\" \/>\n<meta property=\"og:description\" content=\"Quelles sont les options disponibles et les mesures mises en place pour ouvrir la voie \u00e0 la livraison \u00e9cologique ?\" \/>\n<meta property=\"og:url\" content=\"https:\/\/www.groupestarservice.com\/blog\/livraison-ecologique\/\" \/>\n<meta property=\"og:site_name\" content=\"Star Service - Le rendez-vous du dernier km\" \/>\n<meta property=\"article:published_time\" content=\"2022-11-02T11:35:51+00:00\" \/>\n<meta property=\"article:modified_time\" content=\"2023-02-21T15:55:21+00:00\" \/>\n<meta property=\"og:image\" content=\"https:\/\/www.groupestarservice.com\/blog\/wp-content\/uploads\/2020\/12\/livraison-ecologique.jpg\" \/>\n\t<meta property=\"og:image:width\" content=\"640\" \/>\n\t<meta property=\"og:image:height\" content=\"426\" \/>\n\t<meta property=\"og:image:type\" content=\"image\/jpeg\" \/>\n<meta name=\"author\" content=\"cyma\" \/>\n<meta name=\"twitter:card\" content=\"summary_large_image\" \/>\n<meta name=\"twitter:creator\" content=\"@Starsservice\" \/>\n<meta name=\"twitter:site\" content=\"@Starsservice\" \/>\n<meta name=\"twitter:label1\" content=\"\u00c9crit par\" \/>\n\t<meta name=\"twitter:data1\" content=\"cyma\" \/>\n\t<meta name=\"twitter:label2\" content=\"Dur\u00e9e de lecture estim\u00e9e\" \/>\n\t<meta name=\"twitter:data2\" content=\"4 minutes\" \/>\n<script type=\"application\/ld+json\" class=\"yoast-schema-graph\">{\"@context\":\"https:\/\/schema.org\",\"@graph\":[{\"@type\":\"Article\",\"@id\":\"https:\/\/www.groupestarservice.com\/blog\/livraison-ecologique\/#article\",\"isPartOf\":{\"@id\":\"https:\/\/www.groupestarservice.com\/blog\/livraison-ecologique\/\"},\"author\":{\"name\":\"cyma\",\"@id\":\"https:\/\/www.groupestarservice.com\/blog\/#\/schema\/person\/2cd9c82e5121ab8f6aa61975d746e0d1\"},\"headline\":\"Livraison \u00e9cologique : options et mesures mises en place\",\"datePublished\":\"2022-11-02T11:35:51+00:00\",\"dateModified\":\"2023-02-21T15:55:21+00:00\",\"mainEntityOfPage\":{\"@id\":\"https:\/\/www.groupestarservice.com\/blog\/livraison-ecologique\/\"},\"wordCount\":865,\"image\":{\"@id\":\"https:\/\/www.groupestarservice.com\/blog\/livraison-ecologique\/#primaryimage\"},\"thumbnailUrl\":\"https:\/\/www.groupestarservice.com\/blog\/wp-content\/uploads\/2020\/12\/livraison-ecologique.jpg\",\"articleSection\":[\"Transport Logistique\"],\"inLanguage\":\"fr-FR\"},{\"@type\":\"WebPage\",\"@id\":\"https:\/\/www.groupestarservice.com\/blog\/livraison-ecologique\/\",\"url\":\"https:\/\/www.groupestarservice.com\/blog\/livraison-ecologique\/\",\"name\":\"Livraison \u00e9cologique : options et mesures mises en place\",\"isPartOf\":{\"@id\":\"https:\/\/www.groupestarservice.com\/blog\/#website\"},\"primaryImageOfPage\":{\"@id\":\"https:\/\/www.groupestarservice.com\/blog\/livraison-ecologique\/#primaryimage\"},\"image\":{\"@id\":\"https:\/\/www.groupestarservice.com\/blog\/livraison-ecologique\/#primaryimage\"},\"thumbnailUrl\":\"https:\/\/www.groupestarservice.com\/blog\/wp-content\/uploads\/2020\/12\/livraison-ecologique.jpg\",\"datePublished\":\"2022-11-02T11:35:51+00:00\",\"dateModified\":\"2023-02-21T15:55:21+00:00\",\"author\":{\"@id\":\"https:\/\/www.groupestarservice.com\/blog\/#\/schema\/person\/2cd9c82e5121ab8f6aa61975d746e0d1\"},\"description\":\"Quelles sont les options disponibles et les mesures mises en place pour ouvrir la voie \u00e0 la livraison \u00e9cologique ?\",\"breadcrumb\":{\"@id\":\"https:\/\/www.groupestarservice.com\/blog\/livraison-ecologique\/#breadcrumb\"},\"inLanguage\":\"fr-FR\",\"potentialAction\":[{\"@type\":\"ReadAction\",\"target\":[\"https:\/\/www.groupestarservice.com\/blog\/livraison-ecologique\/\"]}]},{\"@type\":\"ImageObject\",\"inLanguage\":\"fr-FR\",\"@id\":\"https:\/\/www.groupestarservice.com\/blog\/livraison-ecologique\/#primaryimage\",\"url\":\"https:\/\/www.groupestarservice.com\/blog\/wp-content\/uploads\/2020\/12\/livraison-ecologique.jpg\",\"contentUrl\":\"https:\/\/www.groupestarservice.com\/blog\/wp-content\/uploads\/2020\/12\/livraison-ecologique.jpg\",\"width\":640,\"height\":426,\"caption\":\"entreprise de livraison \u00e9co-responsable\"},{\"@type\":\"BreadcrumbList\",\"@id\":\"https:\/\/www.groupestarservice.com\/blog\/livraison-ecologique\/#breadcrumb\",\"itemListElement\":[{\"@type\":\"ListItem\",\"position\":1,\"name\":\"Accueil\",\"item\":\"https:\/\/www.groupestarservice.com\/blog\/\"},{\"@type\":\"ListItem\",\"position\":2,\"name\":\"Livraison \u00e9cologique : options et mesures mises en place\"}]},{\"@type\":\"WebSite\",\"@id\":\"https:\/\/www.groupestarservice.com\/blog\/#website\",\"url\":\"https:\/\/www.groupestarservice.com\/blog\/\",\"name\":\"Star Service - Le rendez-vous du dernier km\",\"description\":\"\",\"potentialAction\":[{\"@type\":\"SearchAction\",\"target\":{\"@type\":\"EntryPoint\",\"urlTemplate\":\"https:\/\/www.groupestarservice.com\/blog\/?s={search_term_string}\"},\"query-input\":{\"@type\":\"PropertyValueSpecification\",\"valueRequired\":true,\"valueName\":\"search_term_string\"}}],\"inLanguage\":\"fr-FR\"},{\"@type\":\"Person\",\"@id\":\"https:\/\/www.groupestarservice.com\/blog\/#\/schema\/person\/2cd9c82e5121ab8f6aa61975d746e0d1\",\"name\":\"cyma\",\"image\":{\"@type\":\"ImageObject\",\"inLanguage\":\"fr-FR\",\"@id\":\"https:\/\/www.groupestarservice.com\/blog\/#\/schema\/person\/image\/\",\"url\":\"https:\/\/secure.gravatar.com\/avatar\/9b11ec004641ddc4ab2c2fcae2953aecd4f734fd8a0c354c98224ade6086999e?s=96&d=mm&r=g\",\"contentUrl\":\"https:\/\/secure.gravatar.com\/avatar\/9b11ec004641ddc4ab2c2fcae2953aecd4f734fd8a0c354c98224ade6086999e?s=96&d=mm&r=g\",\"caption\":\"cyma\"},\"url\":\"https:\/\/www.groupestarservice.com\/blog\/author\/claire\/\"}]}<\/script>\n<!-- \/ Yoast SEO plugin. -->","yoast_head_json":{"title":"Livraison \u00e9cologique : options et mesures mises en place","description":"Quelles sont les options disponibles et les mesures mises en place pour ouvrir la voie \u00e0 la livraison \u00e9cologique ?","robots":{"index":"index","follow":"follow","max-snippet":"max-snippet:-1","max-image-preview":"max-image-preview:large","max-video-preview":"max-video-preview:-1"},"canonical":"https:\/\/www.groupestarservice.com\/blog\/livraison-ecologique\/","og_locale":"fr_FR","og_type":"article","og_title":"Livraison \u00e9cologique : options et mesures mises en place","og_description":"Quelles sont les options disponibles et les mesures mises en place pour ouvrir la voie \u00e0 la livraison \u00e9cologique ?","og_url":"https:\/\/www.groupestarservice.com\/blog\/livraison-ecologique\/","og_site_name":"Star Service - Le rendez-vous du dernier km","article_published_time":"2022-11-02T11:35:51+00:00","article_modified_time":"2023-02-21T15:55:21+00:00","og_image":[{"width":640,"height":426,"url":"https:\/\/www.groupestarservice.com\/blog\/wp-content\/uploads\/2020\/12\/livraison-ecologique.jpg","type":"image\/jpeg"}],"author":"cyma","twitter_card":"summary_large_image","twitter_creator":"@Starsservice","twitter_site":"@Starsservice","twitter_misc":{"\u00c9crit par":"cyma","Dur\u00e9e de lecture estim\u00e9e":"4 minutes"},"schema":{"@context":"https:\/\/schema.org","@graph":[{"@type":"Article","@id":"https:\/\/www.groupestarservice.com\/blog\/livraison-ecologique\/#article","isPartOf":{"@id":"https:\/\/www.groupestarservice.com\/blog\/livraison-ecologique\/"},"author":{"name":"cyma","@id":"https:\/\/www.groupestarservice.com\/blog\/#\/schema\/person\/2cd9c82e5121ab8f6aa61975d746e0d1"},"headline":"Livraison \u00e9cologique : options et mesures mises en place","datePublished":"2022-11-02T11:35:51+00:00","dateModified":"2023-02-21T15:55:21+00:00","mainEntityOfPage":{"@id":"https:\/\/www.groupestarservice.com\/blog\/livraison-ecologique\/"},"wordCount":865,"image":{"@id":"https:\/\/www.groupestarservice.com\/blog\/livraison-ecologique\/#primaryimage"},"thumbnailUrl":"https:\/\/www.groupestarservice.com\/blog\/wp-content\/uploads\/2020\/12\/livraison-ecologique.jpg","articleSection":["Transport Logistique"],"inLanguage":"fr-FR"},{"@type":"WebPage","@id":"https:\/\/www.groupestarservice.com\/blog\/livraison-ecologique\/","url":"https:\/\/www.groupestarservice.com\/blog\/livraison-ecologique\/","name":"Livraison \u00e9cologique : options et mesures mises en place","isPartOf":{"@id":"https:\/\/www.groupestarservice.com\/blog\/#website"},"primaryImageOfPage":{"@id":"https:\/\/www.groupestarservice.com\/blog\/livraison-ecologique\/#primaryimage"},"image":{"@id":"https:\/\/www.groupestarservice.com\/blog\/livraison-ecologique\/#primaryimage"},"thumbnailUrl":"https:\/\/www.groupestarservice.com\/blog\/wp-content\/uploads\/2020\/12\/livraison-ecologique.jpg","datePublished":"2022-11-02T11:35:51+00:00","dateModified":"2023-02-21T15:55:21+00:00","author":{"@id":"https:\/\/www.groupestarservice.com\/blog\/#\/schema\/person\/2cd9c82e5121ab8f6aa61975d746e0d1"},"description":"Quelles sont les options disponibles et les mesures mises en place pour ouvrir la voie \u00e0 la livraison \u00e9cologique ?","breadcrumb":{"@id":"https:\/\/www.groupestarservice.com\/blog\/livraison-ecologique\/#breadcrumb"},"inLanguage":"fr-FR","potentialAction":[{"@type":"ReadAction","target":["https:\/\/www.groupestarservice.com\/blog\/livraison-ecologique\/"]}]},{"@type":"ImageObject","inLanguage":"fr-FR","@id":"https:\/\/www.groupestarservice.com\/blog\/livraison-ecologique\/#primaryimage","url":"https:\/\/www.groupestarservice.com\/blog\/wp-content\/uploads\/2020\/12\/livraison-ecologique.jpg","contentUrl":"https:\/\/www.groupestarservice.com\/blog\/wp-content\/uploads\/2020\/12\/livraison-ecologique.jpg","width":640,"height":426,"caption":"entreprise de livraison \u00e9co-responsable"},{"@type":"BreadcrumbList","@id":"https:\/\/www.groupestarservice.com\/blog\/livraison-ecologique\/#breadcrumb","itemListElement":[{"@type":"ListItem","position":1,"name":"Accueil","item":"https:\/\/www.groupestarservice.com\/blog\/"},{"@type":"ListItem","position":2,"name":"Livraison \u00e9cologique : options et mesures mises en place"}]},{"@type":"WebSite","@id":"https:\/\/www.groupestarservice.com\/blog\/#website","url":"https:\/\/www.groupestarservice.com\/blog\/","name":"Star Service - Le rendez-vous du dernier km","description":"","potentialAction":[{"@type":"SearchAction","target":{"@type":"EntryPoint","urlTemplate":"https:\/\/www.groupestarservice.com\/blog\/?s={search_term_string}"},"query-input":{"@type":"PropertyValueSpecification","valueRequired":true,"valueName":"search_term_string"}}],"inLanguage":"fr-FR"},{"@type":"Person","@id":"https:\/\/www.groupestarservice.com\/blog\/#\/schema\/person\/2cd9c82e5121ab8f6aa61975d746e0d1","name":"cyma","image":{"@type":"ImageObject","inLanguage":"fr-FR","@id":"https:\/\/www.groupestarservice.com\/blog\/#\/schema\/person\/image\/","url":"https:\/\/secure.gravatar.com\/avatar\/9b11ec004641ddc4ab2c2fcae2953aecd4f734fd8a0c354c98224ade6086999e?s=96&d=mm&r=g","contentUrl":"https:\/\/secure.gravatar.com\/avatar\/9b11ec004641ddc4ab2c2fcae2953aecd4f734fd8a0c354c98224ade6086999e?s=96&d=mm&r=g","caption":"cyma"},"url":"https:\/\/www.groupestarservice.com\/blog\/author\/claire\/"}]}},"_links":{"self":[{"href":"https:\/\/www.groupestarservice.com\/blog\/wp-json\/wp\/v2\/posts\/3935","targetHints":{"allow":["GET"]}}],"collection":[{"href":"https:\/\/www.groupestarservice.com\/blog\/wp-json\/wp\/v2\/posts"}],"about":[{"href":"https:\/\/www.groupestarservice.com\/blog\/wp-json\/wp\/v2\/types\/post"}],"author":[{"embeddable":true,"href":"https:\/\/www.groupestarservice.com\/blog\/wp-json\/wp\/v2\/users\/2"}],"replies":[{"embeddable":true,"href":"https:\/\/www.groupestarservice.com\/blog\/wp-json\/wp\/v2\/comments?post=3935"}],"version-history":[{"count":4,"href":"https:\/\/www.groupestarservice.com\/blog\/wp-json\/wp\/v2\/posts\/3935\/revisions"}],"predecessor-version":[{"id":4066,"href":"https:\/\/www.groupestarservice.com\/blog\/wp-json\/wp\/v2\/posts\/3935\/revisions\/4066"}],"wp:featuredmedia":[{"embeddable":true,"href":"https:\/\/www.groupestarservice.com\/blog\/wp-json\/wp\/v2\/media\/2791"}],"wp:attachment":[{"href":"https:\/\/www.groupestarservice.com\/blog\/wp-json\/wp\/v2\/media?parent=3935"}],"wp:term":[{"taxonomy":"category","embeddable":true,"href":"https:\/\/www.groupestarservice.com\/blog\/wp-json\/wp\/v2\/categories?post=3935"},{"taxonomy":"post_tag","embeddable":true,"href":"https:\/\/www.groupestarservice.com\/blog\/wp-json\/wp\/v2\/tags?post=3935"}],"curies":[{"name":"wp","href":"https:\/\/api.w.org\/{rel}","templated":true}]}}