{"id":4041,"date":"2023-02-10T16:00:21","date_gmt":"2023-02-10T15:00:21","guid":{"rendered":"https:\/\/www.groupestarservice.com\/blog\/\/?p=4041"},"modified":"2023-02-10T16:01:18","modified_gmt":"2023-02-10T15:01:18","slug":"logistique-urbaine-letat-sengage-un-peu-plus","status":"publish","type":"post","link":"https:\/\/www.groupestarservice.com\/blog\/logistique-urbaine-letat-sengage-un-peu-plus\/","title":{"rendered":"Logistique urbaine, l\u2019Etat s\u2019engage un peu plus"},"content":{"rendered":"\n<p>Le 22 d\u00e9cembre dernier, la ministre de la transition \u00e9nerg\u00e9tique Agn\u00e8s Pannier-Runacher a annonc\u00e9 soutenir neuf nouveaux programmes innovants dans le cadre du dispositif des certificats d\u2019\u00e9conomie d\u2019\u00e9nergie (CEE). Trois d\u2019entre eux concernent la logistique durable et la <a href=\"https:\/\/www.groupestarservice.com\/logistique-du-dernier-kilometre\/\"><strong>livraison du dernier kilom\u00e8tre<\/strong><\/a>.<\/p>\n\n\n\n<h2 class=\"wp-block-heading\"><strong>LUD +&nbsp;: un programme dans la continuit\u00e9 d\u2019InterLUD<\/strong><\/h2>\n\n\n\n<p>Le programme LUD +, d\u2019une dur\u00e9e de 4 ans, se pr\u00e9sente comme la continuit\u00e9 du programme InterLUD, qui arrive \u00e0 son terme. L\u2019objectif, au travers de ce programme est notamment d\u2019accompagner des collectivit\u00e9s locales (EPCI) sur tout le territoire pour la r\u00e9alisation de diagnostics et de plans d\u2019actions de <a href=\"https:\/\/www.groupestarservice.com\/la-logistique-urbaine\/\"><strong>logistique urbaine<\/strong><\/a>. Le programme InterLUD a pr\u00e9sent\u00e9 ses r\u00e9sultats lors de la 2<sup>\u00e8me<\/sup> rencontre nationale le 4 octobre dernier. Cette journ\u00e9e tr\u00e8s dense, ponctu\u00e9e d\u2019ateliers et de tables-rondes, a permis de faire le point sur les 43 collectivit\u00e9s qui se sont engag\u00e9es dans cette d\u00e9marche. Nombre de ces collectivit\u00e9s se sont int\u00e9ress\u00e9es \u00e0 la <a href=\"https:\/\/www.groupestarservice.com\/la-logistique-urbaine\/\"><strong>logistique urbaine<\/strong><\/a> pour la premi\u00e8re fois gr\u00e2ce \u00e0 cette initiative. Ce programme leur a ainsi permis de financer un diagnostic de <a href=\"https:\/\/www.groupestarservice.com\/la-logistique-urbaine\/\"><strong>logistique urbaine<\/strong><\/a> sur leur territoire, de mettre en place des ateliers de concertation aboutissant \u00e0 la co-construction d\u2019un plan d\u2019actions. Ult\u00e9rieurement, certaines de ces collectivit\u00e9s finaliseront cette d\u00e9marche par une charte locale afin d\u2019engager un peu plus les acteurs vers la r\u00e9alisation des actions cibl\u00e9es.<\/p>\n\n\n\n<p>Si les grandes m\u00e9tropoles s\u2019int\u00e9ressent \u00e0 la <a href=\"https:\/\/www.groupestarservice.com\/la-logistique-urbaine\/\"><strong>logistique urbaine<\/strong><\/a> depuis assez longtemps, ce n\u2019est pas le cas des agglom\u00e9rations de taille moyenne. Sur les 43 agglom\u00e9rations accompagn\u00e9es dans ce programme, 29 ont moins de 250 000 habitants. Les probl\u00e9matiques dans les agglom\u00e9rations de taille interm\u00e9diaire, comme Lorient ou Ch\u00e2tellerault ne sont pas identiques \u00e0 celles observ\u00e9es dans les grandes m\u00e9tropoles. Mais les raisons de s\u2019int\u00e9resser \u00e0 la livraison urbaine ont \u00e9t\u00e9 clairement mises en exergue par ce programme. LUD+ aura pour mission de poursuivre cette d\u00e9marche et de l\u2019\u00e9tendre \u00e0 d\u2019autres agglom\u00e9rations afin d\u2019atteindre plus d\u2019une centaine d\u2019EPCI. La <a href=\"https:\/\/www.groupestarservice.com\/la-logistique-urbaine\/\"><strong>logistique urbaine<\/strong><\/a> sera alors l\u2019affaire de tous&nbsp;!<\/p>\n\n\n\n<h2 class=\"wp-block-heading\"><strong>Marguerite&nbsp;: optimiser les flux de livraison des artisans<\/strong><\/h2>\n\n\n\n<p>Initi\u00e9 par la Fabrique de la Logistique, les Chambres de M\u00e9tiers de l\u2019Artisanat (CMA France) et les Chambres de Commerce et d\u2019Industrie (CCI m\u00e9tropolitaines), le programme Marguerite vise \u00e0 infl\u00e9chir les pratiques de <a href=\"https:\/\/www.groupestarservice.com\/la-logistique-urbaine\/\"><strong>logistique urbaine<\/strong><\/a> des op\u00e9rateurs en compte propre, en premier lieu les flux g\u00e9n\u00e9r\u00e9s par les artisans et les commer\u00e7ants. Il s\u2019agit l\u00e0 de la part la moins optimis\u00e9e de la livraison du <a href=\"https:\/\/www.groupestarservice.com\/logistique-du-dernier-kilometre\/\"><strong>dernier kilom\u00e8tre<\/strong><\/a>. La perspective de la mise en place des ZFE dans 43 agglom\u00e9rations n\u00e9cessite d\u2019accompagner ces acteurs. Mais les enjeux ne sont pas seulement un changement de motorisation des v\u00e9hicules. Il s\u2019agit surtout de transformer les pratiques de gestion des approvisionnements et des livraisons urbaines. C\u2019est l\u2019objectif de ce programme, qui vise, dans 6 villes et m\u00e9tropoles partenaires, \u00e0 accompagner les TPE de l\u2019artisanat et du commerce pour mettre en \u0153uvre des solutions locales de consolidation des flux.<\/p>\n\n\n\n<p>L\u2019objectif de ce programme est de permettre \u00e0 1 800 entit\u00e9s de transformer leurs pratiques, mais aussi de sensibiliser 15 000 artisans et d\u2019effectuer 4 200 diagnostics.<\/p>\n\n\n\n<p>L\u2019originalit\u00e9 de ce programme est de s\u2019int\u00e9resser aux flux de marchandises des TPE de l\u2019artisanat et du commerce, souvent oubli\u00e9es dans les politiques publiques mais aussi de r\u00e9pondre \u00e0 des attentes de plus en plus fr\u00e9quentes dans les plans d\u2019actions propos\u00e9s dans les m\u00e9tropoles.<\/p>\n\n\n\n<p><strong>Cyclo-cargologie&nbsp;: faire de la cyclologistique un m\u00e9tier<\/strong><\/p>\n\n\n\n<p>Port\u00e9 par l\u2019association \u00ab&nbsp;Les bo\u00eetes \u00e0 v\u00e9los&nbsp;\u00bb, ce programme a comme ambition d\u2019engager les donneurs d\u2019ordres de la logistique vers la cyclologistique via leur sensibilisation. Il s\u2019agit aussi de professionnaliser les cyclologisticiens pour faire de cette activit\u00e9 nouvelle un m\u00e9tier reconnu. Le programme s\u2019int\u00e9resse aux solutions num\u00e9riques de gestion du <a href=\"https:\/\/www.groupestarservice.com\/logistique-du-dernier-kilometre\/\"><strong>dernier kilom\u00e8tre<\/strong><\/a> en cyclologistique. La cyclologistique a depuis mai 2021 un plan national et depuis novembre dernier une f\u00e9d\u00e9ration professionnelle. Elle est cit\u00e9e dans de nombreux rapports comme une des solutions permettant de d\u00e9carboner le <a href=\"https:\/\/www.groupestarservice.com\/logistique-du-dernier-kilometre\/\"><strong>dernier kilom\u00e8tre<\/strong><\/a>. Il est donc l\u00e9gitime qu\u2019elle trouve toute sa place dans ce programme national de financement par le dispositif des CEE.<\/p>\n\n\n\n<p>Le programme Cyclo-cargologie ambitionne de sensibiliser 900 entreprises, de former \u00e0 partir de trois r\u00e9f\u00e9rentiels plus de 1 000 cadres et techniciens \u00e0 la cyclologistique et de d\u00e9ployer un outil num\u00e9rique ouvert et mutualis\u00e9 d\u2019interop\u00e9rabilit\u00e9 des syst\u00e8mes d\u2019information des transporteurs.<\/p>\n\n\n\n<p>Au travers de ces trois choix compl\u00e9mentaires, l\u2019Etat donne un signal fort afin de mobiliser des dispositifs financiers permettant de faire de la <a href=\"https:\/\/www.groupestarservice.com\/la-logistique-urbaine\/\"><strong>logistique urbaine<\/strong><\/a> une r\u00e9alit\u00e9 sur les territoires. Continuer \u00e0 d\u00e9velopper des diagnostics et r\u00e9unions d\u2019\u00e9changes avec les professionnels, mettre en \u0153uvre des plans d\u2019actions, cibler en particulier la fili\u00e8re des artisans et commer\u00e7ants, dynamiser la fili\u00e8re de la cyclologistique&nbsp;: ce sont l\u00e0 des axes de travail qui structurent une d\u00e9marche forte afin de d\u00e9carboner la livraison du <a href=\"https:\/\/www.groupestarservice.com\/logistique-du-dernier-kilometre\/\"><strong>dernier kilom\u00e8tre<\/strong><\/a>.<\/p>\n","protected":false},"excerpt":{"rendered":"<p>Le 22 d\u00e9cembre dernier, la ministre de la transition \u00e9nerg\u00e9tique Agn\u00e8s Pannier-Runacher a annonc\u00e9 soutenir neuf nouveaux programmes innovants dans le cadre du dispositif des certificats d\u2019\u00e9conomie d\u2019\u00e9nergie (CEE). Trois d\u2019entre eux concernent la logistique durable et la livraison du&#8230;<\/p>\n","protected":false},"author":2,"featured_media":4043,"comment_status":"closed","ping_status":"closed","sticky":false,"template":"","format":"standard","meta":{"_acf_changed":false,"twitterCardType":"","cardImageID":0,"cardImage":"","cardTitle":"","cardDesc":"","cardImageAlt":"","cardPlayer":"","cardPlayerWidth":0,"cardPlayerHeight":0,"cardPlayerStream":"","cardPlayerCodec":"","footnotes":""},"categories":[26],"tags":[],"class_list":["post-4041","post","type-post","status-publish","format-standard","has-post-thumbnail","hentry","category-informations-marche"],"acf":[],"yoast_head":"<!-- This site is optimized with the Yoast SEO plugin v27.0 - https:\/\/yoast.com\/product\/yoast-seo-wordpress\/ -->\n<title>Logistique urbaine, l\u2019Etat s\u2019engage un peu plus<\/title>\n<meta name=\"robots\" content=\"index, follow, max-snippet:-1, max-image-preview:large, max-video-preview:-1\" \/>\n<link rel=\"canonical\" href=\"https:\/\/www.groupestarservice.com\/blog\/logistique-urbaine-letat-sengage-un-peu-plus\/\" \/>\n<meta property=\"og:locale\" content=\"fr_FR\" \/>\n<meta property=\"og:type\" content=\"article\" \/>\n<meta property=\"og:title\" content=\"Logistique urbaine, l\u2019Etat s\u2019engage un peu plus\" \/>\n<meta property=\"og:description\" content=\"Le 22 d\u00e9cembre dernier, la ministre de la transition \u00e9nerg\u00e9tique Agn\u00e8s Pannier-Runacher a annonc\u00e9 soutenir neuf nouveaux programmes innovants dans le cadre du dispositif des certificats d\u2019\u00e9conomie d\u2019\u00e9nergie (CEE). Trois d\u2019entre eux concernent la logistique durable et la livraison du...\" \/>\n<meta property=\"og:url\" content=\"https:\/\/www.groupestarservice.com\/blog\/logistique-urbaine-letat-sengage-un-peu-plus\/\" \/>\n<meta property=\"og:site_name\" content=\"Star Service - Le rendez-vous du dernier km\" \/>\n<meta property=\"article:published_time\" content=\"2023-02-10T15:00:21+00:00\" \/>\n<meta property=\"article:modified_time\" content=\"2023-02-10T15:01:18+00:00\" \/>\n<meta property=\"og:image\" content=\"https:\/\/www.groupestarservice.com\/blog\/wp-content\/uploads\/2023\/02\/x_Vignette_Slider.jpg\" \/>\n\t<meta property=\"og:image:width\" content=\"1140\" \/>\n\t<meta property=\"og:image:height\" content=\"530\" \/>\n\t<meta property=\"og:image:type\" content=\"image\/jpeg\" \/>\n<meta name=\"author\" content=\"cyma\" \/>\n<meta name=\"twitter:card\" content=\"summary_large_image\" \/>\n<meta name=\"twitter:creator\" content=\"@Starsservice\" \/>\n<meta name=\"twitter:site\" content=\"@Starsservice\" \/>\n<meta name=\"twitter:label1\" content=\"\u00c9crit par\" \/>\n\t<meta name=\"twitter:data1\" content=\"cyma\" \/>\n\t<meta name=\"twitter:label2\" content=\"Dur\u00e9e de lecture estim\u00e9e\" \/>\n\t<meta name=\"twitter:data2\" content=\"5 minutes\" \/>\n<script type=\"application\/ld+json\" class=\"yoast-schema-graph\">{\"@context\":\"https:\/\/schema.org\",\"@graph\":[{\"@type\":\"Article\",\"@id\":\"https:\/\/www.groupestarservice.com\/blog\/logistique-urbaine-letat-sengage-un-peu-plus\/#article\",\"isPartOf\":{\"@id\":\"https:\/\/www.groupestarservice.com\/blog\/logistique-urbaine-letat-sengage-un-peu-plus\/\"},\"author\":{\"name\":\"cyma\",\"@id\":\"https:\/\/www.groupestarservice.com\/blog\/#\/schema\/person\/2cd9c82e5121ab8f6aa61975d746e0d1\"},\"headline\":\"Logistique urbaine, l\u2019Etat s\u2019engage un peu plus\",\"datePublished\":\"2023-02-10T15:00:21+00:00\",\"dateModified\":\"2023-02-10T15:01:18+00:00\",\"mainEntityOfPage\":{\"@id\":\"https:\/\/www.groupestarservice.com\/blog\/logistique-urbaine-letat-sengage-un-peu-plus\/\"},\"wordCount\":898,\"image\":{\"@id\":\"https:\/\/www.groupestarservice.com\/blog\/logistique-urbaine-letat-sengage-un-peu-plus\/#primaryimage\"},\"thumbnailUrl\":\"https:\/\/www.groupestarservice.com\/blog\/wp-content\/uploads\/2023\/02\/x_Vignette_Slider.jpg\",\"articleSection\":[\"Informations march\u00e9\"],\"inLanguage\":\"fr-FR\"},{\"@type\":\"WebPage\",\"@id\":\"https:\/\/www.groupestarservice.com\/blog\/logistique-urbaine-letat-sengage-un-peu-plus\/\",\"url\":\"https:\/\/www.groupestarservice.com\/blog\/logistique-urbaine-letat-sengage-un-peu-plus\/\",\"name\":\"Logistique urbaine, l\u2019Etat s\u2019engage un peu plus\",\"isPartOf\":{\"@id\":\"https:\/\/www.groupestarservice.com\/blog\/#website\"},\"primaryImageOfPage\":{\"@id\":\"https:\/\/www.groupestarservice.com\/blog\/logistique-urbaine-letat-sengage-un-peu-plus\/#primaryimage\"},\"image\":{\"@id\":\"https:\/\/www.groupestarservice.com\/blog\/logistique-urbaine-letat-sengage-un-peu-plus\/#primaryimage\"},\"thumbnailUrl\":\"https:\/\/www.groupestarservice.com\/blog\/wp-content\/uploads\/2023\/02\/x_Vignette_Slider.jpg\",\"datePublished\":\"2023-02-10T15:00:21+00:00\",\"dateModified\":\"2023-02-10T15:01:18+00:00\",\"author\":{\"@id\":\"https:\/\/www.groupestarservice.com\/blog\/#\/schema\/person\/2cd9c82e5121ab8f6aa61975d746e0d1\"},\"breadcrumb\":{\"@id\":\"https:\/\/www.groupestarservice.com\/blog\/logistique-urbaine-letat-sengage-un-peu-plus\/#breadcrumb\"},\"inLanguage\":\"fr-FR\",\"potentialAction\":[{\"@type\":\"ReadAction\",\"target\":[\"https:\/\/www.groupestarservice.com\/blog\/logistique-urbaine-letat-sengage-un-peu-plus\/\"]}]},{\"@type\":\"ImageObject\",\"inLanguage\":\"fr-FR\",\"@id\":\"https:\/\/www.groupestarservice.com\/blog\/logistique-urbaine-letat-sengage-un-peu-plus\/#primaryimage\",\"url\":\"https:\/\/www.groupestarservice.com\/blog\/wp-content\/uploads\/2023\/02\/x_Vignette_Slider.jpg\",\"contentUrl\":\"https:\/\/www.groupestarservice.com\/blog\/wp-content\/uploads\/2023\/02\/x_Vignette_Slider.jpg\",\"width\":1140,\"height\":530,\"caption\":\"Logistique urbaine\"},{\"@type\":\"BreadcrumbList\",\"@id\":\"https:\/\/www.groupestarservice.com\/blog\/logistique-urbaine-letat-sengage-un-peu-plus\/#breadcrumb\",\"itemListElement\":[{\"@type\":\"ListItem\",\"position\":1,\"name\":\"Accueil\",\"item\":\"https:\/\/www.groupestarservice.com\/blog\/\"},{\"@type\":\"ListItem\",\"position\":2,\"name\":\"Logistique urbaine, l\u2019Etat s\u2019engage un peu plus\"}]},{\"@type\":\"WebSite\",\"@id\":\"https:\/\/www.groupestarservice.com\/blog\/#website\",\"url\":\"https:\/\/www.groupestarservice.com\/blog\/\",\"name\":\"Star Service - Le rendez-vous du dernier km\",\"description\":\"\",\"potentialAction\":[{\"@type\":\"SearchAction\",\"target\":{\"@type\":\"EntryPoint\",\"urlTemplate\":\"https:\/\/www.groupestarservice.com\/blog\/?s={search_term_string}\"},\"query-input\":{\"@type\":\"PropertyValueSpecification\",\"valueRequired\":true,\"valueName\":\"search_term_string\"}}],\"inLanguage\":\"fr-FR\"},{\"@type\":\"Person\",\"@id\":\"https:\/\/www.groupestarservice.com\/blog\/#\/schema\/person\/2cd9c82e5121ab8f6aa61975d746e0d1\",\"name\":\"cyma\",\"image\":{\"@type\":\"ImageObject\",\"inLanguage\":\"fr-FR\",\"@id\":\"https:\/\/www.groupestarservice.com\/blog\/#\/schema\/person\/image\/\",\"url\":\"https:\/\/secure.gravatar.com\/avatar\/9b11ec004641ddc4ab2c2fcae2953aecd4f734fd8a0c354c98224ade6086999e?s=96&d=mm&r=g\",\"contentUrl\":\"https:\/\/secure.gravatar.com\/avatar\/9b11ec004641ddc4ab2c2fcae2953aecd4f734fd8a0c354c98224ade6086999e?s=96&d=mm&r=g\",\"caption\":\"cyma\"},\"url\":\"https:\/\/www.groupestarservice.com\/blog\/author\/claire\/\"}]}<\/script>\n<!-- \/ Yoast SEO plugin. -->","yoast_head_json":{"title":"Logistique urbaine, l\u2019Etat s\u2019engage un peu plus","robots":{"index":"index","follow":"follow","max-snippet":"max-snippet:-1","max-image-preview":"max-image-preview:large","max-video-preview":"max-video-preview:-1"},"canonical":"https:\/\/www.groupestarservice.com\/blog\/logistique-urbaine-letat-sengage-un-peu-plus\/","og_locale":"fr_FR","og_type":"article","og_title":"Logistique urbaine, l\u2019Etat s\u2019engage un peu plus","og_description":"Le 22 d\u00e9cembre dernier, la ministre de la transition \u00e9nerg\u00e9tique Agn\u00e8s Pannier-Runacher a annonc\u00e9 soutenir neuf nouveaux programmes innovants dans le cadre du dispositif des certificats d\u2019\u00e9conomie d\u2019\u00e9nergie (CEE). Trois d\u2019entre eux concernent la logistique durable et la livraison du...","og_url":"https:\/\/www.groupestarservice.com\/blog\/logistique-urbaine-letat-sengage-un-peu-plus\/","og_site_name":"Star Service - Le rendez-vous du dernier km","article_published_time":"2023-02-10T15:00:21+00:00","article_modified_time":"2023-02-10T15:01:18+00:00","og_image":[{"width":1140,"height":530,"url":"https:\/\/www.groupestarservice.com\/blog\/wp-content\/uploads\/2023\/02\/x_Vignette_Slider.jpg","type":"image\/jpeg"}],"author":"cyma","twitter_card":"summary_large_image","twitter_creator":"@Starsservice","twitter_site":"@Starsservice","twitter_misc":{"\u00c9crit par":"cyma","Dur\u00e9e de lecture estim\u00e9e":"5 minutes"},"schema":{"@context":"https:\/\/schema.org","@graph":[{"@type":"Article","@id":"https:\/\/www.groupestarservice.com\/blog\/logistique-urbaine-letat-sengage-un-peu-plus\/#article","isPartOf":{"@id":"https:\/\/www.groupestarservice.com\/blog\/logistique-urbaine-letat-sengage-un-peu-plus\/"},"author":{"name":"cyma","@id":"https:\/\/www.groupestarservice.com\/blog\/#\/schema\/person\/2cd9c82e5121ab8f6aa61975d746e0d1"},"headline":"Logistique urbaine, l\u2019Etat s\u2019engage un peu plus","datePublished":"2023-02-10T15:00:21+00:00","dateModified":"2023-02-10T15:01:18+00:00","mainEntityOfPage":{"@id":"https:\/\/www.groupestarservice.com\/blog\/logistique-urbaine-letat-sengage-un-peu-plus\/"},"wordCount":898,"image":{"@id":"https:\/\/www.groupestarservice.com\/blog\/logistique-urbaine-letat-sengage-un-peu-plus\/#primaryimage"},"thumbnailUrl":"https:\/\/www.groupestarservice.com\/blog\/wp-content\/uploads\/2023\/02\/x_Vignette_Slider.jpg","articleSection":["Informations march\u00e9"],"inLanguage":"fr-FR"},{"@type":"WebPage","@id":"https:\/\/www.groupestarservice.com\/blog\/logistique-urbaine-letat-sengage-un-peu-plus\/","url":"https:\/\/www.groupestarservice.com\/blog\/logistique-urbaine-letat-sengage-un-peu-plus\/","name":"Logistique urbaine, l\u2019Etat s\u2019engage un peu plus","isPartOf":{"@id":"https:\/\/www.groupestarservice.com\/blog\/#website"},"primaryImageOfPage":{"@id":"https:\/\/www.groupestarservice.com\/blog\/logistique-urbaine-letat-sengage-un-peu-plus\/#primaryimage"},"image":{"@id":"https:\/\/www.groupestarservice.com\/blog\/logistique-urbaine-letat-sengage-un-peu-plus\/#primaryimage"},"thumbnailUrl":"https:\/\/www.groupestarservice.com\/blog\/wp-content\/uploads\/2023\/02\/x_Vignette_Slider.jpg","datePublished":"2023-02-10T15:00:21+00:00","dateModified":"2023-02-10T15:01:18+00:00","author":{"@id":"https:\/\/www.groupestarservice.com\/blog\/#\/schema\/person\/2cd9c82e5121ab8f6aa61975d746e0d1"},"breadcrumb":{"@id":"https:\/\/www.groupestarservice.com\/blog\/logistique-urbaine-letat-sengage-un-peu-plus\/#breadcrumb"},"inLanguage":"fr-FR","potentialAction":[{"@type":"ReadAction","target":["https:\/\/www.groupestarservice.com\/blog\/logistique-urbaine-letat-sengage-un-peu-plus\/"]}]},{"@type":"ImageObject","inLanguage":"fr-FR","@id":"https:\/\/www.groupestarservice.com\/blog\/logistique-urbaine-letat-sengage-un-peu-plus\/#primaryimage","url":"https:\/\/www.groupestarservice.com\/blog\/wp-content\/uploads\/2023\/02\/x_Vignette_Slider.jpg","contentUrl":"https:\/\/www.groupestarservice.com\/blog\/wp-content\/uploads\/2023\/02\/x_Vignette_Slider.jpg","width":1140,"height":530,"caption":"Logistique urbaine"},{"@type":"BreadcrumbList","@id":"https:\/\/www.groupestarservice.com\/blog\/logistique-urbaine-letat-sengage-un-peu-plus\/#breadcrumb","itemListElement":[{"@type":"ListItem","position":1,"name":"Accueil","item":"https:\/\/www.groupestarservice.com\/blog\/"},{"@type":"ListItem","position":2,"name":"Logistique urbaine, l\u2019Etat s\u2019engage un peu plus"}]},{"@type":"WebSite","@id":"https:\/\/www.groupestarservice.com\/blog\/#website","url":"https:\/\/www.groupestarservice.com\/blog\/","name":"Star Service - Le rendez-vous du dernier km","description":"","potentialAction":[{"@type":"SearchAction","target":{"@type":"EntryPoint","urlTemplate":"https:\/\/www.groupestarservice.com\/blog\/?s={search_term_string}"},"query-input":{"@type":"PropertyValueSpecification","valueRequired":true,"valueName":"search_term_string"}}],"inLanguage":"fr-FR"},{"@type":"Person","@id":"https:\/\/www.groupestarservice.com\/blog\/#\/schema\/person\/2cd9c82e5121ab8f6aa61975d746e0d1","name":"cyma","image":{"@type":"ImageObject","inLanguage":"fr-FR","@id":"https:\/\/www.groupestarservice.com\/blog\/#\/schema\/person\/image\/","url":"https:\/\/secure.gravatar.com\/avatar\/9b11ec004641ddc4ab2c2fcae2953aecd4f734fd8a0c354c98224ade6086999e?s=96&d=mm&r=g","contentUrl":"https:\/\/secure.gravatar.com\/avatar\/9b11ec004641ddc4ab2c2fcae2953aecd4f734fd8a0c354c98224ade6086999e?s=96&d=mm&r=g","caption":"cyma"},"url":"https:\/\/www.groupestarservice.com\/blog\/author\/claire\/"}]}},"_links":{"self":[{"href":"https:\/\/www.groupestarservice.com\/blog\/wp-json\/wp\/v2\/posts\/4041","targetHints":{"allow":["GET"]}}],"collection":[{"href":"https:\/\/www.groupestarservice.com\/blog\/wp-json\/wp\/v2\/posts"}],"about":[{"href":"https:\/\/www.groupestarservice.com\/blog\/wp-json\/wp\/v2\/types\/post"}],"author":[{"embeddable":true,"href":"https:\/\/www.groupestarservice.com\/blog\/wp-json\/wp\/v2\/users\/2"}],"replies":[{"embeddable":true,"href":"https:\/\/www.groupestarservice.com\/blog\/wp-json\/wp\/v2\/comments?post=4041"}],"version-history":[{"count":1,"href":"https:\/\/www.groupestarservice.com\/blog\/wp-json\/wp\/v2\/posts\/4041\/revisions"}],"predecessor-version":[{"id":4044,"href":"https:\/\/www.groupestarservice.com\/blog\/wp-json\/wp\/v2\/posts\/4041\/revisions\/4044"}],"wp:featuredmedia":[{"embeddable":true,"href":"https:\/\/www.groupestarservice.com\/blog\/wp-json\/wp\/v2\/media\/4043"}],"wp:attachment":[{"href":"https:\/\/www.groupestarservice.com\/blog\/wp-json\/wp\/v2\/media?parent=4041"}],"wp:term":[{"taxonomy":"category","embeddable":true,"href":"https:\/\/www.groupestarservice.com\/blog\/wp-json\/wp\/v2\/categories?post=4041"},{"taxonomy":"post_tag","embeddable":true,"href":"https:\/\/www.groupestarservice.com\/blog\/wp-json\/wp\/v2\/tags?post=4041"}],"curies":[{"name":"wp","href":"https:\/\/api.w.org\/{rel}","templated":true}]}}