{"id":710,"date":"2019-04-09T17:43:40","date_gmt":"2019-04-09T15:43:40","guid":{"rendered":"https:\/\/www.groupestarservice.com\/blog\/\/?p=710"},"modified":"2020-02-03T17:02:06","modified_gmt":"2020-02-03T16:02:06","slug":"sitl-2019-innovation-et-livraison-durable-au-coeur-des-debats","status":"publish","type":"post","link":"https:\/\/www.groupestarservice.com\/blog\/sitl-2019-innovation-et-livraison-durable-au-coeur-des-debats\/","title":{"rendered":"SITL 2019 : Innovation et livraison durable au c\u0153ur des d\u00e9bats"},"content":{"rendered":"<p><em>La <strong>SITL 2019<\/strong>, centr\u00e9e sur l\u2019innovation, a \u00e9t\u00e9 l\u2019occasion de nombreux d\u00e9bats autour de la livraison responsable et de la r\u00e9duction de l\u2019impact du dernier kilom\u00e8tre. \u00c9duquer&nbsp;le client pour livrer plus propre devient alors un objectif pour les collectivit\u00e9s locales comme pour les <strong>acteurs de la logistique<\/strong>.<\/em><\/p>\n<blockquote><p>Il faut sensibiliser les \u00e9lus \u00e0 la logistique urbaine et \u00e0 la mutualisation des flux<\/p><\/blockquote>\n<p>La <strong>SITL 2019<\/strong> est plus que jamais le rendez-vous annuel des <strong>tendances en logistique<\/strong>. La Ministre des transports Elisabeth Borne a inaugur\u00e9 cet \u00e9v\u00e9nement et, dans son interview \u00e0 Supply Chain Village, confirme l\u2019attention du gouvernement \u00e0 la prise en compte des enjeux de <a href=\"https:\/\/www.groupestarservice.com\/star-service\/\"><strong>logistique urbaine<\/strong><\/a> dans les documents de planification des collectivit\u00e9s. Elle insiste sur la n\u00e9cessit\u00e9 de sensibiliser les \u00e9lus sur l\u2019organisation des flux de marchandises et la <strong>livraison en v\u00e9hicules propres<\/strong>.<\/p>\n<p>Ce message fait \u00e9cho aux conf\u00e9rences qui ont ponctu\u00e9 le salon et notamment au d\u00e9bat qui r\u00e9unissait la M\u00e9tropole du Grand Paris et Grenoble, sur le champ d\u2019action des m\u00e9tropoles et leurs retours d\u2019exp\u00e9riences. Grenoble fait figure de pionnier avec la mise en place de <strong>centres de distribution urbains<\/strong> et d\u2019une charte de <strong>logistique urbaine<\/strong> qui f\u00e9d\u00e8re les professionnels et les commer\u00e7ants. La M\u00e9tropole du Grand Paris a pr\u00e9sent\u00e9 le pacte pour une logistique m\u00e9tropolitaine, document comprenant 12 mesures, adopt\u00e9 en 2018. Un sujet nouveau fait son apparition, celui de responsabiliser le consommateur aux enjeux logistiques. Comment faire du consommateur un <strong>consomm\u2019acteur<\/strong> en l\u2019\u00e9duquant aux solutions de <strong>livraison responsable<\/strong>, tant sur le plan environnemental que social&nbsp;?<\/p>\n<p>Cette question a constitu\u00e9 l\u2019axe central de la conf\u00e9rence sur la <strong>livraison responsable<\/strong>. Sortant du cadre de la logistique, cette table-ronde a permis un t\u00e9moignage embl\u00e9matique de \u00ab&nbsp;C\u2019est qui le patron&nbsp;\u00bb, coop\u00e9rative fond\u00e9e sur la commercialisation de produits alimentaires \u00e0 un prix responsable. Le consommateur est sensibilis\u00e9 en lui permettant de reconstituer le prix des produits et l\u2019affectation de ces montants, notamment \u00e0 l\u2019agriculteur. Comment cette r\u00e9ussite peut-elle s\u2019adapter \u00e0 <strong>la livraison du dernier kilom\u00e8tre<\/strong>, afin de revaloriser ce m\u00e9tier et \u00e9viter les d\u00e9rives sociales ? Le d\u00e9bat, qui r\u00e9unissait un industriel et deux prestataires (Star Service et UPS) a permis de trouver un fil directeur autour de la livraison responsable et de ses enjeux.<\/p>\n<p>L\u2019<strong>e-consommateur<\/strong> et ses attentes, objet d\u2019une \u00e9tude IFOP et Star Service pr\u00e9sent\u00e9e lors d\u2019un atelier a compl\u00e9t\u00e9 cette vision du client \u00e0 laquelle les <strong>solutions de livraison<\/strong> doivent r\u00e9pondre.<\/p>\n<p>L\u2019orientation de la SITL 2019 \u00e9tait l\u2019innovation. Ainsi, pour la premi\u00e8re fois, les exposants de v\u00e9hicules propres \u00e9taient positionn\u00e9s \u00e0 l\u2019entr\u00e9e et non pas au fond du pavillon.<\/p>\n<p>Parmi les t\u00e9moignages sur l\u2019innovation, citons celui de Cdiscount, qui a fait des <strong>choix d\u2019investissements technologiques<\/strong> dans les entrep\u00f4ts une priorit\u00e9, comme les machines d\u2019emballage CPV-500, qui r\u00e9duisent la dimension des colis ou les robots Skypod, permettant de mieux optimiser les surfaces. Mais c\u2019est surtout dans le <strong>dernier kilom\u00e8tre<\/strong> que les innovations apparaissent avec une flotte de v\u00e9hicules propres, un test de <strong>livraison en drone<\/strong> et d\u2019<strong>interphone connect\u00e9<\/strong>.<\/p>\n<p>L\u2019innovation dans la <strong>logistique urbaine<\/strong> a fait l\u2019objet d\u2019une table-ronde avec un acteur de la cyclologistique, une solution fluviale \u00e0 Paris et un fabricant d\u2019interphones connect\u00e9s. Point commun \u00e0 ces initiatives, elles sont \u00e0 la fois technologiques et durables. R\u00e9duire l\u2019<strong>impact environnemental du dernier kilom\u00e8tre<\/strong> est plus que jamais au c\u0153ur des attentions.<\/p>\n<p>Signe fort, le prix de l\u2019innovation, dans la cat\u00e9gorie infrastructures, r\u00e9compense une solution de logistique fluviale \u00e0 Paris. Comment imaginer que cet axe peu satur\u00e9 soit destin\u00e9 \u00e0 des flux autres que ceux des mat\u00e9riaux pond\u00e9reux&nbsp;?<\/p>\n<p>La SITL 2019 a permis de r\u00e9unir les acteurs publics et priv\u00e9s autour d\u2019orientations fortes&nbsp;: les<strong> innovations technologiques<\/strong> et les services, afin de rendre <strong>la livraison plus durable<\/strong>.<\/p>\n","protected":false},"excerpt":{"rendered":"<p>La SITL 2019, centr\u00e9e sur l\u2019innovation, a \u00e9t\u00e9 l\u2019occasion de nombreux d\u00e9bats autour de la livraison responsable et de la r\u00e9duction de l\u2019impact du dernier kilom\u00e8tre. \u00c9duquer&nbsp;le client pour livrer plus propre devient alors un objectif pour les collectivit\u00e9s locales&#8230;<\/p>\n","protected":false},"author":2,"featured_media":714,"comment_status":"open","ping_status":"open","sticky":false,"template":"","format":"standard","meta":{"_acf_changed":false,"twitterCardType":"summary_large_image","cardImageID":0,"cardImage":"","cardTitle":"","cardDesc":"","cardImageAlt":"","cardPlayer":"","cardPlayerWidth":0,"cardPlayerHeight":0,"cardPlayerStream":"","cardPlayerCodec":"","footnotes":""},"categories":[26],"tags":[],"class_list":["post-710","post","type-post","status-publish","format-standard","has-post-thumbnail","hentry","category-informations-marche"],"acf":[],"yoast_head":"<!-- This site is optimized with the Yoast SEO plugin v27.0 - https:\/\/yoast.com\/product\/yoast-seo-wordpress\/ -->\n<title>SITL 2019 : Innovation et livraison durable au c\u0153ur des d\u00e9bats<\/title>\n<meta name=\"description\" content=\"L&#039;innovation et la livraison durable a \u00e9t\u00e9 au coeur de tout les d\u00e9bats durant le SITL 2019. Retour sur les derni\u00e8res tendances en logistique \u00e9voqu\u00e9es au SITL.\" \/>\n<meta name=\"robots\" content=\"index, follow, max-snippet:-1, max-image-preview:large, max-video-preview:-1\" \/>\n<link rel=\"canonical\" href=\"https:\/\/groupestarservice.com\/blog\/sitl-2019-innovation-et-livraison-durable-au-coeur-des-debats\/\" \/>\n<meta property=\"og:locale\" content=\"fr_FR\" \/>\n<meta property=\"og:type\" content=\"article\" \/>\n<meta property=\"og:title\" content=\"SITL 2019 : Innovation et livraison durable au c\u0153ur des d\u00e9bats\" \/>\n<meta property=\"og:description\" content=\"L&#039;innovation et la livraison durable a \u00e9t\u00e9 au coeur de tout les d\u00e9bats durant le SITL 2019. Retour sur les derni\u00e8res tendances en logistique \u00e9voqu\u00e9es au SITL.\" \/>\n<meta property=\"og:url\" content=\"https:\/\/groupestarservice.com\/blog\/sitl-2019-innovation-et-livraison-durable-au-coeur-des-debats\/\" \/>\n<meta property=\"og:site_name\" content=\"Star Service - Le rendez-vous du dernier km\" \/>\n<meta property=\"article:published_time\" content=\"2019-04-09T15:43:40+00:00\" \/>\n<meta property=\"article:modified_time\" content=\"2020-02-03T16:02:06+00:00\" \/>\n<meta property=\"og:image\" content=\"https:\/\/groupestarservice.com\/blog\/wp-content\/uploads\/2019\/04\/x_Header-1140x700_S1.jpg\" \/>\n\t<meta property=\"og:image:width\" content=\"1140\" \/>\n\t<meta property=\"og:image:height\" content=\"700\" \/>\n\t<meta property=\"og:image:type\" content=\"image\/jpeg\" \/>\n<meta name=\"author\" content=\"cyma\" \/>\n<meta name=\"twitter:card\" content=\"summary_large_image\" \/>\n<meta name=\"twitter:creator\" content=\"@Starsservice\" \/>\n<meta name=\"twitter:site\" content=\"@Starsservice\" \/>\n<meta name=\"twitter:label1\" content=\"\u00c9crit par\" \/>\n\t<meta name=\"twitter:data1\" content=\"cyma\" \/>\n\t<meta name=\"twitter:label2\" content=\"Dur\u00e9e de lecture estim\u00e9e\" \/>\n\t<meta name=\"twitter:data2\" content=\"3 minutes\" \/>\n<script type=\"application\/ld+json\" class=\"yoast-schema-graph\">{\"@context\":\"https:\/\/schema.org\",\"@graph\":[{\"@type\":\"Article\",\"@id\":\"https:\/\/groupestarservice.com\/blog\/sitl-2019-innovation-et-livraison-durable-au-coeur-des-debats\/#article\",\"isPartOf\":{\"@id\":\"https:\/\/groupestarservice.com\/blog\/sitl-2019-innovation-et-livraison-durable-au-coeur-des-debats\/\"},\"author\":{\"name\":\"cyma\",\"@id\":\"https:\/\/www.groupestarservice.com\/blog\/#\/schema\/person\/2cd9c82e5121ab8f6aa61975d746e0d1\"},\"headline\":\"SITL 2019 : Innovation et livraison durable au c\u0153ur des d\u00e9bats\",\"datePublished\":\"2019-04-09T15:43:40+00:00\",\"dateModified\":\"2020-02-03T16:02:06+00:00\",\"mainEntityOfPage\":{\"@id\":\"https:\/\/groupestarservice.com\/blog\/sitl-2019-innovation-et-livraison-durable-au-coeur-des-debats\/\"},\"wordCount\":694,\"commentCount\":0,\"image\":{\"@id\":\"https:\/\/groupestarservice.com\/blog\/sitl-2019-innovation-et-livraison-durable-au-coeur-des-debats\/#primaryimage\"},\"thumbnailUrl\":\"https:\/\/www.groupestarservice.com\/blog\/wp-content\/uploads\/2019\/04\/x_Header-1140x700_S1.jpg\",\"articleSection\":[\"Informations march\u00e9\"],\"inLanguage\":\"fr-FR\"},{\"@type\":\"WebPage\",\"@id\":\"https:\/\/groupestarservice.com\/blog\/sitl-2019-innovation-et-livraison-durable-au-coeur-des-debats\/\",\"url\":\"https:\/\/groupestarservice.com\/blog\/sitl-2019-innovation-et-livraison-durable-au-coeur-des-debats\/\",\"name\":\"SITL 2019 : Innovation et livraison durable au c\u0153ur des d\u00e9bats\",\"isPartOf\":{\"@id\":\"https:\/\/www.groupestarservice.com\/blog\/#website\"},\"primaryImageOfPage\":{\"@id\":\"https:\/\/groupestarservice.com\/blog\/sitl-2019-innovation-et-livraison-durable-au-coeur-des-debats\/#primaryimage\"},\"image\":{\"@id\":\"https:\/\/groupestarservice.com\/blog\/sitl-2019-innovation-et-livraison-durable-au-coeur-des-debats\/#primaryimage\"},\"thumbnailUrl\":\"https:\/\/www.groupestarservice.com\/blog\/wp-content\/uploads\/2019\/04\/x_Header-1140x700_S1.jpg\",\"datePublished\":\"2019-04-09T15:43:40+00:00\",\"dateModified\":\"2020-02-03T16:02:06+00:00\",\"author\":{\"@id\":\"https:\/\/www.groupestarservice.com\/blog\/#\/schema\/person\/2cd9c82e5121ab8f6aa61975d746e0d1\"},\"description\":\"L'innovation et la livraison durable a \u00e9t\u00e9 au coeur de tout les d\u00e9bats durant le SITL 2019. Retour sur les derni\u00e8res tendances en logistique \u00e9voqu\u00e9es au SITL.\",\"breadcrumb\":{\"@id\":\"https:\/\/groupestarservice.com\/blog\/sitl-2019-innovation-et-livraison-durable-au-coeur-des-debats\/#breadcrumb\"},\"inLanguage\":\"fr-FR\",\"potentialAction\":[{\"@type\":\"ReadAction\",\"target\":[\"https:\/\/groupestarservice.com\/blog\/sitl-2019-innovation-et-livraison-durable-au-coeur-des-debats\/\"]}]},{\"@type\":\"ImageObject\",\"inLanguage\":\"fr-FR\",\"@id\":\"https:\/\/groupestarservice.com\/blog\/sitl-2019-innovation-et-livraison-durable-au-coeur-des-debats\/#primaryimage\",\"url\":\"https:\/\/www.groupestarservice.com\/blog\/wp-content\/uploads\/2019\/04\/x_Header-1140x700_S1.jpg\",\"contentUrl\":\"https:\/\/www.groupestarservice.com\/blog\/wp-content\/uploads\/2019\/04\/x_Header-1140x700_S1.jpg\",\"width\":1140,\"height\":700,\"caption\":\"semaine de l'innovation transport et logistique\"},{\"@type\":\"BreadcrumbList\",\"@id\":\"https:\/\/groupestarservice.com\/blog\/sitl-2019-innovation-et-livraison-durable-au-coeur-des-debats\/#breadcrumb\",\"itemListElement\":[{\"@type\":\"ListItem\",\"position\":1,\"name\":\"Accueil\",\"item\":\"https:\/\/www.groupestarservice.com\/blog\/\"},{\"@type\":\"ListItem\",\"position\":2,\"name\":\"SITL 2019 : Innovation et livraison durable au c\u0153ur des d\u00e9bats\"}]},{\"@type\":\"WebSite\",\"@id\":\"https:\/\/www.groupestarservice.com\/blog\/#website\",\"url\":\"https:\/\/www.groupestarservice.com\/blog\/\",\"name\":\"Star Service - Le rendez-vous du dernier km\",\"description\":\"\",\"potentialAction\":[{\"@type\":\"SearchAction\",\"target\":{\"@type\":\"EntryPoint\",\"urlTemplate\":\"https:\/\/www.groupestarservice.com\/blog\/?s={search_term_string}\"},\"query-input\":{\"@type\":\"PropertyValueSpecification\",\"valueRequired\":true,\"valueName\":\"search_term_string\"}}],\"inLanguage\":\"fr-FR\"},{\"@type\":\"Person\",\"@id\":\"https:\/\/www.groupestarservice.com\/blog\/#\/schema\/person\/2cd9c82e5121ab8f6aa61975d746e0d1\",\"name\":\"cyma\",\"image\":{\"@type\":\"ImageObject\",\"inLanguage\":\"fr-FR\",\"@id\":\"https:\/\/www.groupestarservice.com\/blog\/#\/schema\/person\/image\/\",\"url\":\"https:\/\/secure.gravatar.com\/avatar\/9b11ec004641ddc4ab2c2fcae2953aecd4f734fd8a0c354c98224ade6086999e?s=96&d=mm&r=g\",\"contentUrl\":\"https:\/\/secure.gravatar.com\/avatar\/9b11ec004641ddc4ab2c2fcae2953aecd4f734fd8a0c354c98224ade6086999e?s=96&d=mm&r=g\",\"caption\":\"cyma\"},\"url\":\"https:\/\/www.groupestarservice.com\/blog\/author\/claire\/\"}]}<\/script>\n<!-- \/ Yoast SEO plugin. -->","yoast_head_json":{"title":"SITL 2019 : Innovation et livraison durable au c\u0153ur des d\u00e9bats","description":"L'innovation et la livraison durable a \u00e9t\u00e9 au coeur de tout les d\u00e9bats durant le SITL 2019. Retour sur les derni\u00e8res tendances en logistique \u00e9voqu\u00e9es au SITL.","robots":{"index":"index","follow":"follow","max-snippet":"max-snippet:-1","max-image-preview":"max-image-preview:large","max-video-preview":"max-video-preview:-1"},"canonical":"https:\/\/groupestarservice.com\/blog\/sitl-2019-innovation-et-livraison-durable-au-coeur-des-debats\/","og_locale":"fr_FR","og_type":"article","og_title":"SITL 2019 : Innovation et livraison durable au c\u0153ur des d\u00e9bats","og_description":"L'innovation et la livraison durable a \u00e9t\u00e9 au coeur de tout les d\u00e9bats durant le SITL 2019. Retour sur les derni\u00e8res tendances en logistique \u00e9voqu\u00e9es au SITL.","og_url":"https:\/\/groupestarservice.com\/blog\/sitl-2019-innovation-et-livraison-durable-au-coeur-des-debats\/","og_site_name":"Star Service - Le rendez-vous du dernier km","article_published_time":"2019-04-09T15:43:40+00:00","article_modified_time":"2020-02-03T16:02:06+00:00","og_image":[{"width":1140,"height":700,"url":"https:\/\/groupestarservice.com\/blog\/wp-content\/uploads\/2019\/04\/x_Header-1140x700_S1.jpg","type":"image\/jpeg"}],"author":"cyma","twitter_card":"summary_large_image","twitter_creator":"@Starsservice","twitter_site":"@Starsservice","twitter_misc":{"\u00c9crit par":"cyma","Dur\u00e9e de lecture estim\u00e9e":"3 minutes"},"schema":{"@context":"https:\/\/schema.org","@graph":[{"@type":"Article","@id":"https:\/\/groupestarservice.com\/blog\/sitl-2019-innovation-et-livraison-durable-au-coeur-des-debats\/#article","isPartOf":{"@id":"https:\/\/groupestarservice.com\/blog\/sitl-2019-innovation-et-livraison-durable-au-coeur-des-debats\/"},"author":{"name":"cyma","@id":"https:\/\/www.groupestarservice.com\/blog\/#\/schema\/person\/2cd9c82e5121ab8f6aa61975d746e0d1"},"headline":"SITL 2019 : Innovation et livraison durable au c\u0153ur des d\u00e9bats","datePublished":"2019-04-09T15:43:40+00:00","dateModified":"2020-02-03T16:02:06+00:00","mainEntityOfPage":{"@id":"https:\/\/groupestarservice.com\/blog\/sitl-2019-innovation-et-livraison-durable-au-coeur-des-debats\/"},"wordCount":694,"commentCount":0,"image":{"@id":"https:\/\/groupestarservice.com\/blog\/sitl-2019-innovation-et-livraison-durable-au-coeur-des-debats\/#primaryimage"},"thumbnailUrl":"https:\/\/www.groupestarservice.com\/blog\/wp-content\/uploads\/2019\/04\/x_Header-1140x700_S1.jpg","articleSection":["Informations march\u00e9"],"inLanguage":"fr-FR"},{"@type":"WebPage","@id":"https:\/\/groupestarservice.com\/blog\/sitl-2019-innovation-et-livraison-durable-au-coeur-des-debats\/","url":"https:\/\/groupestarservice.com\/blog\/sitl-2019-innovation-et-livraison-durable-au-coeur-des-debats\/","name":"SITL 2019 : Innovation et livraison durable au c\u0153ur des d\u00e9bats","isPartOf":{"@id":"https:\/\/www.groupestarservice.com\/blog\/#website"},"primaryImageOfPage":{"@id":"https:\/\/groupestarservice.com\/blog\/sitl-2019-innovation-et-livraison-durable-au-coeur-des-debats\/#primaryimage"},"image":{"@id":"https:\/\/groupestarservice.com\/blog\/sitl-2019-innovation-et-livraison-durable-au-coeur-des-debats\/#primaryimage"},"thumbnailUrl":"https:\/\/www.groupestarservice.com\/blog\/wp-content\/uploads\/2019\/04\/x_Header-1140x700_S1.jpg","datePublished":"2019-04-09T15:43:40+00:00","dateModified":"2020-02-03T16:02:06+00:00","author":{"@id":"https:\/\/www.groupestarservice.com\/blog\/#\/schema\/person\/2cd9c82e5121ab8f6aa61975d746e0d1"},"description":"L'innovation et la livraison durable a \u00e9t\u00e9 au coeur de tout les d\u00e9bats durant le SITL 2019. Retour sur les derni\u00e8res tendances en logistique \u00e9voqu\u00e9es au SITL.","breadcrumb":{"@id":"https:\/\/groupestarservice.com\/blog\/sitl-2019-innovation-et-livraison-durable-au-coeur-des-debats\/#breadcrumb"},"inLanguage":"fr-FR","potentialAction":[{"@type":"ReadAction","target":["https:\/\/groupestarservice.com\/blog\/sitl-2019-innovation-et-livraison-durable-au-coeur-des-debats\/"]}]},{"@type":"ImageObject","inLanguage":"fr-FR","@id":"https:\/\/groupestarservice.com\/blog\/sitl-2019-innovation-et-livraison-durable-au-coeur-des-debats\/#primaryimage","url":"https:\/\/www.groupestarservice.com\/blog\/wp-content\/uploads\/2019\/04\/x_Header-1140x700_S1.jpg","contentUrl":"https:\/\/www.groupestarservice.com\/blog\/wp-content\/uploads\/2019\/04\/x_Header-1140x700_S1.jpg","width":1140,"height":700,"caption":"semaine de l'innovation transport et logistique"},{"@type":"BreadcrumbList","@id":"https:\/\/groupestarservice.com\/blog\/sitl-2019-innovation-et-livraison-durable-au-coeur-des-debats\/#breadcrumb","itemListElement":[{"@type":"ListItem","position":1,"name":"Accueil","item":"https:\/\/www.groupestarservice.com\/blog\/"},{"@type":"ListItem","position":2,"name":"SITL 2019 : Innovation et livraison durable au c\u0153ur des d\u00e9bats"}]},{"@type":"WebSite","@id":"https:\/\/www.groupestarservice.com\/blog\/#website","url":"https:\/\/www.groupestarservice.com\/blog\/","name":"Star Service - Le rendez-vous du dernier km","description":"","potentialAction":[{"@type":"SearchAction","target":{"@type":"EntryPoint","urlTemplate":"https:\/\/www.groupestarservice.com\/blog\/?s={search_term_string}"},"query-input":{"@type":"PropertyValueSpecification","valueRequired":true,"valueName":"search_term_string"}}],"inLanguage":"fr-FR"},{"@type":"Person","@id":"https:\/\/www.groupestarservice.com\/blog\/#\/schema\/person\/2cd9c82e5121ab8f6aa61975d746e0d1","name":"cyma","image":{"@type":"ImageObject","inLanguage":"fr-FR","@id":"https:\/\/www.groupestarservice.com\/blog\/#\/schema\/person\/image\/","url":"https:\/\/secure.gravatar.com\/avatar\/9b11ec004641ddc4ab2c2fcae2953aecd4f734fd8a0c354c98224ade6086999e?s=96&d=mm&r=g","contentUrl":"https:\/\/secure.gravatar.com\/avatar\/9b11ec004641ddc4ab2c2fcae2953aecd4f734fd8a0c354c98224ade6086999e?s=96&d=mm&r=g","caption":"cyma"},"url":"https:\/\/www.groupestarservice.com\/blog\/author\/claire\/"}]}},"_links":{"self":[{"href":"https:\/\/www.groupestarservice.com\/blog\/wp-json\/wp\/v2\/posts\/710","targetHints":{"allow":["GET"]}}],"collection":[{"href":"https:\/\/www.groupestarservice.com\/blog\/wp-json\/wp\/v2\/posts"}],"about":[{"href":"https:\/\/www.groupestarservice.com\/blog\/wp-json\/wp\/v2\/types\/post"}],"author":[{"embeddable":true,"href":"https:\/\/www.groupestarservice.com\/blog\/wp-json\/wp\/v2\/users\/2"}],"replies":[{"embeddable":true,"href":"https:\/\/www.groupestarservice.com\/blog\/wp-json\/wp\/v2\/comments?post=710"}],"version-history":[{"count":3,"href":"https:\/\/www.groupestarservice.com\/blog\/wp-json\/wp\/v2\/posts\/710\/revisions"}],"predecessor-version":[{"id":1708,"href":"https:\/\/www.groupestarservice.com\/blog\/wp-json\/wp\/v2\/posts\/710\/revisions\/1708"}],"wp:featuredmedia":[{"embeddable":true,"href":"https:\/\/www.groupestarservice.com\/blog\/wp-json\/wp\/v2\/media\/714"}],"wp:attachment":[{"href":"https:\/\/www.groupestarservice.com\/blog\/wp-json\/wp\/v2\/media?parent=710"}],"wp:term":[{"taxonomy":"category","embeddable":true,"href":"https:\/\/www.groupestarservice.com\/blog\/wp-json\/wp\/v2\/categories?post=710"},{"taxonomy":"post_tag","embeddable":true,"href":"https:\/\/www.groupestarservice.com\/blog\/wp-json\/wp\/v2\/tags?post=710"}],"curies":[{"name":"wp","href":"https:\/\/api.w.org\/{rel}","templated":true}]}}